{"id":9843,"date":"2020-09-28T11:24:48","date_gmt":"2020-09-28T09:24:48","guid":{"rendered":"https:\/\/www.krakow.szarytki.pl\/?p=9843"},"modified":"2020-09-28T13:25:28","modified_gmt":"2020-09-28T11:25:28","slug":"wizytacja-w-rymanowie","status":"publish","type":"post","link":"https:\/\/www.krakow.szarytki.pl\/?p=9843","title":{"rendered":"Wizytacja w Rymanowie"},"content":{"rendered":"","protected":false},"excerpt":{"rendered":"<p>20 wrze\u015bnia 2020r.w Rymanowie Zdroju prze\u017cywali\u015bmy wizytacj\u0119 kanoniczn\u0105 Ks. bpa Stanis\u0142awa Jamrozka, kt\u00f3ry udziela\u0142 m\u0142odzie\u017cy Sakramentu Bierzmowania. Po po\u0142udniu mia\u0142y\u015bmy zaszczyt go\u015bci\u0107 Ks. Biskupa w naszym domu&#8230;<\/p>\n","protected":false},"author":5,"featured_media":9847,"comment_status":"closed","ping_status":"closed","sticky":false,"template":"","format":"standard","meta":{"footnotes":""},"categories":[45],"tags":[],"class_list":["post-9843","post","type-post","status-publish","format-standard","has-post-thumbnail","hentry","category-rymanow-zdroj"],"_links":{"self":[{"href":"https:\/\/www.krakow.szarytki.pl\/index.php?rest_route=\/wp\/v2\/posts\/9843","targetHints":{"allow":["GET"]}}],"collection":[{"href":"https:\/\/www.krakow.szarytki.pl\/index.php?rest_route=\/wp\/v2\/posts"}],"about":[{"href":"https:\/\/www.krakow.szarytki.pl\/index.php?rest_route=\/wp\/v2\/types\/post"}],"author":[{"embeddable":true,"href":"https:\/\/www.krakow.szarytki.pl\/index.php?rest_route=\/wp\/v2\/users\/5"}],"replies":[{"embeddable":true,"href":"https:\/\/www.krakow.szarytki.pl\/index.php?rest_route=%2Fwp%2Fv2%2Fcomments&post=9843"}],"version-history":[{"count":0,"href":"https:\/\/www.krakow.szarytki.pl\/index.php?rest_route=\/wp\/v2\/posts\/9843\/revisions"}],"wp:featuredmedia":[{"embeddable":true,"href":"https:\/\/www.krakow.szarytki.pl\/index.php?rest_route=\/wp\/v2\/media\/9847"}],"wp:attachment":[{"href":"https:\/\/www.krakow.szarytki.pl\/index.php?rest_route=%2Fwp%2Fv2%2Fmedia&parent=9843"}],"wp:term":[{"taxonomy":"category","embeddable":true,"href":"https:\/\/www.krakow.szarytki.pl\/index.php?rest_route=%2Fwp%2Fv2%2Fcategories&post=9843"},{"taxonomy":"post_tag","embeddable":true,"href":"https:\/\/www.krakow.szarytki.pl\/index.php?rest_route=%2Fwp%2Fv2%2Ftags&post=9843"}],"curies":[{"name":"wp","href":"https:\/\/api.w.org\/{rel}","templated":true}]}}