{"id":9702,"date":"2020-09-05T20:37:25","date_gmt":"2020-09-05T18:37:25","guid":{"rendered":"https:\/\/www.krakow.szarytki.pl\/?p=9702"},"modified":"2020-09-05T20:45:42","modified_gmt":"2020-09-05T18:45:42","slug":"grupa-mobilna","status":"publish","type":"post","link":"https:\/\/www.krakow.szarytki.pl\/?p=9702","title":{"rendered":"Grupa mobilna"},"content":{"rendered":"","protected":false},"excerpt":{"rendered":"<p>Naszym postulatem by\u0142o stworzenie tzw. grupy mobilnej, kt\u00f3rej celem mia\u0142a by\u0107 pomoc w razie jakiego\u015b kataklizmu&#8230; Brzmia\u0142o to troch\u0119 nierealnie, ale czy\u017c nie okaza\u0142o si\u0119 prorocze?! <\/p>\n","protected":false},"author":5,"featured_media":9709,"comment_status":"closed","ping_status":"closed","sticky":false,"template":"","format":"standard","meta":{"footnotes":""},"categories":[38,9],"tags":[],"class_list":["post-9702","post","type-post","status-publish","format-standard","has-post-thumbnail","hentry","category-katy","category-wydarzenia"],"_links":{"self":[{"href":"https:\/\/www.krakow.szarytki.pl\/index.php?rest_route=\/wp\/v2\/posts\/9702","targetHints":{"allow":["GET"]}}],"collection":[{"href":"https:\/\/www.krakow.szarytki.pl\/index.php?rest_route=\/wp\/v2\/posts"}],"about":[{"href":"https:\/\/www.krakow.szarytki.pl\/index.php?rest_route=\/wp\/v2\/types\/post"}],"author":[{"embeddable":true,"href":"https:\/\/www.krakow.szarytki.pl\/index.php?rest_route=\/wp\/v2\/users\/5"}],"replies":[{"embeddable":true,"href":"https:\/\/www.krakow.szarytki.pl\/index.php?rest_route=%2Fwp%2Fv2%2Fcomments&post=9702"}],"version-history":[{"count":0,"href":"https:\/\/www.krakow.szarytki.pl\/index.php?rest_route=\/wp\/v2\/posts\/9702\/revisions"}],"wp:featuredmedia":[{"embeddable":true,"href":"https:\/\/www.krakow.szarytki.pl\/index.php?rest_route=\/wp\/v2\/media\/9709"}],"wp:attachment":[{"href":"https:\/\/www.krakow.szarytki.pl\/index.php?rest_route=%2Fwp%2Fv2%2Fmedia&parent=9702"}],"wp:term":[{"taxonomy":"category","embeddable":true,"href":"https:\/\/www.krakow.szarytki.pl\/index.php?rest_route=%2Fwp%2Fv2%2Fcategories&post=9702"},{"taxonomy":"post_tag","embeddable":true,"href":"https:\/\/www.krakow.szarytki.pl\/index.php?rest_route=%2Fwp%2Fv2%2Ftags&post=9702"}],"curies":[{"name":"wp","href":"https:\/\/api.w.org\/{rel}","templated":true}]}}