{"id":9423,"date":"2020-07-13T09:19:00","date_gmt":"2020-07-13T07:19:00","guid":{"rendered":"https:\/\/www.krakow.szarytki.pl\/?p=9423"},"modified":"2020-07-23T09:20:00","modified_gmt":"2020-07-23T07:20:00","slug":"za-kaplice-kosciol-parafialny","status":"publish","type":"post","link":"https:\/\/www.krakow.szarytki.pl\/?p=9423","title":{"rendered":"Za kaplic\u0119 &#8211; ko\u015bci\u00f3\u0142 parafialny"},"content":{"rendered":"","protected":false},"excerpt":{"rendered":"<p>\u017byjemy rytmem parafii przez ca\u0142y rok, uczestniczymy w jej \u017cyciu jako wsp\u00f3lnota i spe\u0142niaj\u0105c nasz\u0105 pos\u0142ug\u0119: w ko\u015bcielnej zakrystii, za organami, w katechezie, w pracy ze szkolnym wolontariatem, z grup\u0105 WMM, z ch\u00f3rem&#8230;<\/p>\n","protected":false},"author":5,"featured_media":9435,"comment_status":"closed","ping_status":"closed","sticky":false,"template":"","format":"standard","meta":{"footnotes":""},"categories":[32],"tags":[],"class_list":["post-9423","post","type-post","status-publish","format-standard","has-post-thumbnail","hentry","category-ochotnica-dln"],"_links":{"self":[{"href":"https:\/\/www.krakow.szarytki.pl\/index.php?rest_route=\/wp\/v2\/posts\/9423","targetHints":{"allow":["GET"]}}],"collection":[{"href":"https:\/\/www.krakow.szarytki.pl\/index.php?rest_route=\/wp\/v2\/posts"}],"about":[{"href":"https:\/\/www.krakow.szarytki.pl\/index.php?rest_route=\/wp\/v2\/types\/post"}],"author":[{"embeddable":true,"href":"https:\/\/www.krakow.szarytki.pl\/index.php?rest_route=\/wp\/v2\/users\/5"}],"replies":[{"embeddable":true,"href":"https:\/\/www.krakow.szarytki.pl\/index.php?rest_route=%2Fwp%2Fv2%2Fcomments&post=9423"}],"version-history":[{"count":0,"href":"https:\/\/www.krakow.szarytki.pl\/index.php?rest_route=\/wp\/v2\/posts\/9423\/revisions"}],"wp:featuredmedia":[{"embeddable":true,"href":"https:\/\/www.krakow.szarytki.pl\/index.php?rest_route=\/wp\/v2\/media\/9435"}],"wp:attachment":[{"href":"https:\/\/www.krakow.szarytki.pl\/index.php?rest_route=%2Fwp%2Fv2%2Fmedia&parent=9423"}],"wp:term":[{"taxonomy":"category","embeddable":true,"href":"https:\/\/www.krakow.szarytki.pl\/index.php?rest_route=%2Fwp%2Fv2%2Fcategories&post=9423"},{"taxonomy":"post_tag","embeddable":true,"href":"https:\/\/www.krakow.szarytki.pl\/index.php?rest_route=%2Fwp%2Fv2%2Ftags&post=9423"}],"curies":[{"name":"wp","href":"https:\/\/api.w.org\/{rel}","templated":true}]}}