{"id":9325,"date":"2020-07-11T22:50:27","date_gmt":"2020-07-11T20:50:27","guid":{"rendered":"https:\/\/www.krakow.szarytki.pl\/?p=9325"},"modified":"2020-08-10T16:18:08","modified_gmt":"2020-08-10T14:18:08","slug":"zakonczenie-konwentu","status":"publish","type":"post","link":"https:\/\/www.krakow.szarytki.pl\/?p=9325","title":{"rendered":"Zako\u0144czenie Konwentu"},"content":{"rendered":"","protected":false},"excerpt":{"rendered":"<p>Ko\u0144czymy nasz Konwent w pi\u0119kny dzie\u0144 sobotni, po\u015bwi\u0119cony Matce Bo\u017cej od Cudownego Medalika. Maryja towarzyszy\u0142a nam w czasie tych dni swoj\u0105 dyskretn\u0105  i pokorn\u0105 obecno\u015bci\u0105\u2026<\/p>\n","protected":false},"author":5,"featured_media":9403,"comment_status":"closed","ping_status":"closed","sticky":false,"template":"","format":"standard","meta":{"footnotes":""},"categories":[53],"tags":[],"class_list":["post-9325","post","type-post","status-publish","format-standard","has-post-thumbnail","hentry","category-konwent"],"_links":{"self":[{"href":"https:\/\/www.krakow.szarytki.pl\/index.php?rest_route=\/wp\/v2\/posts\/9325","targetHints":{"allow":["GET"]}}],"collection":[{"href":"https:\/\/www.krakow.szarytki.pl\/index.php?rest_route=\/wp\/v2\/posts"}],"about":[{"href":"https:\/\/www.krakow.szarytki.pl\/index.php?rest_route=\/wp\/v2\/types\/post"}],"author":[{"embeddable":true,"href":"https:\/\/www.krakow.szarytki.pl\/index.php?rest_route=\/wp\/v2\/users\/5"}],"replies":[{"embeddable":true,"href":"https:\/\/www.krakow.szarytki.pl\/index.php?rest_route=%2Fwp%2Fv2%2Fcomments&post=9325"}],"version-history":[{"count":0,"href":"https:\/\/www.krakow.szarytki.pl\/index.php?rest_route=\/wp\/v2\/posts\/9325\/revisions"}],"wp:featuredmedia":[{"embeddable":true,"href":"https:\/\/www.krakow.szarytki.pl\/index.php?rest_route=\/wp\/v2\/media\/9403"}],"wp:attachment":[{"href":"https:\/\/www.krakow.szarytki.pl\/index.php?rest_route=%2Fwp%2Fv2%2Fmedia&parent=9325"}],"wp:term":[{"taxonomy":"category","embeddable":true,"href":"https:\/\/www.krakow.szarytki.pl\/index.php?rest_route=%2Fwp%2Fv2%2Fcategories&post=9325"},{"taxonomy":"post_tag","embeddable":true,"href":"https:\/\/www.krakow.szarytki.pl\/index.php?rest_route=%2Fwp%2Fv2%2Ftags&post=9325"}],"curies":[{"name":"wp","href":"https:\/\/api.w.org\/{rel}","templated":true}]}}