{"id":9187,"date":"2020-07-08T22:46:39","date_gmt":"2020-07-08T20:46:39","guid":{"rendered":"https:\/\/www.krakow.szarytki.pl\/?p=9187"},"modified":"2020-09-05T10:46:02","modified_gmt":"2020-09-05T08:46:02","slug":"2-dzien-konwentu","status":"publish","type":"post","link":"https:\/\/www.krakow.szarytki.pl\/?p=9187","title":{"rendered":"2 Dzie\u0144 Konwentu"},"content":{"rendered":"","protected":false},"excerpt":{"rendered":"<p>Refleksji konwentowej patronowa\u0142 \u015bw. Jan Pawe\u0142 II. O. Dyrektor przypomnia\u0142 wezwania tego Wielkiego Rodaka, by prowadzi\u0107 innych do Jezusa, gdy\u017c cz\u0142owiek &#8222;nie mo\u017ce siebie sam do ko\u0144ca zrozumie\u0107 bez Chrystusa&#8230;&#8221;<\/p>\n","protected":false},"author":5,"featured_media":9416,"comment_status":"closed","ping_status":"closed","sticky":false,"template":"","format":"standard","meta":{"footnotes":""},"categories":[53],"tags":[],"class_list":["post-9187","post","type-post","status-publish","format-standard","has-post-thumbnail","hentry","category-konwent"],"_links":{"self":[{"href":"https:\/\/www.krakow.szarytki.pl\/index.php?rest_route=\/wp\/v2\/posts\/9187","targetHints":{"allow":["GET"]}}],"collection":[{"href":"https:\/\/www.krakow.szarytki.pl\/index.php?rest_route=\/wp\/v2\/posts"}],"about":[{"href":"https:\/\/www.krakow.szarytki.pl\/index.php?rest_route=\/wp\/v2\/types\/post"}],"author":[{"embeddable":true,"href":"https:\/\/www.krakow.szarytki.pl\/index.php?rest_route=\/wp\/v2\/users\/5"}],"replies":[{"embeddable":true,"href":"https:\/\/www.krakow.szarytki.pl\/index.php?rest_route=%2Fwp%2Fv2%2Fcomments&post=9187"}],"version-history":[{"count":0,"href":"https:\/\/www.krakow.szarytki.pl\/index.php?rest_route=\/wp\/v2\/posts\/9187\/revisions"}],"wp:featuredmedia":[{"embeddable":true,"href":"https:\/\/www.krakow.szarytki.pl\/index.php?rest_route=\/wp\/v2\/media\/9416"}],"wp:attachment":[{"href":"https:\/\/www.krakow.szarytki.pl\/index.php?rest_route=%2Fwp%2Fv2%2Fmedia&parent=9187"}],"wp:term":[{"taxonomy":"category","embeddable":true,"href":"https:\/\/www.krakow.szarytki.pl\/index.php?rest_route=%2Fwp%2Fv2%2Fcategories&post=9187"},{"taxonomy":"post_tag","embeddable":true,"href":"https:\/\/www.krakow.szarytki.pl\/index.php?rest_route=%2Fwp%2Fv2%2Ftags&post=9187"}],"curies":[{"name":"wp","href":"https:\/\/api.w.org\/{rel}","templated":true}]}}