{"id":8425,"date":"2020-04-23T15:38:33","date_gmt":"2020-04-23T13:38:33","guid":{"rendered":"http:\/\/www.krakow.szarytki.pl\/?p=8425"},"modified":"2020-06-05T19:15:09","modified_gmt":"2020-06-05T17:15:09","slug":"bystra-przedstawia","status":"publish","type":"post","link":"https:\/\/www.krakow.szarytki.pl\/?p=8425","title":{"rendered":"Bystra przedstawia&#8230;"},"content":{"rendered":"","protected":false},"excerpt":{"rendered":"<p>Trzy szarytki pos\u0142uguj\u0105 w bystrza\u0144skiej parafii dbaj\u0105c o ko\u015bci\u00f3\u0142, odwiedzaj\u0105c ubogich i chorych, pracuj\u0105c z dzie\u0107mi i m\u0142odzie\u017c\u0105&#8230;<\/p>\n","protected":false},"author":5,"featured_media":8431,"comment_status":"closed","ping_status":"closed","sticky":false,"template":"","format":"standard","meta":{"footnotes":""},"categories":[36],"tags":[],"class_list":["post-8425","post","type-post","status-publish","format-standard","has-post-thumbnail","hentry","category-bystra"],"_links":{"self":[{"href":"https:\/\/www.krakow.szarytki.pl\/index.php?rest_route=\/wp\/v2\/posts\/8425","targetHints":{"allow":["GET"]}}],"collection":[{"href":"https:\/\/www.krakow.szarytki.pl\/index.php?rest_route=\/wp\/v2\/posts"}],"about":[{"href":"https:\/\/www.krakow.szarytki.pl\/index.php?rest_route=\/wp\/v2\/types\/post"}],"author":[{"embeddable":true,"href":"https:\/\/www.krakow.szarytki.pl\/index.php?rest_route=\/wp\/v2\/users\/5"}],"replies":[{"embeddable":true,"href":"https:\/\/www.krakow.szarytki.pl\/index.php?rest_route=%2Fwp%2Fv2%2Fcomments&post=8425"}],"version-history":[{"count":0,"href":"https:\/\/www.krakow.szarytki.pl\/index.php?rest_route=\/wp\/v2\/posts\/8425\/revisions"}],"wp:featuredmedia":[{"embeddable":true,"href":"https:\/\/www.krakow.szarytki.pl\/index.php?rest_route=\/wp\/v2\/media\/8431"}],"wp:attachment":[{"href":"https:\/\/www.krakow.szarytki.pl\/index.php?rest_route=%2Fwp%2Fv2%2Fmedia&parent=8425"}],"wp:term":[{"taxonomy":"category","embeddable":true,"href":"https:\/\/www.krakow.szarytki.pl\/index.php?rest_route=%2Fwp%2Fv2%2Fcategories&post=8425"},{"taxonomy":"post_tag","embeddable":true,"href":"https:\/\/www.krakow.szarytki.pl\/index.php?rest_route=%2Fwp%2Fv2%2Ftags&post=8425"}],"curies":[{"name":"wp","href":"https:\/\/api.w.org\/{rel}","templated":true}]}}