{"id":8089,"date":"2020-03-28T14:43:00","date_gmt":"2020-03-28T13:43:00","guid":{"rendered":"http:\/\/www.szarytki.pl\/Test\/?p=8089"},"modified":"2020-04-10T15:50:12","modified_gmt":"2020-04-10T13:50:12","slug":"sluby-a-epidemia","status":"publish","type":"post","link":"https:\/\/www.krakow.szarytki.pl\/?p=8089","title":{"rendered":"\u015aluby a epidemia"},"content":{"rendered":"","protected":false},"excerpt":{"rendered":"<p>Renowacja \u015blub\u00f3w w Zakopanem ze \u015bniegiem i koronawirusem w tle. <\/p>\n<p>Na dwa dni przed renowacj\u0105 \u015blub\u00f3w \u015bwi\u0119tych, mimo wcze\u015bniejszej pi\u0119knej i s\u0142onecznej pogody, nagle w nocy spad\u0142o 50 cm \u015bniegu.<\/p>\n","protected":false},"author":5,"featured_media":8076,"comment_status":"closed","ping_status":"closed","sticky":false,"template":"","format":"standard","meta":{"footnotes":""},"categories":[12],"tags":[],"class_list":["post-8089","post","type-post","status-publish","format-standard","has-post-thumbnail","hentry","category-zakopane"],"_links":{"self":[{"href":"https:\/\/www.krakow.szarytki.pl\/index.php?rest_route=\/wp\/v2\/posts\/8089","targetHints":{"allow":["GET"]}}],"collection":[{"href":"https:\/\/www.krakow.szarytki.pl\/index.php?rest_route=\/wp\/v2\/posts"}],"about":[{"href":"https:\/\/www.krakow.szarytki.pl\/index.php?rest_route=\/wp\/v2\/types\/post"}],"author":[{"embeddable":true,"href":"https:\/\/www.krakow.szarytki.pl\/index.php?rest_route=\/wp\/v2\/users\/5"}],"replies":[{"embeddable":true,"href":"https:\/\/www.krakow.szarytki.pl\/index.php?rest_route=%2Fwp%2Fv2%2Fcomments&post=8089"}],"version-history":[{"count":0,"href":"https:\/\/www.krakow.szarytki.pl\/index.php?rest_route=\/wp\/v2\/posts\/8089\/revisions"}],"wp:featuredmedia":[{"embeddable":true,"href":"https:\/\/www.krakow.szarytki.pl\/index.php?rest_route=\/wp\/v2\/media\/8076"}],"wp:attachment":[{"href":"https:\/\/www.krakow.szarytki.pl\/index.php?rest_route=%2Fwp%2Fv2%2Fmedia&parent=8089"}],"wp:term":[{"taxonomy":"category","embeddable":true,"href":"https:\/\/www.krakow.szarytki.pl\/index.php?rest_route=%2Fwp%2Fv2%2Fcategories&post=8089"},{"taxonomy":"post_tag","embeddable":true,"href":"https:\/\/www.krakow.szarytki.pl\/index.php?rest_route=%2Fwp%2Fv2%2Ftags&post=8089"}],"curies":[{"name":"wp","href":"https:\/\/api.w.org\/{rel}","templated":true}]}}