{"id":7475,"date":"2020-01-13T20:57:00","date_gmt":"2020-01-13T19:57:00","guid":{"rendered":"http:\/\/www.krakow.szarytki.pl\/?p=7475"},"modified":"2020-04-15T19:42:50","modified_gmt":"2020-04-15T17:42:50","slug":"urodzinowy-tort","status":"publish","type":"post","link":"https:\/\/www.krakow.szarytki.pl\/?p=7475","title":{"rendered":"Urodzinowy tort"},"content":{"rendered":"","protected":false},"excerpt":{"rendered":"<p>Chcemy opowiedzie\u0107 o \u201eMa\u0142ej<br \/>\n\u2013Wielkiej\u201d rado\u015bci jak\u0105 uda\u0142o nam si\u0119 sprawi\u0107 na pocz\u0105tku<br \/>\ntego roku.<br \/>\nW\u0142a\u015bnie wtedy Pani J\u00f3zefa rozpocz\u0119\u0142a sw\u00f3j 96 rok \u017cycia&#8230; <\/p>\n","protected":false},"author":5,"featured_media":8037,"comment_status":"closed","ping_status":"closed","sticky":false,"template":"","format":"standard","meta":{"footnotes":""},"categories":[38],"tags":[],"class_list":["post-7475","post","type-post","status-publish","format-standard","has-post-thumbnail","hentry","category-katy"],"_links":{"self":[{"href":"https:\/\/www.krakow.szarytki.pl\/index.php?rest_route=\/wp\/v2\/posts\/7475","targetHints":{"allow":["GET"]}}],"collection":[{"href":"https:\/\/www.krakow.szarytki.pl\/index.php?rest_route=\/wp\/v2\/posts"}],"about":[{"href":"https:\/\/www.krakow.szarytki.pl\/index.php?rest_route=\/wp\/v2\/types\/post"}],"author":[{"embeddable":true,"href":"https:\/\/www.krakow.szarytki.pl\/index.php?rest_route=\/wp\/v2\/users\/5"}],"replies":[{"embeddable":true,"href":"https:\/\/www.krakow.szarytki.pl\/index.php?rest_route=%2Fwp%2Fv2%2Fcomments&post=7475"}],"version-history":[{"count":0,"href":"https:\/\/www.krakow.szarytki.pl\/index.php?rest_route=\/wp\/v2\/posts\/7475\/revisions"}],"wp:featuredmedia":[{"embeddable":true,"href":"https:\/\/www.krakow.szarytki.pl\/index.php?rest_route=\/wp\/v2\/media\/8037"}],"wp:attachment":[{"href":"https:\/\/www.krakow.szarytki.pl\/index.php?rest_route=%2Fwp%2Fv2%2Fmedia&parent=7475"}],"wp:term":[{"taxonomy":"category","embeddable":true,"href":"https:\/\/www.krakow.szarytki.pl\/index.php?rest_route=%2Fwp%2Fv2%2Fcategories&post=7475"},{"taxonomy":"post_tag","embeddable":true,"href":"https:\/\/www.krakow.szarytki.pl\/index.php?rest_route=%2Fwp%2Fv2%2Ftags&post=7475"}],"curies":[{"name":"wp","href":"https:\/\/api.w.org\/{rel}","templated":true}]}}