{"id":7463,"date":"2020-01-08T15:51:00","date_gmt":"2020-01-08T14:51:00","guid":{"rendered":"http:\/\/www.krakow.szarytki.pl\/?p=7463"},"modified":"2020-04-15T21:12:43","modified_gmt":"2020-04-15T19:12:43","slug":"jubilate-deo-2","status":"publish","type":"post","link":"https:\/\/www.krakow.szarytki.pl\/?p=7463","title":{"rendered":"Jubilate Deo!"},"content":{"rendered":"","protected":false},"excerpt":{"rendered":"<p>W niedziel\u0119 Chrystusa Kr\u00f3la 24 listopada 2019  r. w Storo\u017cy\u0144cu mia\u0142a miejsce niezwyk\u0142a uroczysto\u015b\u0107. Ot\u00f3\u017c siostry mi\u0142osierdzia prze\u017cywa\u0142y sw\u00f3j srebrny jubileusz pobytu i s\u0142u\u017cby ubogim na Bukowinie.<\/p>\n","protected":false},"author":5,"featured_media":8040,"comment_status":"closed","ping_status":"closed","sticky":false,"template":"","format":"standard","meta":{"footnotes":""},"categories":[50],"tags":[],"class_list":["post-7463","post","type-post","status-publish","format-standard","has-post-thumbnail","hentry","category-storozyniec"],"_links":{"self":[{"href":"https:\/\/www.krakow.szarytki.pl\/index.php?rest_route=\/wp\/v2\/posts\/7463","targetHints":{"allow":["GET"]}}],"collection":[{"href":"https:\/\/www.krakow.szarytki.pl\/index.php?rest_route=\/wp\/v2\/posts"}],"about":[{"href":"https:\/\/www.krakow.szarytki.pl\/index.php?rest_route=\/wp\/v2\/types\/post"}],"author":[{"embeddable":true,"href":"https:\/\/www.krakow.szarytki.pl\/index.php?rest_route=\/wp\/v2\/users\/5"}],"replies":[{"embeddable":true,"href":"https:\/\/www.krakow.szarytki.pl\/index.php?rest_route=%2Fwp%2Fv2%2Fcomments&post=7463"}],"version-history":[{"count":0,"href":"https:\/\/www.krakow.szarytki.pl\/index.php?rest_route=\/wp\/v2\/posts\/7463\/revisions"}],"wp:featuredmedia":[{"embeddable":true,"href":"https:\/\/www.krakow.szarytki.pl\/index.php?rest_route=\/wp\/v2\/media\/8040"}],"wp:attachment":[{"href":"https:\/\/www.krakow.szarytki.pl\/index.php?rest_route=%2Fwp%2Fv2%2Fmedia&parent=7463"}],"wp:term":[{"taxonomy":"category","embeddable":true,"href":"https:\/\/www.krakow.szarytki.pl\/index.php?rest_route=%2Fwp%2Fv2%2Fcategories&post=7463"},{"taxonomy":"post_tag","embeddable":true,"href":"https:\/\/www.krakow.szarytki.pl\/index.php?rest_route=%2Fwp%2Fv2%2Ftags&post=7463"}],"curies":[{"name":"wp","href":"https:\/\/api.w.org\/{rel}","templated":true}]}}