{"id":7342,"date":"2019-12-30T15:59:54","date_gmt":"2019-12-30T14:59:54","guid":{"rendered":"http:\/\/www.krakow.szarytki.pl\/?p=7342"},"modified":"2020-04-23T16:11:18","modified_gmt":"2020-04-23T14:11:18","slug":"gorzow-swiatecznie","status":"publish","type":"post","link":"https:\/\/www.krakow.szarytki.pl\/?p=7342","title":{"rendered":"Gorz\u00f3w \u015bwi\u0105tecznie"},"content":{"rendered":"\n<p>Wigilia dla Ubogich w Centrum \u015bw. Katarzyny. W tym roku na wigili\u0119 przysz\u0142y 53 osoby. Modlitwie przewodniczy\u0142<!--more--> ks. Proboszcz. Wsp\u00f3lnie \u0142amali\u015bmy si\u0119 op\u0142atkiem i \u015bpiewali\u015bmy kol\u0119dy.<\/p>\n\n\n\n<figure class=\"wp-block-gallery columns-3 is-cropped wp-block-gallery-1 is-layout-flex wp-block-gallery-is-layout-flex\"><ul class=\"blocks-gallery-grid\"><li class=\"blocks-gallery-item\"><figure><a href=\"https:\/\/www.krakow.szarytki.pl\/wp-content\/uploads\/2020\/04\/7.jpg\"><img loading=\"lazy\" decoding=\"async\" width=\"870\" height=\"652\" src=\"https:\/\/www.krakow.szarytki.pl\/wp-content\/uploads\/2020\/04\/7.jpg\" alt=\"\" data-id=\"8471\" data-link=\"https:\/\/www.krakow.szarytki.pl\/?attachment_id=8471\" class=\"wp-image-8471\" srcset=\"https:\/\/www.krakow.szarytki.pl\/wp-content\/uploads\/2020\/04\/7.jpg 870w, https:\/\/www.krakow.szarytki.pl\/wp-content\/uploads\/2020\/04\/7-550x412.jpg 550w, https:\/\/www.krakow.szarytki.pl\/wp-content\/uploads\/2020\/04\/7-768x576.jpg 768w, https:\/\/www.krakow.szarytki.pl\/wp-content\/uploads\/2020\/04\/7-100x75.jpg 100w, https:\/\/www.krakow.szarytki.pl\/wp-content\/uploads\/2020\/04\/7-700x525.jpg 700w\" sizes=\"auto, (max-width:767px) 700px, (max-width:870px) 100vw, 870px\" \/><\/a><\/figure><\/li><li class=\"blocks-gallery-item\"><figure><a href=\"https:\/\/www.krakow.szarytki.pl\/wp-content\/uploads\/2020\/04\/6.jpg\"><img loading=\"lazy\" decoding=\"async\" width=\"870\" height=\"652\" src=\"https:\/\/www.krakow.szarytki.pl\/wp-content\/uploads\/2020\/04\/6.jpg\" alt=\"\" data-id=\"8470\" data-link=\"https:\/\/www.krakow.szarytki.pl\/?attachment_id=8470\" class=\"wp-image-8470\" srcset=\"https:\/\/www.krakow.szarytki.pl\/wp-content\/uploads\/2020\/04\/6.jpg 870w, https:\/\/www.krakow.szarytki.pl\/wp-content\/uploads\/2020\/04\/6-550x412.jpg 550w, https:\/\/www.krakow.szarytki.pl\/wp-content\/uploads\/2020\/04\/6-768x576.jpg 768w, https:\/\/www.krakow.szarytki.pl\/wp-content\/uploads\/2020\/04\/6-100x75.jpg 100w, https:\/\/www.krakow.szarytki.pl\/wp-content\/uploads\/2020\/04\/6-700x525.jpg 700w\" sizes=\"auto, (max-width:767px) 700px, (max-width:870px) 100vw, 870px\" \/><\/a><\/figure><\/li><li class=\"blocks-gallery-item\"><figure><a href=\"https:\/\/www.krakow.szarytki.pl\/wp-content\/uploads\/2020\/04\/5.jpg\"><img loading=\"lazy\" decoding=\"async\" width=\"870\" height=\"652\" src=\"https:\/\/www.krakow.szarytki.pl\/wp-content\/uploads\/2020\/04\/5.jpg\" alt=\"\" data-id=\"8469\" data-link=\"https:\/\/www.krakow.szarytki.pl\/?attachment_id=8469\" class=\"wp-image-8469\" srcset=\"https:\/\/www.krakow.szarytki.pl\/wp-content\/uploads\/2020\/04\/5.jpg 870w, https:\/\/www.krakow.szarytki.pl\/wp-content\/uploads\/2020\/04\/5-550x412.jpg 550w, https:\/\/www.krakow.szarytki.pl\/wp-content\/uploads\/2020\/04\/5-768x576.jpg 768w, https:\/\/www.krakow.szarytki.pl\/wp-content\/uploads\/2020\/04\/5-100x75.jpg 100w, https:\/\/www.krakow.szarytki.pl\/wp-content\/uploads\/2020\/04\/5-700x525.jpg 700w\" sizes=\"auto, (max-width:767px) 700px, (max-width:870px) 100vw, 870px\" \/><\/a><\/figure><\/li><li class=\"blocks-gallery-item\"><figure><a href=\"https:\/\/www.krakow.szarytki.pl\/wp-content\/uploads\/2020\/04\/4.jpg\"><img loading=\"lazy\" decoding=\"async\" width=\"870\" height=\"652\" src=\"https:\/\/www.krakow.szarytki.pl\/wp-content\/uploads\/2020\/04\/4.jpg\" alt=\"\" data-id=\"8468\" data-link=\"https:\/\/www.krakow.szarytki.pl\/?attachment_id=8468\" class=\"wp-image-8468\" srcset=\"https:\/\/www.krakow.szarytki.pl\/wp-content\/uploads\/2020\/04\/4.jpg 870w, https:\/\/www.krakow.szarytki.pl\/wp-content\/uploads\/2020\/04\/4-550x412.jpg 550w, https:\/\/www.krakow.szarytki.pl\/wp-content\/uploads\/2020\/04\/4-768x576.jpg 768w, https:\/\/www.krakow.szarytki.pl\/wp-content\/uploads\/2020\/04\/4-100x75.jpg 100w, https:\/\/www.krakow.szarytki.pl\/wp-content\/uploads\/2020\/04\/4-700x525.jpg 700w\" sizes=\"auto, (max-width:767px) 700px, (max-width:870px) 100vw, 870px\" \/><\/a><\/figure><\/li><li class=\"blocks-gallery-item\"><figure><a href=\"https:\/\/www.krakow.szarytki.pl\/wp-content\/uploads\/2020\/04\/2.jpg\"><img loading=\"lazy\" decoding=\"async\" width=\"870\" height=\"652\" src=\"https:\/\/www.krakow.szarytki.pl\/wp-content\/uploads\/2020\/04\/2.jpg\" alt=\"\" data-id=\"8467\" data-link=\"https:\/\/www.krakow.szarytki.pl\/?attachment_id=8467\" class=\"wp-image-8467\" srcset=\"https:\/\/www.krakow.szarytki.pl\/wp-content\/uploads\/2020\/04\/2.jpg 870w, https:\/\/www.krakow.szarytki.pl\/wp-content\/uploads\/2020\/04\/2-550x412.jpg 550w, https:\/\/www.krakow.szarytki.pl\/wp-content\/uploads\/2020\/04\/2-768x576.jpg 768w, https:\/\/www.krakow.szarytki.pl\/wp-content\/uploads\/2020\/04\/2-100x75.jpg 100w, https:\/\/www.krakow.szarytki.pl\/wp-content\/uploads\/2020\/04\/2-700x525.jpg 700w\" sizes=\"auto, (max-width:767px) 700px, (max-width:870px) 100vw, 870px\" \/><\/a><\/figure><\/li><li class=\"blocks-gallery-item\"><figure><a href=\"https:\/\/www.krakow.szarytki.pl\/wp-content\/uploads\/2020\/04\/1.jpg\"><img loading=\"lazy\" decoding=\"async\" width=\"870\" height=\"652\" src=\"https:\/\/www.krakow.szarytki.pl\/wp-content\/uploads\/2020\/04\/1.jpg\" alt=\"\" data-id=\"8466\" data-link=\"https:\/\/www.krakow.szarytki.pl\/?attachment_id=8466\" class=\"wp-image-8466\" srcset=\"https:\/\/www.krakow.szarytki.pl\/wp-content\/uploads\/2020\/04\/1.jpg 870w, https:\/\/www.krakow.szarytki.pl\/wp-content\/uploads\/2020\/04\/1-550x412.jpg 550w, https:\/\/www.krakow.szarytki.pl\/wp-content\/uploads\/2020\/04\/1-768x576.jpg 768w, https:\/\/www.krakow.szarytki.pl\/wp-content\/uploads\/2020\/04\/1-100x75.jpg 100w, https:\/\/www.krakow.szarytki.pl\/wp-content\/uploads\/2020\/04\/1-700x525.jpg 700w\" sizes=\"auto, (max-width:767px) 700px, (max-width:870px) 100vw, 870px\" \/><\/a><\/figure><\/li><\/ul><\/figure>\n\n\n\n<hr class=\"wp-block-separator\"\/>\n\n\n\n<p>Jase\u0142ka w wykonaniu uczni\u00f3w z klasy 2 oraz wsp\u00f3lne kol\u0119dowanie w Szkole Podstawowej nr 2 z Oddzia\u0142ami Sportowymi im. Szarych Szereg\u00f3w, gdzie katechizuje s. Agnieszka.<\/p>\n\n\n\n<figure class=\"wp-block-gallery columns-3 is-cropped wp-block-gallery-2 is-layout-flex wp-block-gallery-is-layout-flex\"><ul class=\"blocks-gallery-grid\"><li class=\"blocks-gallery-item\"><figure><a href=\"https:\/\/www.krakow.szarytki.pl\/wp-content\/uploads\/2020\/04\/8.jpg\"><img loading=\"lazy\" decoding=\"async\" width=\"652\" height=\"870\" src=\"https:\/\/www.krakow.szarytki.pl\/wp-content\/uploads\/2020\/04\/8.jpg\" alt=\"\" data-id=\"8474\" data-full-url=\"https:\/\/www.krakow.szarytki.pl\/wp-content\/uploads\/2020\/04\/8.jpg\" data-link=\"https:\/\/www.krakow.szarytki.pl\/?attachment_id=8474\" class=\"wp-image-8474\" srcset=\"https:\/\/www.krakow.szarytki.pl\/wp-content\/uploads\/2020\/04\/8.jpg 652w, https:\/\/www.krakow.szarytki.pl\/wp-content\/uploads\/2020\/04\/8-412x550.jpg 412w, https:\/\/www.krakow.szarytki.pl\/wp-content\/uploads\/2020\/04\/8-56x75.jpg 56w\" sizes=\"auto, (max-width:767px) 652px, 652px\" \/><\/a><\/figure><\/li><li class=\"blocks-gallery-item\"><figure><a href=\"https:\/\/www.krakow.szarytki.pl\/wp-content\/uploads\/2020\/04\/9.jpg\"><img loading=\"lazy\" decoding=\"async\" width=\"652\" height=\"870\" src=\"https:\/\/www.krakow.szarytki.pl\/wp-content\/uploads\/2020\/04\/9.jpg\" alt=\"\" data-id=\"8475\" data-full-url=\"https:\/\/www.krakow.szarytki.pl\/wp-content\/uploads\/2020\/04\/9.jpg\" data-link=\"https:\/\/www.krakow.szarytki.pl\/?attachment_id=8475\" class=\"wp-image-8475\" srcset=\"https:\/\/www.krakow.szarytki.pl\/wp-content\/uploads\/2020\/04\/9.jpg 652w, https:\/\/www.krakow.szarytki.pl\/wp-content\/uploads\/2020\/04\/9-412x550.jpg 412w, https:\/\/www.krakow.szarytki.pl\/wp-content\/uploads\/2020\/04\/9-56x75.jpg 56w\" sizes=\"auto, (max-width:767px) 652px, 652px\" \/><\/a><\/figure><\/li><li class=\"blocks-gallery-item\"><figure><a href=\"https:\/\/www.krakow.szarytki.pl\/wp-content\/uploads\/2020\/04\/10.jpg\"><img loading=\"lazy\" decoding=\"async\" width=\"652\" height=\"870\" src=\"https:\/\/www.krakow.szarytki.pl\/wp-content\/uploads\/2020\/04\/10.jpg\" alt=\"\" data-id=\"8476\" data-full-url=\"https:\/\/www.krakow.szarytki.pl\/wp-content\/uploads\/2020\/04\/10.jpg\" data-link=\"https:\/\/www.krakow.szarytki.pl\/?attachment_id=8476\" class=\"wp-image-8476\" srcset=\"https:\/\/www.krakow.szarytki.pl\/wp-content\/uploads\/2020\/04\/10.jpg 652w, https:\/\/www.krakow.szarytki.pl\/wp-content\/uploads\/2020\/04\/10-412x550.jpg 412w, https:\/\/www.krakow.szarytki.pl\/wp-content\/uploads\/2020\/04\/10-56x75.jpg 56w\" sizes=\"auto, (max-width:767px) 652px, 652px\" \/><\/a><\/figure><\/li><li class=\"blocks-gallery-item\"><figure><a href=\"https:\/\/www.krakow.szarytki.pl\/wp-content\/uploads\/2020\/04\/11.jpg\"><img loading=\"lazy\" decoding=\"async\" width=\"870\" height=\"652\" src=\"https:\/\/www.krakow.szarytki.pl\/wp-content\/uploads\/2020\/04\/11.jpg\" alt=\"\" data-id=\"8477\" data-full-url=\"https:\/\/www.krakow.szarytki.pl\/wp-content\/uploads\/2020\/04\/11.jpg\" data-link=\"https:\/\/www.krakow.szarytki.pl\/?attachment_id=8477\" class=\"wp-image-8477\" srcset=\"https:\/\/www.krakow.szarytki.pl\/wp-content\/uploads\/2020\/04\/11.jpg 870w, https:\/\/www.krakow.szarytki.pl\/wp-content\/uploads\/2020\/04\/11-550x412.jpg 550w, https:\/\/www.krakow.szarytki.pl\/wp-content\/uploads\/2020\/04\/11-768x576.jpg 768w, https:\/\/www.krakow.szarytki.pl\/wp-content\/uploads\/2020\/04\/11-100x75.jpg 100w, https:\/\/www.krakow.szarytki.pl\/wp-content\/uploads\/2020\/04\/11-700x525.jpg 700w\" sizes=\"auto, (max-width:767px) 700px, (max-width:870px) 100vw, 870px\" \/><\/a><\/figure><\/li><li class=\"blocks-gallery-item\"><figure><a href=\"https:\/\/www.krakow.szarytki.pl\/wp-content\/uploads\/2020\/04\/12.jpg\"><img loading=\"lazy\" decoding=\"async\" width=\"870\" height=\"652\" src=\"https:\/\/www.krakow.szarytki.pl\/wp-content\/uploads\/2020\/04\/12.jpg\" alt=\"\" data-id=\"8478\" data-full-url=\"https:\/\/www.krakow.szarytki.pl\/wp-content\/uploads\/2020\/04\/12.jpg\" data-link=\"https:\/\/www.krakow.szarytki.pl\/?attachment_id=8478\" class=\"wp-image-8478\" srcset=\"https:\/\/www.krakow.szarytki.pl\/wp-content\/uploads\/2020\/04\/12.jpg 870w, https:\/\/www.krakow.szarytki.pl\/wp-content\/uploads\/2020\/04\/12-550x412.jpg 550w, https:\/\/www.krakow.szarytki.pl\/wp-content\/uploads\/2020\/04\/12-768x576.jpg 768w, https:\/\/www.krakow.szarytki.pl\/wp-content\/uploads\/2020\/04\/12-100x75.jpg 100w, https:\/\/www.krakow.szarytki.pl\/wp-content\/uploads\/2020\/04\/12-700x525.jpg 700w\" sizes=\"auto, (max-width:767px) 700px, (max-width:870px) 100vw, 870px\" \/><\/a><\/figure><\/li><li class=\"blocks-gallery-item\"><figure><a href=\"https:\/\/www.krakow.szarytki.pl\/wp-content\/uploads\/2020\/04\/13.jpg\"><img loading=\"lazy\" decoding=\"async\" width=\"870\" height=\"653\" src=\"https:\/\/www.krakow.szarytki.pl\/wp-content\/uploads\/2020\/04\/13.jpg\" alt=\"\" data-id=\"8479\" data-full-url=\"https:\/\/www.krakow.szarytki.pl\/wp-content\/uploads\/2020\/04\/13.jpg\" data-link=\"https:\/\/www.krakow.szarytki.pl\/?attachment_id=8479\" class=\"wp-image-8479\" srcset=\"https:\/\/www.krakow.szarytki.pl\/wp-content\/uploads\/2020\/04\/13.jpg 870w, https:\/\/www.krakow.szarytki.pl\/wp-content\/uploads\/2020\/04\/13-550x413.jpg 550w, https:\/\/www.krakow.szarytki.pl\/wp-content\/uploads\/2020\/04\/13-768x576.jpg 768w, https:\/\/www.krakow.szarytki.pl\/wp-content\/uploads\/2020\/04\/13-100x75.jpg 100w, https:\/\/www.krakow.szarytki.pl\/wp-content\/uploads\/2020\/04\/13-700x525.jpg 700w\" sizes=\"auto, (max-width:767px) 700px, (max-width:870px) 100vw, 870px\" \/><\/a><\/figure><\/li><\/ul><\/figure>\n\n\n\n<hr class=\"wp-block-separator\"\/>\n\n\n\n<p>Jase\u0142ka oraz wsp\u00f3lna kol\u0119dowanie w Szkole Podstawowej nr 15 i w Szkole Podstawowej nr 17 gdzie katechizuje s. Barbara.<\/p>\n\n\n\n<figure class=\"wp-block-gallery columns-3 is-cropped wp-block-gallery-3 is-layout-flex wp-block-gallery-is-layout-flex\"><ul class=\"blocks-gallery-grid\"><li class=\"blocks-gallery-item\"><figure><a href=\"https:\/\/www.krakow.szarytki.pl\/wp-content\/uploads\/2020\/04\/14.jpg\"><img loading=\"lazy\" decoding=\"async\" width=\"870\" height=\"489\" src=\"https:\/\/www.krakow.szarytki.pl\/wp-content\/uploads\/2020\/04\/14.jpg\" alt=\"\" data-id=\"8481\" data-full-url=\"https:\/\/www.krakow.szarytki.pl\/wp-content\/uploads\/2020\/04\/14.jpg\" data-link=\"https:\/\/www.krakow.szarytki.pl\/?attachment_id=8481\" class=\"wp-image-8481\" srcset=\"https:\/\/www.krakow.szarytki.pl\/wp-content\/uploads\/2020\/04\/14.jpg 870w, https:\/\/www.krakow.szarytki.pl\/wp-content\/uploads\/2020\/04\/14-550x309.jpg 550w, https:\/\/www.krakow.szarytki.pl\/wp-content\/uploads\/2020\/04\/14-768x432.jpg 768w, https:\/\/www.krakow.szarytki.pl\/wp-content\/uploads\/2020\/04\/14-133x75.jpg 133w, https:\/\/www.krakow.szarytki.pl\/wp-content\/uploads\/2020\/04\/14-700x393.jpg 700w\" sizes=\"auto, (max-width:767px) 700px, (max-width:870px) 100vw, 870px\" \/><\/a><\/figure><\/li><li class=\"blocks-gallery-item\"><figure><a href=\"https:\/\/www.krakow.szarytki.pl\/wp-content\/uploads\/2020\/04\/15.jpg\"><img loading=\"lazy\" decoding=\"async\" width=\"870\" height=\"489\" src=\"https:\/\/www.krakow.szarytki.pl\/wp-content\/uploads\/2020\/04\/15.jpg\" alt=\"\" data-id=\"8482\" data-full-url=\"https:\/\/www.krakow.szarytki.pl\/wp-content\/uploads\/2020\/04\/15.jpg\" data-link=\"https:\/\/www.krakow.szarytki.pl\/?attachment_id=8482\" class=\"wp-image-8482\" srcset=\"https:\/\/www.krakow.szarytki.pl\/wp-content\/uploads\/2020\/04\/15.jpg 870w, https:\/\/www.krakow.szarytki.pl\/wp-content\/uploads\/2020\/04\/15-550x309.jpg 550w, https:\/\/www.krakow.szarytki.pl\/wp-content\/uploads\/2020\/04\/15-768x432.jpg 768w, https:\/\/www.krakow.szarytki.pl\/wp-content\/uploads\/2020\/04\/15-133x75.jpg 133w, https:\/\/www.krakow.szarytki.pl\/wp-content\/uploads\/2020\/04\/15-700x393.jpg 700w\" sizes=\"auto, (max-width:767px) 700px, (max-width:870px) 100vw, 870px\" \/><\/a><\/figure><\/li><li class=\"blocks-gallery-item\"><figure><a href=\"https:\/\/www.krakow.szarytki.pl\/wp-content\/uploads\/2020\/04\/17.jpg\"><img loading=\"lazy\" decoding=\"async\" width=\"870\" height=\"580\" src=\"https:\/\/www.krakow.szarytki.pl\/wp-content\/uploads\/2020\/04\/17.jpg\" alt=\"\" data-id=\"8483\" data-full-url=\"https:\/\/www.krakow.szarytki.pl\/wp-content\/uploads\/2020\/04\/17.jpg\" data-link=\"https:\/\/www.krakow.szarytki.pl\/?attachment_id=8483\" class=\"wp-image-8483\" srcset=\"https:\/\/www.krakow.szarytki.pl\/wp-content\/uploads\/2020\/04\/17.jpg 870w, https:\/\/www.krakow.szarytki.pl\/wp-content\/uploads\/2020\/04\/17-550x367.jpg 550w, https:\/\/www.krakow.szarytki.pl\/wp-content\/uploads\/2020\/04\/17-768x512.jpg 768w, https:\/\/www.krakow.szarytki.pl\/wp-content\/uploads\/2020\/04\/17-113x75.jpg 113w, https:\/\/www.krakow.szarytki.pl\/wp-content\/uploads\/2020\/04\/17-700x467.jpg 700w\" sizes=\"auto, (max-width:767px) 700px, (max-width:870px) 100vw, 870px\" \/><\/a><\/figure><\/li><li class=\"blocks-gallery-item\"><figure><a href=\"https:\/\/www.krakow.szarytki.pl\/wp-content\/uploads\/2020\/04\/18.jpg\"><img loading=\"lazy\" decoding=\"async\" width=\"870\" height=\"580\" src=\"https:\/\/www.krakow.szarytki.pl\/wp-content\/uploads\/2020\/04\/18.jpg\" alt=\"\" data-id=\"8484\" data-full-url=\"https:\/\/www.krakow.szarytki.pl\/wp-content\/uploads\/2020\/04\/18.jpg\" data-link=\"https:\/\/www.krakow.szarytki.pl\/?attachment_id=8484\" class=\"wp-image-8484\" srcset=\"https:\/\/www.krakow.szarytki.pl\/wp-content\/uploads\/2020\/04\/18.jpg 870w, https:\/\/www.krakow.szarytki.pl\/wp-content\/uploads\/2020\/04\/18-550x367.jpg 550w, https:\/\/www.krakow.szarytki.pl\/wp-content\/uploads\/2020\/04\/18-768x512.jpg 768w, https:\/\/www.krakow.szarytki.pl\/wp-content\/uploads\/2020\/04\/18-113x75.jpg 113w, https:\/\/www.krakow.szarytki.pl\/wp-content\/uploads\/2020\/04\/18-700x467.jpg 700w\" sizes=\"auto, (max-width:767px) 700px, (max-width:870px) 100vw, 870px\" \/><\/a><\/figure><\/li><li class=\"blocks-gallery-item\"><figure><a href=\"https:\/\/www.krakow.szarytki.pl\/wp-content\/uploads\/2020\/04\/19.jpg\"><img loading=\"lazy\" decoding=\"async\" width=\"870\" height=\"580\" src=\"https:\/\/www.krakow.szarytki.pl\/wp-content\/uploads\/2020\/04\/19.jpg\" alt=\"\" data-id=\"8485\" data-full-url=\"https:\/\/www.krakow.szarytki.pl\/wp-content\/uploads\/2020\/04\/19.jpg\" data-link=\"https:\/\/www.krakow.szarytki.pl\/?attachment_id=8485\" class=\"wp-image-8485\" srcset=\"https:\/\/www.krakow.szarytki.pl\/wp-content\/uploads\/2020\/04\/19.jpg 870w, https:\/\/www.krakow.szarytki.pl\/wp-content\/uploads\/2020\/04\/19-550x367.jpg 550w, https:\/\/www.krakow.szarytki.pl\/wp-content\/uploads\/2020\/04\/19-768x512.jpg 768w, https:\/\/www.krakow.szarytki.pl\/wp-content\/uploads\/2020\/04\/19-113x75.jpg 113w, https:\/\/www.krakow.szarytki.pl\/wp-content\/uploads\/2020\/04\/19-700x467.jpg 700w\" sizes=\"auto, (max-width:767px) 700px, (max-width:870px) 100vw, 870px\" \/><\/a><\/figure><\/li><li class=\"blocks-gallery-item\"><figure><a href=\"https:\/\/www.krakow.szarytki.pl\/wp-content\/uploads\/2020\/04\/20.jpg\"><img loading=\"lazy\" decoding=\"async\" width=\"870\" height=\"580\" src=\"https:\/\/www.krakow.szarytki.pl\/wp-content\/uploads\/2020\/04\/20.jpg\" alt=\"\" data-id=\"8486\" data-full-url=\"https:\/\/www.krakow.szarytki.pl\/wp-content\/uploads\/2020\/04\/20.jpg\" data-link=\"https:\/\/www.krakow.szarytki.pl\/?attachment_id=8486\" class=\"wp-image-8486\" srcset=\"https:\/\/www.krakow.szarytki.pl\/wp-content\/uploads\/2020\/04\/20.jpg 870w, https:\/\/www.krakow.szarytki.pl\/wp-content\/uploads\/2020\/04\/20-550x367.jpg 550w, https:\/\/www.krakow.szarytki.pl\/wp-content\/uploads\/2020\/04\/20-768x512.jpg 768w, https:\/\/www.krakow.szarytki.pl\/wp-content\/uploads\/2020\/04\/20-113x75.jpg 113w, https:\/\/www.krakow.szarytki.pl\/wp-content\/uploads\/2020\/04\/20-700x467.jpg 700w\" sizes=\"auto, (max-width:767px) 700px, (max-width:870px) 100vw, 870px\" \/><\/a><\/figure><\/li><\/ul><\/figure>\n\n\n\n<hr class=\"wp-block-separator\"\/>\n\n\n\n<p>Jase\u0142ka w wykonaniu przedszkolak\u00f3w. Odby\u0142y si\u0119 one w Liceum Plastycznym. Swoj\u0105 obecno\u015bci\u0105 zaszczyci\u0142 nas Lubuski Kurator O\u015bwiaty Ewa Rawa oraz ks. Proboszcz i Siostry ze wsp\u00f3lnoty.<\/p>\n\n\n\n<figure class=\"wp-block-gallery columns-4 is-cropped wp-block-gallery-4 is-layout-flex wp-block-gallery-is-layout-flex\"><ul class=\"blocks-gallery-grid\"><li class=\"blocks-gallery-item\"><figure><a href=\"https:\/\/www.krakow.szarytki.pl\/wp-content\/uploads\/2020\/04\/21.jpg\"><img loading=\"lazy\" decoding=\"async\" width=\"870\" height=\"652\" src=\"https:\/\/www.krakow.szarytki.pl\/wp-content\/uploads\/2020\/04\/21.jpg\" alt=\"\" data-id=\"8488\" data-full-url=\"https:\/\/www.krakow.szarytki.pl\/wp-content\/uploads\/2020\/04\/21.jpg\" data-link=\"https:\/\/www.krakow.szarytki.pl\/?attachment_id=8488\" class=\"wp-image-8488\" srcset=\"https:\/\/www.krakow.szarytki.pl\/wp-content\/uploads\/2020\/04\/21.jpg 870w, https:\/\/www.krakow.szarytki.pl\/wp-content\/uploads\/2020\/04\/21-550x412.jpg 550w, https:\/\/www.krakow.szarytki.pl\/wp-content\/uploads\/2020\/04\/21-768x576.jpg 768w, https:\/\/www.krakow.szarytki.pl\/wp-content\/uploads\/2020\/04\/21-100x75.jpg 100w, https:\/\/www.krakow.szarytki.pl\/wp-content\/uploads\/2020\/04\/21-700x525.jpg 700w\" sizes=\"auto, (max-width:767px) 700px, (max-width:870px) 100vw, 870px\" \/><\/a><\/figure><\/li><li class=\"blocks-gallery-item\"><figure><a href=\"https:\/\/www.krakow.szarytki.pl\/wp-content\/uploads\/2020\/04\/22.jpg\"><img loading=\"lazy\" decoding=\"async\" width=\"870\" height=\"580\" src=\"https:\/\/www.krakow.szarytki.pl\/wp-content\/uploads\/2020\/04\/22.jpg\" alt=\"\" data-id=\"8489\" data-full-url=\"https:\/\/www.krakow.szarytki.pl\/wp-content\/uploads\/2020\/04\/22.jpg\" data-link=\"https:\/\/www.krakow.szarytki.pl\/?attachment_id=8489\" class=\"wp-image-8489\" srcset=\"https:\/\/www.krakow.szarytki.pl\/wp-content\/uploads\/2020\/04\/22.jpg 870w, https:\/\/www.krakow.szarytki.pl\/wp-content\/uploads\/2020\/04\/22-550x367.jpg 550w, https:\/\/www.krakow.szarytki.pl\/wp-content\/uploads\/2020\/04\/22-768x512.jpg 768w, https:\/\/www.krakow.szarytki.pl\/wp-content\/uploads\/2020\/04\/22-113x75.jpg 113w, https:\/\/www.krakow.szarytki.pl\/wp-content\/uploads\/2020\/04\/22-700x467.jpg 700w\" sizes=\"auto, (max-width:767px) 700px, (max-width:870px) 100vw, 870px\" \/><\/a><\/figure><\/li><li class=\"blocks-gallery-item\"><figure><a href=\"https:\/\/www.krakow.szarytki.pl\/wp-content\/uploads\/2020\/04\/23.jpg\"><img loading=\"lazy\" decoding=\"async\" width=\"870\" height=\"652\" src=\"https:\/\/www.krakow.szarytki.pl\/wp-content\/uploads\/2020\/04\/23.jpg\" alt=\"\" data-id=\"8490\" data-full-url=\"https:\/\/www.krakow.szarytki.pl\/wp-content\/uploads\/2020\/04\/23.jpg\" data-link=\"https:\/\/www.krakow.szarytki.pl\/?attachment_id=8490\" class=\"wp-image-8490\" srcset=\"https:\/\/www.krakow.szarytki.pl\/wp-content\/uploads\/2020\/04\/23.jpg 870w, https:\/\/www.krakow.szarytki.pl\/wp-content\/uploads\/2020\/04\/23-550x412.jpg 550w, https:\/\/www.krakow.szarytki.pl\/wp-content\/uploads\/2020\/04\/23-768x576.jpg 768w, https:\/\/www.krakow.szarytki.pl\/wp-content\/uploads\/2020\/04\/23-100x75.jpg 100w, https:\/\/www.krakow.szarytki.pl\/wp-content\/uploads\/2020\/04\/23-700x525.jpg 700w\" sizes=\"auto, (max-width:767px) 700px, (max-width:870px) 100vw, 870px\" \/><\/a><\/figure><\/li><li class=\"blocks-gallery-item\"><figure><a href=\"https:\/\/www.krakow.szarytki.pl\/wp-content\/uploads\/2020\/04\/24.jpg\"><img loading=\"lazy\" decoding=\"async\" width=\"870\" height=\"580\" src=\"https:\/\/www.krakow.szarytki.pl\/wp-content\/uploads\/2020\/04\/24.jpg\" alt=\"\" data-id=\"8491\" data-full-url=\"https:\/\/www.krakow.szarytki.pl\/wp-content\/uploads\/2020\/04\/24.jpg\" data-link=\"https:\/\/www.krakow.szarytki.pl\/?attachment_id=8491\" class=\"wp-image-8491\" srcset=\"https:\/\/www.krakow.szarytki.pl\/wp-content\/uploads\/2020\/04\/24.jpg 870w, https:\/\/www.krakow.szarytki.pl\/wp-content\/uploads\/2020\/04\/24-550x367.jpg 550w, https:\/\/www.krakow.szarytki.pl\/wp-content\/uploads\/2020\/04\/24-768x512.jpg 768w, https:\/\/www.krakow.szarytki.pl\/wp-content\/uploads\/2020\/04\/24-113x75.jpg 113w, https:\/\/www.krakow.szarytki.pl\/wp-content\/uploads\/2020\/04\/24-700x467.jpg 700w\" sizes=\"auto, (max-width:767px) 700px, (max-width:870px) 100vw, 870px\" \/><\/a><\/figure><\/li><li class=\"blocks-gallery-item\"><figure><a href=\"https:\/\/www.krakow.szarytki.pl\/wp-content\/uploads\/2020\/04\/25.jpg\"><img loading=\"lazy\" decoding=\"async\" width=\"870\" height=\"580\" src=\"https:\/\/www.krakow.szarytki.pl\/wp-content\/uploads\/2020\/04\/25.jpg\" alt=\"\" data-id=\"8492\" data-full-url=\"https:\/\/www.krakow.szarytki.pl\/wp-content\/uploads\/2020\/04\/25.jpg\" data-link=\"https:\/\/www.krakow.szarytki.pl\/?attachment_id=8492\" class=\"wp-image-8492\" srcset=\"https:\/\/www.krakow.szarytki.pl\/wp-content\/uploads\/2020\/04\/25.jpg 870w, https:\/\/www.krakow.szarytki.pl\/wp-content\/uploads\/2020\/04\/25-550x367.jpg 550w, https:\/\/www.krakow.szarytki.pl\/wp-content\/uploads\/2020\/04\/25-768x512.jpg 768w, https:\/\/www.krakow.szarytki.pl\/wp-content\/uploads\/2020\/04\/25-113x75.jpg 113w, https:\/\/www.krakow.szarytki.pl\/wp-content\/uploads\/2020\/04\/25-700x467.jpg 700w\" sizes=\"auto, (max-width:767px) 700px, (max-width:870px) 100vw, 870px\" \/><\/a><\/figure><\/li><li class=\"blocks-gallery-item\"><figure><a href=\"https:\/\/www.krakow.szarytki.pl\/wp-content\/uploads\/2020\/04\/26.jpg\"><img loading=\"lazy\" decoding=\"async\" width=\"870\" height=\"580\" src=\"https:\/\/www.krakow.szarytki.pl\/wp-content\/uploads\/2020\/04\/26.jpg\" alt=\"\" data-id=\"8493\" data-full-url=\"https:\/\/www.krakow.szarytki.pl\/wp-content\/uploads\/2020\/04\/26.jpg\" data-link=\"https:\/\/www.krakow.szarytki.pl\/?attachment_id=8493\" class=\"wp-image-8493\" srcset=\"https:\/\/www.krakow.szarytki.pl\/wp-content\/uploads\/2020\/04\/26.jpg 870w, https:\/\/www.krakow.szarytki.pl\/wp-content\/uploads\/2020\/04\/26-550x367.jpg 550w, https:\/\/www.krakow.szarytki.pl\/wp-content\/uploads\/2020\/04\/26-768x512.jpg 768w, https:\/\/www.krakow.szarytki.pl\/wp-content\/uploads\/2020\/04\/26-113x75.jpg 113w, https:\/\/www.krakow.szarytki.pl\/wp-content\/uploads\/2020\/04\/26-700x467.jpg 700w\" sizes=\"auto, (max-width:767px) 700px, (max-width:870px) 100vw, 870px\" \/><\/a><\/figure><\/li><li class=\"blocks-gallery-item\"><figure><a href=\"https:\/\/www.krakow.szarytki.pl\/wp-content\/uploads\/2020\/04\/27.jpg\"><img loading=\"lazy\" decoding=\"async\" width=\"870\" height=\"580\" src=\"https:\/\/www.krakow.szarytki.pl\/wp-content\/uploads\/2020\/04\/27.jpg\" alt=\"\" data-id=\"8494\" data-full-url=\"https:\/\/www.krakow.szarytki.pl\/wp-content\/uploads\/2020\/04\/27.jpg\" data-link=\"https:\/\/www.krakow.szarytki.pl\/?attachment_id=8494\" class=\"wp-image-8494\" srcset=\"https:\/\/www.krakow.szarytki.pl\/wp-content\/uploads\/2020\/04\/27.jpg 870w, https:\/\/www.krakow.szarytki.pl\/wp-content\/uploads\/2020\/04\/27-550x367.jpg 550w, https:\/\/www.krakow.szarytki.pl\/wp-content\/uploads\/2020\/04\/27-768x512.jpg 768w, https:\/\/www.krakow.szarytki.pl\/wp-content\/uploads\/2020\/04\/27-113x75.jpg 113w, https:\/\/www.krakow.szarytki.pl\/wp-content\/uploads\/2020\/04\/27-700x467.jpg 700w\" sizes=\"auto, (max-width:767px) 700px, (max-width:870px) 100vw, 870px\" \/><\/a><\/figure><\/li><li class=\"blocks-gallery-item\"><figure><a href=\"https:\/\/www.krakow.szarytki.pl\/wp-content\/uploads\/2020\/04\/28.jpg\"><img loading=\"lazy\" decoding=\"async\" width=\"870\" height=\"580\" src=\"https:\/\/www.krakow.szarytki.pl\/wp-content\/uploads\/2020\/04\/28.jpg\" alt=\"\" data-id=\"8495\" data-full-url=\"https:\/\/www.krakow.szarytki.pl\/wp-content\/uploads\/2020\/04\/28.jpg\" data-link=\"https:\/\/www.krakow.szarytki.pl\/?attachment_id=8495\" class=\"wp-image-8495\" srcset=\"https:\/\/www.krakow.szarytki.pl\/wp-content\/uploads\/2020\/04\/28.jpg 870w, https:\/\/www.krakow.szarytki.pl\/wp-content\/uploads\/2020\/04\/28-550x367.jpg 550w, https:\/\/www.krakow.szarytki.pl\/wp-content\/uploads\/2020\/04\/28-768x512.jpg 768w, https:\/\/www.krakow.szarytki.pl\/wp-content\/uploads\/2020\/04\/28-113x75.jpg 113w, https:\/\/www.krakow.szarytki.pl\/wp-content\/uploads\/2020\/04\/28-700x467.jpg 700w\" sizes=\"auto, (max-width:767px) 700px, (max-width:870px) 100vw, 870px\" \/><\/a><\/figure><\/li><\/ul><\/figure>\n\n\n\n<hr class=\"wp-block-separator\"\/>\n\n\n\n<p>Op\u0142atek i wigilia w Przedszkolu \u201eWincenty\u0144skie Dzieci\u201d<\/p>\n\n\n\n<figure class=\"wp-block-gallery columns-3 is-cropped wp-block-gallery-5 is-layout-flex wp-block-gallery-is-layout-flex\"><ul class=\"blocks-gallery-grid\"><li class=\"blocks-gallery-item\"><figure><a href=\"https:\/\/www.krakow.szarytki.pl\/wp-content\/uploads\/2020\/04\/44-1.jpg\"><img loading=\"lazy\" decoding=\"async\" width=\"870\" height=\"652\" src=\"https:\/\/www.krakow.szarytki.pl\/wp-content\/uploads\/2020\/04\/44-1.jpg\" alt=\"\" data-id=\"8501\" data-full-url=\"https:\/\/www.krakow.szarytki.pl\/wp-content\/uploads\/2020\/04\/44-1.jpg\" data-link=\"https:\/\/www.krakow.szarytki.pl\/?attachment_id=8501\" class=\"wp-image-8501\" srcset=\"https:\/\/www.krakow.szarytki.pl\/wp-content\/uploads\/2020\/04\/44-1.jpg 870w, https:\/\/www.krakow.szarytki.pl\/wp-content\/uploads\/2020\/04\/44-1-550x412.jpg 550w, https:\/\/www.krakow.szarytki.pl\/wp-content\/uploads\/2020\/04\/44-1-768x576.jpg 768w, https:\/\/www.krakow.szarytki.pl\/wp-content\/uploads\/2020\/04\/44-1-100x75.jpg 100w, https:\/\/www.krakow.szarytki.pl\/wp-content\/uploads\/2020\/04\/44-1-700x525.jpg 700w\" sizes=\"auto, (max-width:767px) 700px, (max-width:870px) 100vw, 870px\" \/><\/a><\/figure><\/li><li class=\"blocks-gallery-item\"><figure><a href=\"https:\/\/www.krakow.szarytki.pl\/wp-content\/uploads\/2020\/04\/45-1.jpg\"><img loading=\"lazy\" decoding=\"async\" width=\"652\" height=\"870\" src=\"https:\/\/www.krakow.szarytki.pl\/wp-content\/uploads\/2020\/04\/45-1.jpg\" alt=\"\" data-id=\"8503\" data-full-url=\"https:\/\/www.krakow.szarytki.pl\/wp-content\/uploads\/2020\/04\/45-1.jpg\" data-link=\"https:\/\/www.krakow.szarytki.pl\/?attachment_id=8503\" class=\"wp-image-8503\" srcset=\"https:\/\/www.krakow.szarytki.pl\/wp-content\/uploads\/2020\/04\/45-1.jpg 652w, https:\/\/www.krakow.szarytki.pl\/wp-content\/uploads\/2020\/04\/45-1-412x550.jpg 412w, https:\/\/www.krakow.szarytki.pl\/wp-content\/uploads\/2020\/04\/45-1-56x75.jpg 56w\" sizes=\"auto, (max-width:767px) 652px, 652px\" \/><\/a><\/figure><\/li><li class=\"blocks-gallery-item\"><figure><a href=\"https:\/\/www.krakow.szarytki.pl\/wp-content\/uploads\/2020\/04\/46-1.jpg\"><img loading=\"lazy\" decoding=\"async\" width=\"652\" height=\"870\" src=\"https:\/\/www.krakow.szarytki.pl\/wp-content\/uploads\/2020\/04\/46-1.jpg\" alt=\"\" data-id=\"8505\" data-full-url=\"https:\/\/www.krakow.szarytki.pl\/wp-content\/uploads\/2020\/04\/46-1.jpg\" data-link=\"https:\/\/www.krakow.szarytki.pl\/?attachment_id=8505\" class=\"wp-image-8505\" srcset=\"https:\/\/www.krakow.szarytki.pl\/wp-content\/uploads\/2020\/04\/46-1.jpg 652w, https:\/\/www.krakow.szarytki.pl\/wp-content\/uploads\/2020\/04\/46-1-412x550.jpg 412w, https:\/\/www.krakow.szarytki.pl\/wp-content\/uploads\/2020\/04\/46-1-56x75.jpg 56w\" sizes=\"auto, (max-width:767px) 652px, 652px\" \/><\/a><\/figure><\/li><li class=\"blocks-gallery-item\"><figure><a href=\"https:\/\/www.krakow.szarytki.pl\/wp-content\/uploads\/2020\/04\/47-1.jpg\"><img loading=\"lazy\" decoding=\"async\" width=\"652\" height=\"870\" src=\"https:\/\/www.krakow.szarytki.pl\/wp-content\/uploads\/2020\/04\/47-1.jpg\" alt=\"\" data-id=\"8506\" data-full-url=\"https:\/\/www.krakow.szarytki.pl\/wp-content\/uploads\/2020\/04\/47-1.jpg\" data-link=\"https:\/\/www.krakow.szarytki.pl\/?attachment_id=8506\" class=\"wp-image-8506\" srcset=\"https:\/\/www.krakow.szarytki.pl\/wp-content\/uploads\/2020\/04\/47-1.jpg 652w, https:\/\/www.krakow.szarytki.pl\/wp-content\/uploads\/2020\/04\/47-1-412x550.jpg 412w, https:\/\/www.krakow.szarytki.pl\/wp-content\/uploads\/2020\/04\/47-1-56x75.jpg 56w\" sizes=\"auto, (max-width:767px) 652px, 652px\" \/><\/a><\/figure><\/li><li class=\"blocks-gallery-item\"><figure><a href=\"https:\/\/www.krakow.szarytki.pl\/wp-content\/uploads\/2020\/04\/48-1.jpg\"><img loading=\"lazy\" decoding=\"async\" width=\"870\" height=\"652\" src=\"https:\/\/www.krakow.szarytki.pl\/wp-content\/uploads\/2020\/04\/48-1.jpg\" alt=\"\" data-id=\"8507\" data-full-url=\"https:\/\/www.krakow.szarytki.pl\/wp-content\/uploads\/2020\/04\/48-1.jpg\" data-link=\"https:\/\/www.krakow.szarytki.pl\/?attachment_id=8507\" class=\"wp-image-8507\" srcset=\"https:\/\/www.krakow.szarytki.pl\/wp-content\/uploads\/2020\/04\/48-1.jpg 870w, https:\/\/www.krakow.szarytki.pl\/wp-content\/uploads\/2020\/04\/48-1-550x412.jpg 550w, https:\/\/www.krakow.szarytki.pl\/wp-content\/uploads\/2020\/04\/48-1-768x576.jpg 768w, https:\/\/www.krakow.szarytki.pl\/wp-content\/uploads\/2020\/04\/48-1-100x75.jpg 100w, https:\/\/www.krakow.szarytki.pl\/wp-content\/uploads\/2020\/04\/48-1-700x525.jpg 700w\" sizes=\"auto, (max-width:767px) 700px, (max-width:870px) 100vw, 870px\" \/><\/a><\/figure><\/li><li class=\"blocks-gallery-item\"><figure><a href=\"https:\/\/www.krakow.szarytki.pl\/wp-content\/uploads\/2020\/04\/49-1.jpg\"><img loading=\"lazy\" decoding=\"async\" width=\"870\" height=\"652\" src=\"https:\/\/www.krakow.szarytki.pl\/wp-content\/uploads\/2020\/04\/49-1.jpg\" alt=\"\" data-id=\"8508\" data-full-url=\"https:\/\/www.krakow.szarytki.pl\/wp-content\/uploads\/2020\/04\/49-1.jpg\" data-link=\"https:\/\/www.krakow.szarytki.pl\/?attachment_id=8508\" class=\"wp-image-8508\" srcset=\"https:\/\/www.krakow.szarytki.pl\/wp-content\/uploads\/2020\/04\/49-1.jpg 870w, https:\/\/www.krakow.szarytki.pl\/wp-content\/uploads\/2020\/04\/49-1-550x412.jpg 550w, https:\/\/www.krakow.szarytki.pl\/wp-content\/uploads\/2020\/04\/49-1-768x576.jpg 768w, https:\/\/www.krakow.szarytki.pl\/wp-content\/uploads\/2020\/04\/49-1-100x75.jpg 100w, https:\/\/www.krakow.szarytki.pl\/wp-content\/uploads\/2020\/04\/49-1-700x525.jpg 700w\" sizes=\"auto, (max-width:767px) 700px, (max-width:870px) 100vw, 870px\" \/><\/a><\/figure><\/li><\/ul><\/figure>\n\n\n\n<hr class=\"wp-block-separator\"\/>\n\n\n\n<p>\u015awi\u0105teczny wystr\u00f3j ko\u015bcio\u0142a Podwy\u017cszenia Krzy\u017ca \u015awi\u0119tego wykonany przez s. Wand\u0119.<\/p>\n\n\n\n<figure class=\"wp-block-gallery columns-3 is-cropped wp-block-gallery-6 is-layout-flex wp-block-gallery-is-layout-flex\"><ul class=\"blocks-gallery-grid\"><li class=\"blocks-gallery-item\"><figure><a href=\"https:\/\/www.krakow.szarytki.pl\/wp-content\/uploads\/2020\/04\/29.jpg\"><img loading=\"lazy\" decoding=\"async\" width=\"870\" height=\"652\" src=\"https:\/\/www.krakow.szarytki.pl\/wp-content\/uploads\/2020\/04\/29.jpg\" alt=\"\" data-id=\"8510\" data-full-url=\"https:\/\/www.krakow.szarytki.pl\/wp-content\/uploads\/2020\/04\/29.jpg\" data-link=\"https:\/\/www.krakow.szarytki.pl\/?attachment_id=8510\" class=\"wp-image-8510\" srcset=\"https:\/\/www.krakow.szarytki.pl\/wp-content\/uploads\/2020\/04\/29.jpg 870w, https:\/\/www.krakow.szarytki.pl\/wp-content\/uploads\/2020\/04\/29-550x412.jpg 550w, https:\/\/www.krakow.szarytki.pl\/wp-content\/uploads\/2020\/04\/29-768x576.jpg 768w, https:\/\/www.krakow.szarytki.pl\/wp-content\/uploads\/2020\/04\/29-100x75.jpg 100w, https:\/\/www.krakow.szarytki.pl\/wp-content\/uploads\/2020\/04\/29-700x525.jpg 700w\" sizes=\"auto, (max-width:767px) 700px, (max-width:870px) 100vw, 870px\" \/><\/a><\/figure><\/li><li class=\"blocks-gallery-item\"><figure><a href=\"https:\/\/www.krakow.szarytki.pl\/wp-content\/uploads\/2020\/04\/31.jpg\"><img loading=\"lazy\" decoding=\"async\" width=\"870\" height=\"652\" src=\"https:\/\/www.krakow.szarytki.pl\/wp-content\/uploads\/2020\/04\/31.jpg\" alt=\"\" data-id=\"8511\" data-full-url=\"https:\/\/www.krakow.szarytki.pl\/wp-content\/uploads\/2020\/04\/31.jpg\" data-link=\"https:\/\/www.krakow.szarytki.pl\/?attachment_id=8511\" class=\"wp-image-8511\" srcset=\"https:\/\/www.krakow.szarytki.pl\/wp-content\/uploads\/2020\/04\/31.jpg 870w, https:\/\/www.krakow.szarytki.pl\/wp-content\/uploads\/2020\/04\/31-550x412.jpg 550w, https:\/\/www.krakow.szarytki.pl\/wp-content\/uploads\/2020\/04\/31-768x576.jpg 768w, https:\/\/www.krakow.szarytki.pl\/wp-content\/uploads\/2020\/04\/31-100x75.jpg 100w, https:\/\/www.krakow.szarytki.pl\/wp-content\/uploads\/2020\/04\/31-700x525.jpg 700w\" sizes=\"auto, (max-width:767px) 700px, (max-width:870px) 100vw, 870px\" \/><\/a><\/figure><\/li><li class=\"blocks-gallery-item\"><figure><a href=\"https:\/\/www.krakow.szarytki.pl\/wp-content\/uploads\/2020\/04\/32.jpg\"><img loading=\"lazy\" decoding=\"async\" width=\"870\" height=\"652\" src=\"https:\/\/www.krakow.szarytki.pl\/wp-content\/uploads\/2020\/04\/32.jpg\" alt=\"\" data-id=\"8512\" data-full-url=\"https:\/\/www.krakow.szarytki.pl\/wp-content\/uploads\/2020\/04\/32.jpg\" data-link=\"https:\/\/www.krakow.szarytki.pl\/?attachment_id=8512\" class=\"wp-image-8512\" srcset=\"https:\/\/www.krakow.szarytki.pl\/wp-content\/uploads\/2020\/04\/32.jpg 870w, https:\/\/www.krakow.szarytki.pl\/wp-content\/uploads\/2020\/04\/32-550x412.jpg 550w, https:\/\/www.krakow.szarytki.pl\/wp-content\/uploads\/2020\/04\/32-768x576.jpg 768w, https:\/\/www.krakow.szarytki.pl\/wp-content\/uploads\/2020\/04\/32-100x75.jpg 100w, https:\/\/www.krakow.szarytki.pl\/wp-content\/uploads\/2020\/04\/32-700x525.jpg 700w\" sizes=\"auto, (max-width:767px) 700px, (max-width:870px) 100vw, 870px\" \/><\/a><\/figure><\/li><li class=\"blocks-gallery-item\"><figure><a href=\"https:\/\/www.krakow.szarytki.pl\/wp-content\/uploads\/2020\/04\/33.jpg\"><img loading=\"lazy\" decoding=\"async\" width=\"870\" height=\"652\" src=\"https:\/\/www.krakow.szarytki.pl\/wp-content\/uploads\/2020\/04\/33.jpg\" alt=\"\" data-id=\"8513\" data-full-url=\"https:\/\/www.krakow.szarytki.pl\/wp-content\/uploads\/2020\/04\/33.jpg\" data-link=\"https:\/\/www.krakow.szarytki.pl\/?attachment_id=8513\" class=\"wp-image-8513\" srcset=\"https:\/\/www.krakow.szarytki.pl\/wp-content\/uploads\/2020\/04\/33.jpg 870w, https:\/\/www.krakow.szarytki.pl\/wp-content\/uploads\/2020\/04\/33-550x412.jpg 550w, https:\/\/www.krakow.szarytki.pl\/wp-content\/uploads\/2020\/04\/33-768x576.jpg 768w, https:\/\/www.krakow.szarytki.pl\/wp-content\/uploads\/2020\/04\/33-100x75.jpg 100w, https:\/\/www.krakow.szarytki.pl\/wp-content\/uploads\/2020\/04\/33-700x525.jpg 700w\" sizes=\"auto, (max-width:767px) 700px, (max-width:870px) 100vw, 870px\" \/><\/a><\/figure><\/li><li class=\"blocks-gallery-item\"><figure><a href=\"https:\/\/www.krakow.szarytki.pl\/wp-content\/uploads\/2020\/04\/34.jpg\"><img loading=\"lazy\" decoding=\"async\" width=\"870\" height=\"652\" src=\"https:\/\/www.krakow.szarytki.pl\/wp-content\/uploads\/2020\/04\/34.jpg\" alt=\"\" data-id=\"8514\" data-full-url=\"https:\/\/www.krakow.szarytki.pl\/wp-content\/uploads\/2020\/04\/34.jpg\" data-link=\"https:\/\/www.krakow.szarytki.pl\/?attachment_id=8514\" class=\"wp-image-8514\" srcset=\"https:\/\/www.krakow.szarytki.pl\/wp-content\/uploads\/2020\/04\/34.jpg 870w, https:\/\/www.krakow.szarytki.pl\/wp-content\/uploads\/2020\/04\/34-550x412.jpg 550w, https:\/\/www.krakow.szarytki.pl\/wp-content\/uploads\/2020\/04\/34-768x576.jpg 768w, https:\/\/www.krakow.szarytki.pl\/wp-content\/uploads\/2020\/04\/34-100x75.jpg 100w, https:\/\/www.krakow.szarytki.pl\/wp-content\/uploads\/2020\/04\/34-700x525.jpg 700w\" sizes=\"auto, (max-width:767px) 700px, (max-width:870px) 100vw, 870px\" \/><\/a><\/figure><\/li><li class=\"blocks-gallery-item\"><figure><a href=\"https:\/\/www.krakow.szarytki.pl\/wp-content\/uploads\/2020\/04\/35.jpg\"><img loading=\"lazy\" decoding=\"async\" width=\"870\" height=\"652\" src=\"https:\/\/www.krakow.szarytki.pl\/wp-content\/uploads\/2020\/04\/35.jpg\" alt=\"\" data-id=\"8515\" data-full-url=\"https:\/\/www.krakow.szarytki.pl\/wp-content\/uploads\/2020\/04\/35.jpg\" data-link=\"https:\/\/www.krakow.szarytki.pl\/?attachment_id=8515\" class=\"wp-image-8515\" srcset=\"https:\/\/www.krakow.szarytki.pl\/wp-content\/uploads\/2020\/04\/35.jpg 870w, https:\/\/www.krakow.szarytki.pl\/wp-content\/uploads\/2020\/04\/35-550x412.jpg 550w, https:\/\/www.krakow.szarytki.pl\/wp-content\/uploads\/2020\/04\/35-768x576.jpg 768w, https:\/\/www.krakow.szarytki.pl\/wp-content\/uploads\/2020\/04\/35-100x75.jpg 100w, https:\/\/www.krakow.szarytki.pl\/wp-content\/uploads\/2020\/04\/35-700x525.jpg 700w\" sizes=\"auto, (max-width:767px) 700px, (max-width:870px) 100vw, 870px\" \/><\/a><\/figure><\/li><\/ul><\/figure>\n\n\n\n<hr class=\"wp-block-separator\"\/>\n\n\n\n<p>Wigilia w domu prze\u017cywana z \u201eNieoczekiwanym Go\u015bciem\u201d<\/p>\n\n\n\n<figure class=\"wp-block-gallery columns-3 is-cropped wp-block-gallery-7 is-layout-flex wp-block-gallery-is-layout-flex\"><ul class=\"blocks-gallery-grid\"><li class=\"blocks-gallery-item\"><figure><a href=\"https:\/\/www.krakow.szarytki.pl\/wp-content\/uploads\/2020\/04\/36.jpg\"><img loading=\"lazy\" decoding=\"async\" width=\"870\" height=\"652\" src=\"https:\/\/www.krakow.szarytki.pl\/wp-content\/uploads\/2020\/04\/36.jpg\" alt=\"\" data-id=\"8518\" data-full-url=\"https:\/\/www.krakow.szarytki.pl\/wp-content\/uploads\/2020\/04\/36.jpg\" data-link=\"https:\/\/www.krakow.szarytki.pl\/?attachment_id=8518\" class=\"wp-image-8518\" srcset=\"https:\/\/www.krakow.szarytki.pl\/wp-content\/uploads\/2020\/04\/36.jpg 870w, https:\/\/www.krakow.szarytki.pl\/wp-content\/uploads\/2020\/04\/36-550x412.jpg 550w, https:\/\/www.krakow.szarytki.pl\/wp-content\/uploads\/2020\/04\/36-768x576.jpg 768w, https:\/\/www.krakow.szarytki.pl\/wp-content\/uploads\/2020\/04\/36-100x75.jpg 100w, https:\/\/www.krakow.szarytki.pl\/wp-content\/uploads\/2020\/04\/36-700x525.jpg 700w\" sizes=\"auto, (max-width:767px) 700px, (max-width:870px) 100vw, 870px\" \/><\/a><\/figure><\/li><li class=\"blocks-gallery-item\"><figure><a href=\"https:\/\/www.krakow.szarytki.pl\/wp-content\/uploads\/2020\/04\/37.jpg\"><img loading=\"lazy\" decoding=\"async\" width=\"652\" height=\"870\" src=\"https:\/\/www.krakow.szarytki.pl\/wp-content\/uploads\/2020\/04\/37.jpg\" alt=\"\" data-id=\"8519\" data-full-url=\"https:\/\/www.krakow.szarytki.pl\/wp-content\/uploads\/2020\/04\/37.jpg\" data-link=\"https:\/\/www.krakow.szarytki.pl\/?attachment_id=8519\" class=\"wp-image-8519\" srcset=\"https:\/\/www.krakow.szarytki.pl\/wp-content\/uploads\/2020\/04\/37.jpg 652w, https:\/\/www.krakow.szarytki.pl\/wp-content\/uploads\/2020\/04\/37-412x550.jpg 412w, https:\/\/www.krakow.szarytki.pl\/wp-content\/uploads\/2020\/04\/37-56x75.jpg 56w\" sizes=\"auto, (max-width:767px) 652px, 652px\" \/><\/a><\/figure><\/li><li class=\"blocks-gallery-item\"><figure><a href=\"https:\/\/www.krakow.szarytki.pl\/wp-content\/uploads\/2020\/04\/38.jpg\"><img loading=\"lazy\" decoding=\"async\" width=\"870\" height=\"652\" src=\"https:\/\/www.krakow.szarytki.pl\/wp-content\/uploads\/2020\/04\/38.jpg\" alt=\"\" data-id=\"8520\" data-full-url=\"https:\/\/www.krakow.szarytki.pl\/wp-content\/uploads\/2020\/04\/38.jpg\" data-link=\"https:\/\/www.krakow.szarytki.pl\/?attachment_id=8520\" class=\"wp-image-8520\" srcset=\"https:\/\/www.krakow.szarytki.pl\/wp-content\/uploads\/2020\/04\/38.jpg 870w, https:\/\/www.krakow.szarytki.pl\/wp-content\/uploads\/2020\/04\/38-550x412.jpg 550w, https:\/\/www.krakow.szarytki.pl\/wp-content\/uploads\/2020\/04\/38-768x576.jpg 768w, https:\/\/www.krakow.szarytki.pl\/wp-content\/uploads\/2020\/04\/38-100x75.jpg 100w, https:\/\/www.krakow.szarytki.pl\/wp-content\/uploads\/2020\/04\/38-700x525.jpg 700w\" sizes=\"auto, (max-width:767px) 700px, (max-width:870px) 100vw, 870px\" \/><\/a><\/figure><\/li><li class=\"blocks-gallery-item\"><figure><a href=\"https:\/\/www.krakow.szarytki.pl\/wp-content\/uploads\/2020\/04\/39.jpg\"><img loading=\"lazy\" decoding=\"async\" width=\"870\" height=\"652\" src=\"https:\/\/www.krakow.szarytki.pl\/wp-content\/uploads\/2020\/04\/39.jpg\" alt=\"\" data-id=\"8521\" data-full-url=\"https:\/\/www.krakow.szarytki.pl\/wp-content\/uploads\/2020\/04\/39.jpg\" data-link=\"https:\/\/www.krakow.szarytki.pl\/?attachment_id=8521\" class=\"wp-image-8521\" srcset=\"https:\/\/www.krakow.szarytki.pl\/wp-content\/uploads\/2020\/04\/39.jpg 870w, https:\/\/www.krakow.szarytki.pl\/wp-content\/uploads\/2020\/04\/39-550x412.jpg 550w, https:\/\/www.krakow.szarytki.pl\/wp-content\/uploads\/2020\/04\/39-768x576.jpg 768w, https:\/\/www.krakow.szarytki.pl\/wp-content\/uploads\/2020\/04\/39-100x75.jpg 100w, https:\/\/www.krakow.szarytki.pl\/wp-content\/uploads\/2020\/04\/39-700x525.jpg 700w\" sizes=\"auto, (max-width:767px) 700px, (max-width:870px) 100vw, 870px\" \/><\/a><\/figure><\/li><li class=\"blocks-gallery-item\"><figure><a href=\"https:\/\/www.krakow.szarytki.pl\/wp-content\/uploads\/2020\/04\/40.jpg\"><img loading=\"lazy\" decoding=\"async\" width=\"870\" height=\"652\" src=\"https:\/\/www.krakow.szarytki.pl\/wp-content\/uploads\/2020\/04\/40.jpg\" alt=\"\" data-id=\"8522\" data-full-url=\"https:\/\/www.krakow.szarytki.pl\/wp-content\/uploads\/2020\/04\/40.jpg\" data-link=\"https:\/\/www.krakow.szarytki.pl\/?attachment_id=8522\" class=\"wp-image-8522\" srcset=\"https:\/\/www.krakow.szarytki.pl\/wp-content\/uploads\/2020\/04\/40.jpg 870w, https:\/\/www.krakow.szarytki.pl\/wp-content\/uploads\/2020\/04\/40-550x412.jpg 550w, https:\/\/www.krakow.szarytki.pl\/wp-content\/uploads\/2020\/04\/40-768x576.jpg 768w, https:\/\/www.krakow.szarytki.pl\/wp-content\/uploads\/2020\/04\/40-100x75.jpg 100w, https:\/\/www.krakow.szarytki.pl\/wp-content\/uploads\/2020\/04\/40-700x525.jpg 700w\" sizes=\"auto, (max-width:767px) 700px, (max-width:870px) 100vw, 870px\" \/><\/a><\/figure><\/li><li class=\"blocks-gallery-item\"><figure><a href=\"https:\/\/www.krakow.szarytki.pl\/wp-content\/uploads\/2020\/04\/41.jpg\"><img loading=\"lazy\" decoding=\"async\" width=\"870\" height=\"652\" src=\"https:\/\/www.krakow.szarytki.pl\/wp-content\/uploads\/2020\/04\/41.jpg\" alt=\"\" data-id=\"8523\" data-full-url=\"https:\/\/www.krakow.szarytki.pl\/wp-content\/uploads\/2020\/04\/41.jpg\" data-link=\"https:\/\/www.krakow.szarytki.pl\/?attachment_id=8523\" class=\"wp-image-8523\" srcset=\"https:\/\/www.krakow.szarytki.pl\/wp-content\/uploads\/2020\/04\/41.jpg 870w, https:\/\/www.krakow.szarytki.pl\/wp-content\/uploads\/2020\/04\/41-550x412.jpg 550w, https:\/\/www.krakow.szarytki.pl\/wp-content\/uploads\/2020\/04\/41-768x576.jpg 768w, https:\/\/www.krakow.szarytki.pl\/wp-content\/uploads\/2020\/04\/41-100x75.jpg 100w, https:\/\/www.krakow.szarytki.pl\/wp-content\/uploads\/2020\/04\/41-700x525.jpg 700w\" sizes=\"auto, (max-width:767px) 700px, (max-width:870px) 100vw, 870px\" \/><\/a><\/figure><\/li><\/ul><\/figure>\n","protected":false},"excerpt":{"rendered":"<p>Wigilia dla Ubogich w Centrum \u015bw. Katarzyny. W tym roku na wigili\u0119 przysz\u0142y 53 osoby. Modlitwie przewodniczy\u0142<\/p>\n","protected":false},"author":5,"featured_media":8049,"comment_status":"closed","ping_status":"closed","sticky":false,"template":"","format":"standard","meta":{"footnotes":""},"categories":[19],"tags":[],"class_list":["post-7342","post","type-post","status-publish","format-standard","has-post-thumbnail","hentry","category-gorzow-wlkp"],"_links":{"self":[{"href":"https:\/\/www.krakow.szarytki.pl\/index.php?rest_route=\/wp\/v2\/posts\/7342","targetHints":{"allow":["GET"]}}],"collection":[{"href":"https:\/\/www.krakow.szarytki.pl\/index.php?rest_route=\/wp\/v2\/posts"}],"about":[{"href":"https:\/\/www.krakow.szarytki.pl\/index.php?rest_route=\/wp\/v2\/types\/post"}],"author":[{"embeddable":true,"href":"https:\/\/www.krakow.szarytki.pl\/index.php?rest_route=\/wp\/v2\/users\/5"}],"replies":[{"embeddable":true,"href":"https:\/\/www.krakow.szarytki.pl\/index.php?rest_route=%2Fwp%2Fv2%2Fcomments&post=7342"}],"version-history":[{"count":0,"href":"https:\/\/www.krakow.szarytki.pl\/index.php?rest_route=\/wp\/v2\/posts\/7342\/revisions"}],"wp:featuredmedia":[{"embeddable":true,"href":"https:\/\/www.krakow.szarytki.pl\/index.php?rest_route=\/wp\/v2\/media\/8049"}],"wp:attachment":[{"href":"https:\/\/www.krakow.szarytki.pl\/index.php?rest_route=%2Fwp%2Fv2%2Fmedia&parent=7342"}],"wp:term":[{"taxonomy":"category","embeddable":true,"href":"https:\/\/www.krakow.szarytki.pl\/index.php?rest_route=%2Fwp%2Fv2%2Fcategories&post=7342"},{"taxonomy":"post_tag","embeddable":true,"href":"https:\/\/www.krakow.szarytki.pl\/index.php?rest_route=%2Fwp%2Fv2%2Ftags&post=7342"}],"curies":[{"name":"wp","href":"https:\/\/api.w.org\/{rel}","templated":true}]}}