{"id":7015,"date":"2019-11-27T14:34:20","date_gmt":"2019-11-27T13:34:20","guid":{"rendered":"http:\/\/www.krakow.szarytki.pl\/?p=7015"},"modified":"2021-04-10T13:09:39","modified_gmt":"2021-04-10T11:09:39","slug":"wystawa-na-triduum","status":"publish","type":"post","link":"https:\/\/www.krakow.szarytki.pl\/?p=7015","title":{"rendered":"Wystawa na triduum"},"content":{"rendered":"\n<p>W Zgromadzeniu Si\u00f3str Mi\u0142osierdzia od 27 do 29 listopada corocznie obchodzimy triduum nawi\u0105zuj\u0105ce do objawienia<!--more--> Cudownego Medalika, \u015bw. Katarzyny i za\u0142o\u017cenia Zgromadzenia.<\/p>\n\n\n\n<p> W tym roku przygotowa\u0142y\u015bmy wystaw\u0119 nawi\u0105zuj\u0105c\u0105 do uroczysto\u015bci beatyfikacji i kanonizacji s. Katarzyny  Labour\u00e9. Pojawi\u0142y si\u0119 reprodukcje zdj\u0119\u0107 z 1933 roku i 1947, wzruszaj\u0105ce fotografie przedstawiaj\u0105ce t\u0142umy zgromadzone w bazylice \u015bw. Piotra, a tak\u017ce spotkania naszych \u00f3wczesnych prze\u0142o\u017conych z papie\u017cem Piusem XII na dziedzi\u0144cu Castel Gandolfo. <\/p>\n\n\n\n<p>Na planszach umieszczono obrazy dekoracji okoliczno\u015bciowych przygotowanych w kaplicach naszych dom\u00f3w lub w ko\u015bcio\u0142ach parafialnych, kt\u00f3re nawi\u0105zywa\u0142y do uroczysto\u015bci kanonizacyjnych s. Katarzyny, a tak\u017ce reprodukcje licznych obrazk\u00f3w przedstawiaj\u0105cych sceny z objawienia Matki Bo\u017cej. Na jednej z plansz umieszczono po\u015bmiertne zdj\u0119cia s. Katarzyny, kt\u00f3re nawi\u0105zuj\u0105 do wsp\u00f3\u0142czesno\u015bci, poniewa\u017c jej cia\u0142o nienaruszone pozosta\u0142o do dzisiaj  i mo\u017cna j\u0105 zobaczy\u0107 w kaplicy Domu Macierzystego w Pary\u017cu.<\/p>\n","protected":false},"excerpt":{"rendered":"<p>W Zgromadzeniu Si\u00f3str Mi\u0142osierdzia od 27 do 29 listopada corocznie obchodzimy triduum nawi\u0105zuj\u0105ce do objawienia<\/p>\n","protected":false},"author":5,"featured_media":11000,"comment_status":"closed","ping_status":"closed","sticky":false,"template":"","format":"standard","meta":{"footnotes":""},"categories":[16,5],"tags":[],"class_list":["post-7015","post","type-post","status-publish","format-standard","has-post-thumbnail","hentry","category-krakow","category-migawki-z-historii"],"_links":{"self":[{"href":"https:\/\/www.krakow.szarytki.pl\/index.php?rest_route=\/wp\/v2\/posts\/7015","targetHints":{"allow":["GET"]}}],"collection":[{"href":"https:\/\/www.krakow.szarytki.pl\/index.php?rest_route=\/wp\/v2\/posts"}],"about":[{"href":"https:\/\/www.krakow.szarytki.pl\/index.php?rest_route=\/wp\/v2\/types\/post"}],"author":[{"embeddable":true,"href":"https:\/\/www.krakow.szarytki.pl\/index.php?rest_route=\/wp\/v2\/users\/5"}],"replies":[{"embeddable":true,"href":"https:\/\/www.krakow.szarytki.pl\/index.php?rest_route=%2Fwp%2Fv2%2Fcomments&post=7015"}],"version-history":[{"count":0,"href":"https:\/\/www.krakow.szarytki.pl\/index.php?rest_route=\/wp\/v2\/posts\/7015\/revisions"}],"wp:featuredmedia":[{"embeddable":true,"href":"https:\/\/www.krakow.szarytki.pl\/index.php?rest_route=\/wp\/v2\/media\/11000"}],"wp:attachment":[{"href":"https:\/\/www.krakow.szarytki.pl\/index.php?rest_route=%2Fwp%2Fv2%2Fmedia&parent=7015"}],"wp:term":[{"taxonomy":"category","embeddable":true,"href":"https:\/\/www.krakow.szarytki.pl\/index.php?rest_route=%2Fwp%2Fv2%2Fcategories&post=7015"},{"taxonomy":"post_tag","embeddable":true,"href":"https:\/\/www.krakow.szarytki.pl\/index.php?rest_route=%2Fwp%2Fv2%2Ftags&post=7015"}],"curies":[{"name":"wp","href":"https:\/\/api.w.org\/{rel}","templated":true}]}}