{"id":6902,"date":"2019-11-12T09:44:42","date_gmt":"2019-11-12T08:44:42","guid":{"rendered":"http:\/\/www.krakow.szarytki.pl\/?p=6902"},"modified":"2021-04-10T13:17:15","modified_gmt":"2021-04-10T11:17:15","slug":"wolontariat-caritas","status":"publish","type":"post","link":"https:\/\/www.krakow.szarytki.pl\/?p=6902","title":{"rendered":"Wolontariat Caritas"},"content":{"rendered":"\n<p>Zgromadzenie Si\u00f3str Mi\u0142osierdzia wsp\u00f3\u0142pracuje zgodnie ze\nwskazaniami Ko\u015bcio\u0142a z tymi, kt\u00f3rzy broni\u0105 <!--more-->praw Ubogich.\nNaturaln\u0105 spraw\u0105 staje si\u0119 zw\u0142aszcza wsp\u00f3\u0142praca z instytucjami charytatywnymi Ko\u015bcio\u0142a, g\u0142\u00f3wnie Caritas, co pozwala na lepsz\u0105 s\u0142u\u017cb\u0119  potrzebuj\u0105cym.<\/p>\n\n\n\n<p>Siostry\npodejmuj\u0105 prac\u0119 w r\u00f3\u017cnych profilowanych plac\u00f3wkach Caritasu.\nNatomiast siostra Lidia koordynuje dzia\u0142ania Wolontariatu Caritas\nArchidiecezji Krakowskiej. \n<\/p>\n\n\n\n<p>23\npa\u017adziernika dom prowincjalny przy ul. Warszawskiej w Krakowie mia\u0142\nrado\u015b\u0107 go\u015bci\u0107 uczestnik\u00f3w Konferencji dla Opiekun\u00f3w i\nAsystent\u00f3w Szkolnych K\u00f3\u0142 Caritas z Archidiecezji Krakowskiej. W\nprogramie by\u0142a modlitwa r\u00f3\u017ca\u0144cowa z adoracj\u0105 Naj\u015bwi\u0119tszego\nSakramentu oraz mo\u017cliwo\u015bci\u0105 skorzystania z Sakramentu pojednania.\nPo ciep\u0142ym posi\u0142ku by\u0142 wyk\u0142ad  S. Ma\u0142gorzaty S\u0142omki pt. \u201eJak\ntrwa\u0107 przy Jezusie w zabieganej codzienno\u015bci\u201d oraz spotkanie\ninformacyjne z siostr\u0105 Lidi\u0105 Lup\u0105 na temat dostosowania\nRegulamin\u00f3w SKC do zmienionego Prawa O\u015bwiatowego.<\/p>\n\n\n\n<p> W\nspotkaniu uczestniczy\u0142o 35 wolontariuszy zajmuj\u0105cych si\u0119\nwychowywaniem dzieci i m\u0142odzie\u017cy w duchu chrze\u015bcija\u0144skiego\nmi\u0142osierdzia pod czujnym okiem Caritas. Spotkanie uwie\u0144czy\u0142o\nb\u0142ogos\u0142awie\u0144stwo ksi\u0119dza Dyrektora Caritas Andrzeja Kami\u0144skiego.<\/p>\n\n\n\n<figure class=\"wp-block-gallery columns-2 is-cropped wp-block-gallery-1 is-layout-flex wp-block-gallery-is-layout-flex\"><ul class=\"blocks-gallery-grid\"><li class=\"blocks-gallery-item\"><figure><a href=\"https:\/\/www.krakow.szarytki.pl\/wp-content\/uploads\/2020\/04\/Konf.1.jpg\"><img loading=\"lazy\" decoding=\"async\" width=\"1024\" height=\"768\" src=\"https:\/\/www.krakow.szarytki.pl\/wp-content\/uploads\/2020\/04\/Konf.1-1024x768.jpg\" alt=\"\" data-id=\"8673\" data-full-url=\"https:\/\/www.krakow.szarytki.pl\/wp-content\/uploads\/2020\/04\/Konf.1.jpg\" data-link=\"https:\/\/www.krakow.szarytki.pl\/?attachment_id=8673\" class=\"wp-image-8673\" srcset=\"https:\/\/www.krakow.szarytki.pl\/wp-content\/uploads\/2020\/04\/Konf.1-1024x768.jpg 1024w, https:\/\/www.krakow.szarytki.pl\/wp-content\/uploads\/2020\/04\/Konf.1-550x413.jpg 550w, https:\/\/www.krakow.szarytki.pl\/wp-content\/uploads\/2020\/04\/Konf.1-768x576.jpg 768w, https:\/\/www.krakow.szarytki.pl\/wp-content\/uploads\/2020\/04\/Konf.1-1536x1152.jpg 1536w, https:\/\/www.krakow.szarytki.pl\/wp-content\/uploads\/2020\/04\/Konf.1-100x75.jpg 100w, https:\/\/www.krakow.szarytki.pl\/wp-content\/uploads\/2020\/04\/Konf.1-960x720.jpg 960w, https:\/\/www.krakow.szarytki.pl\/wp-content\/uploads\/2020\/04\/Konf.1-700x525.jpg 700w, https:\/\/www.krakow.szarytki.pl\/wp-content\/uploads\/2020\/04\/Konf.1.jpg 1920w\" sizes=\"auto, (max-width:767px) 700px, (max-width:1024px) 100vw, 1024px\" \/><\/a><\/figure><\/li><li class=\"blocks-gallery-item\"><figure><a href=\"https:\/\/www.krakow.szarytki.pl\/wp-content\/uploads\/2020\/04\/Konf.2.jpg\"><img loading=\"lazy\" decoding=\"async\" width=\"1024\" height=\"768\" src=\"https:\/\/www.krakow.szarytki.pl\/wp-content\/uploads\/2020\/04\/Konf.2-1024x768.jpg\" alt=\"\" data-id=\"8674\" data-full-url=\"https:\/\/www.krakow.szarytki.pl\/wp-content\/uploads\/2020\/04\/Konf.2.jpg\" data-link=\"https:\/\/www.krakow.szarytki.pl\/?attachment_id=8674\" class=\"wp-image-8674\" srcset=\"https:\/\/www.krakow.szarytki.pl\/wp-content\/uploads\/2020\/04\/Konf.2-1024x768.jpg 1024w, https:\/\/www.krakow.szarytki.pl\/wp-content\/uploads\/2020\/04\/Konf.2-550x413.jpg 550w, https:\/\/www.krakow.szarytki.pl\/wp-content\/uploads\/2020\/04\/Konf.2-768x576.jpg 768w, https:\/\/www.krakow.szarytki.pl\/wp-content\/uploads\/2020\/04\/Konf.2-1536x1152.jpg 1536w, https:\/\/www.krakow.szarytki.pl\/wp-content\/uploads\/2020\/04\/Konf.2-100x75.jpg 100w, https:\/\/www.krakow.szarytki.pl\/wp-content\/uploads\/2020\/04\/Konf.2-960x720.jpg 960w, https:\/\/www.krakow.szarytki.pl\/wp-content\/uploads\/2020\/04\/Konf.2-700x525.jpg 700w, https:\/\/www.krakow.szarytki.pl\/wp-content\/uploads\/2020\/04\/Konf.2.jpg 1920w\" sizes=\"auto, (max-width:767px) 700px, (max-width:1024px) 100vw, 1024px\" \/><\/a><\/figure><\/li><li class=\"blocks-gallery-item\"><figure><a href=\"https:\/\/www.krakow.szarytki.pl\/wp-content\/uploads\/2020\/04\/Konf.3.jpg\"><img loading=\"lazy\" decoding=\"async\" width=\"900\" height=\"675\" src=\"https:\/\/www.krakow.szarytki.pl\/wp-content\/uploads\/2020\/04\/Konf.3.jpg\" alt=\"\" data-id=\"8675\" data-full-url=\"https:\/\/www.krakow.szarytki.pl\/wp-content\/uploads\/2020\/04\/Konf.3.jpg\" data-link=\"https:\/\/www.krakow.szarytki.pl\/?attachment_id=8675\" class=\"wp-image-8675\" srcset=\"https:\/\/www.krakow.szarytki.pl\/wp-content\/uploads\/2020\/04\/Konf.3.jpg 900w, https:\/\/www.krakow.szarytki.pl\/wp-content\/uploads\/2020\/04\/Konf.3-550x413.jpg 550w, https:\/\/www.krakow.szarytki.pl\/wp-content\/uploads\/2020\/04\/Konf.3-768x576.jpg 768w, https:\/\/www.krakow.szarytki.pl\/wp-content\/uploads\/2020\/04\/Konf.3-100x75.jpg 100w, https:\/\/www.krakow.szarytki.pl\/wp-content\/uploads\/2020\/04\/Konf.3-700x525.jpg 700w\" sizes=\"auto, (max-width:767px) 700px, (max-width:900px) 100vw, 900px\" \/><\/a><\/figure><\/li><li class=\"blocks-gallery-item\"><figure><a href=\"https:\/\/www.krakow.szarytki.pl\/wp-content\/uploads\/2020\/04\/Konf.4.jpg\"><img loading=\"lazy\" decoding=\"async\" width=\"1024\" height=\"768\" src=\"https:\/\/www.krakow.szarytki.pl\/wp-content\/uploads\/2020\/04\/Konf.4-1024x768.jpg\" alt=\"\" data-id=\"8676\" data-full-url=\"https:\/\/www.krakow.szarytki.pl\/wp-content\/uploads\/2020\/04\/Konf.4.jpg\" data-link=\"https:\/\/www.krakow.szarytki.pl\/?attachment_id=8676\" class=\"wp-image-8676\" srcset=\"https:\/\/www.krakow.szarytki.pl\/wp-content\/uploads\/2020\/04\/Konf.4-1024x768.jpg 1024w, https:\/\/www.krakow.szarytki.pl\/wp-content\/uploads\/2020\/04\/Konf.4-550x413.jpg 550w, https:\/\/www.krakow.szarytki.pl\/wp-content\/uploads\/2020\/04\/Konf.4-768x576.jpg 768w, https:\/\/www.krakow.szarytki.pl\/wp-content\/uploads\/2020\/04\/Konf.4-1536x1152.jpg 1536w, https:\/\/www.krakow.szarytki.pl\/wp-content\/uploads\/2020\/04\/Konf.4-100x75.jpg 100w, https:\/\/www.krakow.szarytki.pl\/wp-content\/uploads\/2020\/04\/Konf.4-960x720.jpg 960w, https:\/\/www.krakow.szarytki.pl\/wp-content\/uploads\/2020\/04\/Konf.4-700x525.jpg 700w, https:\/\/www.krakow.szarytki.pl\/wp-content\/uploads\/2020\/04\/Konf.4.jpg 1920w\" sizes=\"auto, (max-width:767px) 700px, (max-width:1024px) 100vw, 1024px\" \/><\/a><\/figure><\/li><\/ul><\/figure>\n","protected":false},"excerpt":{"rendered":"<p>Zgromadzenie Si\u00f3str Mi\u0142osierdzia wsp\u00f3\u0142pracuje zgodnie ze wskazaniami Ko\u015bcio\u0142a z tymi, kt\u00f3rzy broni\u0105<\/p>\n","protected":false},"author":5,"featured_media":11006,"comment_status":"closed","ping_status":"closed","sticky":false,"template":"","format":"standard","meta":{"footnotes":""},"categories":[16,23],"tags":[],"class_list":["post-6902","post","type-post","status-publish","format-standard","has-post-thumbnail","hentry","category-krakow","category-krakow-warszawska-11"],"_links":{"self":[{"href":"https:\/\/www.krakow.szarytki.pl\/index.php?rest_route=\/wp\/v2\/posts\/6902","targetHints":{"allow":["GET"]}}],"collection":[{"href":"https:\/\/www.krakow.szarytki.pl\/index.php?rest_route=\/wp\/v2\/posts"}],"about":[{"href":"https:\/\/www.krakow.szarytki.pl\/index.php?rest_route=\/wp\/v2\/types\/post"}],"author":[{"embeddable":true,"href":"https:\/\/www.krakow.szarytki.pl\/index.php?rest_route=\/wp\/v2\/users\/5"}],"replies":[{"embeddable":true,"href":"https:\/\/www.krakow.szarytki.pl\/index.php?rest_route=%2Fwp%2Fv2%2Fcomments&post=6902"}],"version-history":[{"count":0,"href":"https:\/\/www.krakow.szarytki.pl\/index.php?rest_route=\/wp\/v2\/posts\/6902\/revisions"}],"wp:featuredmedia":[{"embeddable":true,"href":"https:\/\/www.krakow.szarytki.pl\/index.php?rest_route=\/wp\/v2\/media\/11006"}],"wp:attachment":[{"href":"https:\/\/www.krakow.szarytki.pl\/index.php?rest_route=%2Fwp%2Fv2%2Fmedia&parent=6902"}],"wp:term":[{"taxonomy":"category","embeddable":true,"href":"https:\/\/www.krakow.szarytki.pl\/index.php?rest_route=%2Fwp%2Fv2%2Fcategories&post=6902"},{"taxonomy":"post_tag","embeddable":true,"href":"https:\/\/www.krakow.szarytki.pl\/index.php?rest_route=%2Fwp%2Fv2%2Ftags&post=6902"}],"curies":[{"name":"wp","href":"https:\/\/api.w.org\/{rel}","templated":true}]}}