{"id":6780,"date":"2019-10-14T21:15:36","date_gmt":"2019-10-14T19:15:36","guid":{"rendered":"http:\/\/www.krakow.szarytki.pl\/?p=6780"},"modified":"2020-04-23T19:54:24","modified_gmt":"2020-04-23T17:54:24","slug":"30-lat-w-zakrystii","status":"publish","type":"post","link":"https:\/\/www.krakow.szarytki.pl\/?p=6780","title":{"rendered":"30 lat w zakrystii"},"content":{"rendered":"\n<p>W naszej wsp\u00f3lnocie przy ul. Piekarskiej\u2026 w dniu 27.08.2019 r. dzieli\u0142y\u015bmy rado\u015b\u0107 wraz z s. Mari\u0105, kt\u00f3ra obchodzi\u0142a jubileusz<!--more--> 30-lecia swojej pos\u0142ugi zakrystianki w Ko\u015bciele Ksi\u0119\u017cy Misjonarzy pw. Naj\u015bwi\u0119tszej Maryi Panny z Lourdes.  <\/p>\n\n\n\n<figure class=\"wp-block-gallery columns-2 is-cropped wp-block-gallery-1 is-layout-flex wp-block-gallery-is-layout-flex\"><ul class=\"blocks-gallery-grid\"><li class=\"blocks-gallery-item\"><figure><a href=\"https:\/\/www.krakow.szarytki.pl\/wp-content\/uploads\/2020\/04\/30-lecie1.jpeg\"><img loading=\"lazy\" decoding=\"async\" width=\"325\" height=\"651\" src=\"https:\/\/www.krakow.szarytki.pl\/wp-content\/uploads\/2020\/04\/30-lecie1.jpeg\" alt=\"\" data-id=\"8690\" data-full-url=\"https:\/\/www.krakow.szarytki.pl\/wp-content\/uploads\/2020\/04\/30-lecie1.jpeg\" data-link=\"https:\/\/www.krakow.szarytki.pl\/?attachment_id=8690\" class=\"wp-image-8690\" srcset=\"https:\/\/www.krakow.szarytki.pl\/wp-content\/uploads\/2020\/04\/30-lecie1.jpeg 325w, https:\/\/www.krakow.szarytki.pl\/wp-content\/uploads\/2020\/04\/30-lecie1-275x550.jpeg 275w, https:\/\/www.krakow.szarytki.pl\/wp-content\/uploads\/2020\/04\/30-lecie1-37x75.jpeg 37w\" sizes=\"auto, (max-width:767px) 325px, 325px\" \/><\/a><\/figure><\/li><li class=\"blocks-gallery-item\"><figure><a href=\"https:\/\/www.krakow.szarytki.pl\/wp-content\/uploads\/2020\/04\/30-lecie2.jpeg\"><img loading=\"lazy\" decoding=\"async\" width=\"660\" height=\"880\" src=\"https:\/\/www.krakow.szarytki.pl\/wp-content\/uploads\/2020\/04\/30-lecie2.jpeg\" alt=\"\" data-id=\"8691\" data-full-url=\"https:\/\/www.krakow.szarytki.pl\/wp-content\/uploads\/2020\/04\/30-lecie2.jpeg\" data-link=\"https:\/\/www.krakow.szarytki.pl\/?attachment_id=8691\" class=\"wp-image-8691\" srcset=\"https:\/\/www.krakow.szarytki.pl\/wp-content\/uploads\/2020\/04\/30-lecie2.jpeg 660w, https:\/\/www.krakow.szarytki.pl\/wp-content\/uploads\/2020\/04\/30-lecie2-413x550.jpeg 413w, https:\/\/www.krakow.szarytki.pl\/wp-content\/uploads\/2020\/04\/30-lecie2-56x75.jpeg 56w\" sizes=\"auto, (max-width:767px) 660px, 660px\" \/><\/a><\/figure><\/li><li class=\"blocks-gallery-item\"><figure><a href=\"https:\/\/www.krakow.szarytki.pl\/wp-content\/uploads\/2020\/04\/30-lecie3.jpeg\"><img loading=\"lazy\" decoding=\"async\" width=\"660\" height=\"880\" src=\"https:\/\/www.krakow.szarytki.pl\/wp-content\/uploads\/2020\/04\/30-lecie3.jpeg\" alt=\"\" data-id=\"8692\" data-full-url=\"https:\/\/www.krakow.szarytki.pl\/wp-content\/uploads\/2020\/04\/30-lecie3.jpeg\" data-link=\"https:\/\/www.krakow.szarytki.pl\/?attachment_id=8692\" class=\"wp-image-8692\" srcset=\"https:\/\/www.krakow.szarytki.pl\/wp-content\/uploads\/2020\/04\/30-lecie3.jpeg 660w, https:\/\/www.krakow.szarytki.pl\/wp-content\/uploads\/2020\/04\/30-lecie3-413x550.jpeg 413w, https:\/\/www.krakow.szarytki.pl\/wp-content\/uploads\/2020\/04\/30-lecie3-56x75.jpeg 56w\" sizes=\"auto, (max-width:767px) 660px, 660px\" \/><\/a><\/figure><\/li><li class=\"blocks-gallery-item\"><figure><a href=\"https:\/\/www.krakow.szarytki.pl\/wp-content\/uploads\/2020\/04\/30-lecie4.jpeg\"><img loading=\"lazy\" decoding=\"async\" width=\"614\" height=\"880\" src=\"https:\/\/www.krakow.szarytki.pl\/wp-content\/uploads\/2020\/04\/30-lecie4.jpeg\" alt=\"\" data-id=\"8693\" data-full-url=\"https:\/\/www.krakow.szarytki.pl\/wp-content\/uploads\/2020\/04\/30-lecie4.jpeg\" data-link=\"https:\/\/www.krakow.szarytki.pl\/?attachment_id=8693\" class=\"wp-image-8693\" srcset=\"https:\/\/www.krakow.szarytki.pl\/wp-content\/uploads\/2020\/04\/30-lecie4.jpeg 614w, https:\/\/www.krakow.szarytki.pl\/wp-content\/uploads\/2020\/04\/30-lecie4-384x550.jpeg 384w, https:\/\/www.krakow.szarytki.pl\/wp-content\/uploads\/2020\/04\/30-lecie4-52x75.jpeg 52w\" sizes=\"auto, (max-width:767px) 614px, 614px\" \/><\/a><\/figure><\/li><\/ul><\/figure>\n\n\n\n<p>Trudno uwierzy\u0107, \u017ce tyle ju\u017c lat siostra Maria dogl\u0105da \u201eko\u015bcielnego zaplecza\u201d olbrzymiej, b\u0105d\u017a co b\u0105d\u017a, krakowskiej parafii Ksi\u0119\u017cy Misjonarzy. Jej pieczy powierzony jest wystr\u00f3j \u015bwi\u0105tyni, zw\u0142aszcza dekoracje kwiatowe, szaty, bielizna o\u0142tarzowa i to, co potrzebne do nabo\u017ce\u0144stw&#8230; <\/p>\n\n\n\n<p>Niech szczeg\u00f3\u0142y wn\u0119trza ko\u015bcio\u0142a, jako pierwiastki Bo\u017cego pi\u0119kna i harmonii, pomagaj\u0105 uczestnikom liturgii w odkrywaniu dobroci Stw\u00f3rcy.<\/p>\n","protected":false},"excerpt":{"rendered":"<p>W naszej wsp\u00f3lnocie przy ul. Piekarskiej\u2026 w dniu 27.08.2019 r. dzieli\u0142y\u015bmy rado\u015b\u0107 wraz z s. Mari\u0105, kt\u00f3ra obchodzi\u0142a jubileusz<\/p>\n","protected":false},"author":5,"featured_media":6788,"comment_status":"closed","ping_status":"closed","sticky":false,"template":"","format":"standard","meta":{"footnotes":""},"categories":[28],"tags":[],"class_list":["post-6780","post","type-post","status-publish","format-standard","has-post-thumbnail","hentry","category-krakow-piekarska"],"_links":{"self":[{"href":"https:\/\/www.krakow.szarytki.pl\/index.php?rest_route=\/wp\/v2\/posts\/6780","targetHints":{"allow":["GET"]}}],"collection":[{"href":"https:\/\/www.krakow.szarytki.pl\/index.php?rest_route=\/wp\/v2\/posts"}],"about":[{"href":"https:\/\/www.krakow.szarytki.pl\/index.php?rest_route=\/wp\/v2\/types\/post"}],"author":[{"embeddable":true,"href":"https:\/\/www.krakow.szarytki.pl\/index.php?rest_route=\/wp\/v2\/users\/5"}],"replies":[{"embeddable":true,"href":"https:\/\/www.krakow.szarytki.pl\/index.php?rest_route=%2Fwp%2Fv2%2Fcomments&post=6780"}],"version-history":[{"count":0,"href":"https:\/\/www.krakow.szarytki.pl\/index.php?rest_route=\/wp\/v2\/posts\/6780\/revisions"}],"wp:featuredmedia":[{"embeddable":true,"href":"https:\/\/www.krakow.szarytki.pl\/index.php?rest_route=\/"}],"wp:attachment":[{"href":"https:\/\/www.krakow.szarytki.pl\/index.php?rest_route=%2Fwp%2Fv2%2Fmedia&parent=6780"}],"wp:term":[{"taxonomy":"category","embeddable":true,"href":"https:\/\/www.krakow.szarytki.pl\/index.php?rest_route=%2Fwp%2Fv2%2Fcategories&post=6780"},{"taxonomy":"post_tag","embeddable":true,"href":"https:\/\/www.krakow.szarytki.pl\/index.php?rest_route=%2Fwp%2Fv2%2Ftags&post=6780"}],"curies":[{"name":"wp","href":"https:\/\/api.w.org\/{rel}","templated":true}]}}