{"id":6663,"date":"2019-09-05T13:48:31","date_gmt":"2019-09-05T11:48:31","guid":{"rendered":"http:\/\/www.krakow.szarytki.pl\/?p=6663"},"modified":"2020-08-14T13:55:07","modified_gmt":"2020-08-14T11:55:07","slug":"przedszkolaki-i-swieci","status":"publish","type":"post","link":"https:\/\/www.krakow.szarytki.pl\/?p=6663","title":{"rendered":"Przedszkolaki i \u015awi\u0119ci"},"content":{"rendered":"\n<p>W odpowiedzi na wezwanie Prze\u0142o\u017conego Rodziny Wincenty\u0144skiej, by odnowi\u0107 i pog\u0142\u0119bi\u0107 znajomo\u015b\u0107 naszych \u015awi\u0119tych<!--more-->, szczeg\u00f3lnie wykazali si\u0119 najm\u0142odsi. Dzieci z Przedszkola nr 2 w Krakowie przygotowa\u0142y materia\u0142y wideo o patronach swoich grup. Publikujemy poni\u017cej ich multimedialne prezentacje&#8230;<\/p>\n\n\n\n<figure class=\"wp-block-embed-youtube wp-block-embed is-type-video is-provider-youtube wp-embed-aspect-4-3 wp-has-aspect-ratio\"><div class=\"wp-block-embed__wrapper\">\n<iframe loading=\"lazy\" title=\"B\u0142.  Marta Wiecka\" width=\"1220\" height=\"915\" src=\"https:\/\/www.youtube.com\/embed\/Th7UalCS4mM?feature=oembed\" frameborder=\"0\" allow=\"accelerometer; autoplay; encrypted-media; gyroscope; picture-in-picture\" allowfullscreen><\/iframe>\n<\/div><\/figure>\n\n\n\n<figure class=\"wp-block-embed-youtube wp-block-embed is-type-video is-provider-youtube wp-embed-aspect-16-9 wp-has-aspect-ratio\"><div class=\"wp-block-embed__wrapper\">\n<iframe loading=\"lazy\" title=\"B\u0142. J\u00f3zefina Nicoli\" width=\"1220\" height=\"686\" src=\"https:\/\/www.youtube.com\/embed\/p1OS5OJTiYE?feature=oembed\" frameborder=\"0\" allow=\"accelerometer; autoplay; encrypted-media; gyroscope; picture-in-picture\" allowfullscreen><\/iframe>\n<\/div><\/figure>\n\n\n\n<figure class=\"wp-block-embed-youtube wp-block-embed is-type-video is-provider-youtube wp-embed-aspect-4-3 wp-has-aspect-ratio\"><div class=\"wp-block-embed__wrapper\">\n<iframe loading=\"lazy\" title=\"\u015aw. El\u017cbieta Seton\" width=\"1220\" height=\"915\" src=\"https:\/\/www.youtube.com\/embed\/SF_Pg5zxH0M?feature=oembed\" frameborder=\"0\" allow=\"accelerometer; autoplay; encrypted-media; gyroscope; picture-in-picture\" allowfullscreen><\/iframe>\n<\/div><\/figure>\n\n\n\n<figure class=\"wp-block-embed-youtube wp-block-embed is-type-video is-provider-youtube wp-embed-aspect-16-9 wp-has-aspect-ratio\"><div class=\"wp-block-embed__wrapper\">\n<iframe loading=\"lazy\" title=\"B\u0142. Fryderyk Ozanam\" width=\"1220\" height=\"686\" src=\"https:\/\/www.youtube.com\/embed\/PsmaPF6Pz2s?feature=oembed\" frameborder=\"0\" allow=\"accelerometer; autoplay; encrypted-media; gyroscope; picture-in-picture\" allowfullscreen><\/iframe>\n<\/div><\/figure>\n\n\n\n<figure class=\"wp-block-embed-youtube wp-block-embed is-type-video is-provider-youtube wp-embed-aspect-16-9 wp-has-aspect-ratio\"><div class=\"wp-block-embed__wrapper\">\n<iframe loading=\"lazy\" title=\"B\u0142. S. Rozalia Rendu\" width=\"1220\" height=\"686\" src=\"https:\/\/www.youtube.com\/embed\/ktspdSKt9RE?feature=oembed\" frameborder=\"0\" allow=\"accelerometer; autoplay; encrypted-media; gyroscope; picture-in-picture\" allowfullscreen><\/iframe>\n<\/div><\/figure>\n","protected":false},"excerpt":{"rendered":"<p>W odpowiedzi na wezwanie Prze\u0142o\u017conego Rodziny Wincenty\u0144skiej, by odnowi\u0107 i pog\u0142\u0119bi\u0107 znajomo\u015b\u0107 naszych \u015awi\u0119tych<\/p>\n","protected":false},"author":5,"featured_media":6664,"comment_status":"closed","ping_status":"closed","sticky":false,"template":"","format":"standard","meta":{"footnotes":""},"categories":[16],"tags":[],"class_list":["post-6663","post","type-post","status-publish","format-standard","has-post-thumbnail","hentry","category-krakow"],"_links":{"self":[{"href":"https:\/\/www.krakow.szarytki.pl\/index.php?rest_route=\/wp\/v2\/posts\/6663","targetHints":{"allow":["GET"]}}],"collection":[{"href":"https:\/\/www.krakow.szarytki.pl\/index.php?rest_route=\/wp\/v2\/posts"}],"about":[{"href":"https:\/\/www.krakow.szarytki.pl\/index.php?rest_route=\/wp\/v2\/types\/post"}],"author":[{"embeddable":true,"href":"https:\/\/www.krakow.szarytki.pl\/index.php?rest_route=\/wp\/v2\/users\/5"}],"replies":[{"embeddable":true,"href":"https:\/\/www.krakow.szarytki.pl\/index.php?rest_route=%2Fwp%2Fv2%2Fcomments&post=6663"}],"version-history":[{"count":0,"href":"https:\/\/www.krakow.szarytki.pl\/index.php?rest_route=\/wp\/v2\/posts\/6663\/revisions"}],"wp:featuredmedia":[{"embeddable":true,"href":"https:\/\/www.krakow.szarytki.pl\/index.php?rest_route=\/wp\/v2\/media\/6664"}],"wp:attachment":[{"href":"https:\/\/www.krakow.szarytki.pl\/index.php?rest_route=%2Fwp%2Fv2%2Fmedia&parent=6663"}],"wp:term":[{"taxonomy":"category","embeddable":true,"href":"https:\/\/www.krakow.szarytki.pl\/index.php?rest_route=%2Fwp%2Fv2%2Fcategories&post=6663"},{"taxonomy":"post_tag","embeddable":true,"href":"https:\/\/www.krakow.szarytki.pl\/index.php?rest_route=%2Fwp%2Fv2%2Ftags&post=6663"}],"curies":[{"name":"wp","href":"https:\/\/api.w.org\/{rel}","templated":true}]}}