{"id":6643,"date":"2019-08-18T20:00:16","date_gmt":"2019-08-18T18:00:16","guid":{"rendered":"http:\/\/www.krakow.szarytki.pl\/?p=6643"},"modified":"2020-11-30T16:39:53","modified_gmt":"2020-11-30T15:39:53","slug":"jubilate-deo","status":"publish","type":"post","link":"https:\/\/www.krakow.szarytki.pl\/?p=6643","title":{"rendered":"Jubilate Deo!"},"content":{"rendered":"\n<p> \u201eNa wieki b\u0119d\u0119 opiewa\u0142 \u0142aski Pana, moimi ustami b\u0119d\u0119 g\u0142osi\u0142 Tw\u0105 wierno\u015b\u0107 przez wszystkie pokolenia\u201d <!--more-->  (Ps 89)<\/p>\n\n\n\n<figure class=\"wp-block-embed-youtube wp-block-embed is-type-video is-provider-youtube wp-embed-aspect-16-9 wp-has-aspect-ratio\"><div class=\"wp-block-embed__wrapper\">\n<iframe loading=\"lazy\" title=\"Jubileusz 2019\" width=\"1220\" height=\"686\" src=\"https:\/\/www.youtube.com\/embed\/saTKAdheDLo?feature=oembed\" frameborder=\"0\" allow=\"accelerometer; autoplay; clipboard-write; encrypted-media; gyroscope; picture-in-picture\" allowfullscreen><\/iframe>\n<\/div><\/figure>\n\n\n\n<p>Dzie\u0144\nWniebowzi\u0119cia NMP w domu prowincjalnym tradycyjnie obchodzony jest\njako dzi\u0119kczynienie za dar powo\u0142ania si\u00f3str Jubilatek. W tym roku\n\u015bwi\u0119towa\u0142o a\u017c pi\u0119tna\u015bcie si\u00f3str \u2013 trzy z nich obchodz\u0105\n70-lecie pos\u0142ugi, a\u017c dziewi\u0119\u0107 si\u00f3str \u2013 60-lecie i r\u00f3wnie\u017c\ntrzy szarytki celebruj\u0105 z\u0142oty jubileusz 50-lecia powo\u0142ania.<\/p>\n\n\n\n<p>Te\nkilkadziesi\u0105t lat w Zgromadzeniu to barwny kalejdoskop plac\u00f3wek,\nparafii i wsp\u00f3lnot, ale przede wszystkim to bogata mozaika twarzy\nludzi spragnionych \u015bwiadectwa Bo\u017cej Mi\u0142o\u015bci. Nasze Jubilatki\noddawa\u0142y cze\u015b\u0107 Jezusowi s\u0142u\u017c\u0105c Mu jako piel\u0119gniarki,\nkatechetki, zakrystianki\u2026 Znajduj\u0105 si\u0119 w\u015br\u00f3d nich tak\u017ce\nd\u0142ugoletnie misjonarki: siostra Romana, kt\u00f3ra pos\u0142uguje w\nKamerunie od oko\u0142o 40 lat oraz jej siostra Zofia, kt\u00f3ra s\u0142u\u017cy\u0142a\nd\u0142ugie lata na Ukrainie oraz w Rosji. \n<\/p>\n\n\n\n<p>W\nci\u0105gu dw\u00f3ch dni \u2013 14 i 15 sierpnia &#8211; Czcigodne Jubilatki mia\u0142y\nokazj\u0119 do wsp\u00f3lnej modlitwy, ubogacenia refleksj\u0105 prze\u0142o\u017conych,\ndzielenia si\u0119 wspomnieniami oraz przyjmowania \u017cycze\u0144 i radosnego\n\u015bwi\u0119towania we Wsp\u00f3lnocie. \n<\/p>\n\n\n\n<p>\u201eB\u0142ogos\u0142aw,\nduszo moja, Pana, i nie zapominaj o wszystkich Jego\ndobrodziejstwach!\u201d (Ps 103). Nie zapominajmy o tych wszystkich\ndobrodziejstwach, kt\u00f3re Dobry B\u00f3g sprawia w naszych siostrach! \n<\/p>\n\n\n\n<figure class=\"wp-block-gallery columns-3 is-cropped wp-block-gallery-1 is-layout-flex wp-block-gallery-is-layout-flex\"><ul class=\"blocks-gallery-grid\"><li class=\"blocks-gallery-item\"><figure><a href=\"https:\/\/www.krakow.szarytki.pl\/wp-content\/uploads\/2019\/08\/DSCN5546-pop-1.jpg\"><img loading=\"lazy\" decoding=\"async\" width=\"900\" height=\"675\" src=\"https:\/\/www.krakow.szarytki.pl\/wp-content\/uploads\/2019\/08\/DSCN5546-pop-1.jpg\" alt=\"\" data-id=\"6646\" data-link=\"https:\/\/www.krakow.szarytki.pl\/?attachment_id=6646\" class=\"wp-image-6646\" srcset=\"https:\/\/www.krakow.szarytki.pl\/wp-content\/uploads\/2019\/08\/DSCN5546-pop-1.jpg 900w, https:\/\/www.krakow.szarytki.pl\/wp-content\/uploads\/2019\/08\/DSCN5546-pop-1-550x413.jpg 550w, https:\/\/www.krakow.szarytki.pl\/wp-content\/uploads\/2019\/08\/DSCN5546-pop-1-768x576.jpg 768w, https:\/\/www.krakow.szarytki.pl\/wp-content\/uploads\/2019\/08\/DSCN5546-pop-1-195x146.jpg 195w, https:\/\/www.krakow.szarytki.pl\/wp-content\/uploads\/2019\/08\/DSCN5546-pop-1-50x38.jpg 50w, https:\/\/www.krakow.szarytki.pl\/wp-content\/uploads\/2019\/08\/DSCN5546-pop-1-100x75.jpg 100w\" sizes=\"auto, (max-width:767px) 700px, (max-width:900px) 100vw, 900px\" \/><\/a><\/figure><\/li><li class=\"blocks-gallery-item\"><figure><a href=\"https:\/\/www.krakow.szarytki.pl\/wp-content\/uploads\/2019\/08\/DSCN5551-pop-1.jpg\"><img loading=\"lazy\" decoding=\"async\" width=\"900\" height=\"675\" src=\"https:\/\/www.krakow.szarytki.pl\/wp-content\/uploads\/2019\/08\/DSCN5551-pop-1.jpg\" alt=\"\" data-id=\"6648\" data-link=\"https:\/\/www.krakow.szarytki.pl\/?attachment_id=6648\" class=\"wp-image-6648\" srcset=\"https:\/\/www.krakow.szarytki.pl\/wp-content\/uploads\/2019\/08\/DSCN5551-pop-1.jpg 900w, https:\/\/www.krakow.szarytki.pl\/wp-content\/uploads\/2019\/08\/DSCN5551-pop-1-550x413.jpg 550w, https:\/\/www.krakow.szarytki.pl\/wp-content\/uploads\/2019\/08\/DSCN5551-pop-1-768x576.jpg 768w, https:\/\/www.krakow.szarytki.pl\/wp-content\/uploads\/2019\/08\/DSCN5551-pop-1-195x146.jpg 195w, https:\/\/www.krakow.szarytki.pl\/wp-content\/uploads\/2019\/08\/DSCN5551-pop-1-50x38.jpg 50w, https:\/\/www.krakow.szarytki.pl\/wp-content\/uploads\/2019\/08\/DSCN5551-pop-1-100x75.jpg 100w\" sizes=\"auto, (max-width:767px) 700px, (max-width:900px) 100vw, 900px\" \/><\/a><\/figure><\/li><li class=\"blocks-gallery-item\"><figure><a href=\"https:\/\/www.krakow.szarytki.pl\/wp-content\/uploads\/2019\/08\/DSCN5562-pop-1.jpg\"><img loading=\"lazy\" decoding=\"async\" width=\"600\" height=\"800\" src=\"https:\/\/www.krakow.szarytki.pl\/wp-content\/uploads\/2019\/08\/DSCN5562-pop-1.jpg\" alt=\"\" data-id=\"6650\" data-link=\"https:\/\/www.krakow.szarytki.pl\/?attachment_id=6650\" class=\"wp-image-6650\" srcset=\"https:\/\/www.krakow.szarytki.pl\/wp-content\/uploads\/2019\/08\/DSCN5562-pop-1.jpg 600w, https:\/\/www.krakow.szarytki.pl\/wp-content\/uploads\/2019\/08\/DSCN5562-pop-1-413x550.jpg 413w, https:\/\/www.krakow.szarytki.pl\/wp-content\/uploads\/2019\/08\/DSCN5562-pop-1-110x146.jpg 110w, https:\/\/www.krakow.szarytki.pl\/wp-content\/uploads\/2019\/08\/DSCN5562-pop-1-38x50.jpg 38w, https:\/\/www.krakow.szarytki.pl\/wp-content\/uploads\/2019\/08\/DSCN5562-pop-1-56x75.jpg 56w\" sizes=\"auto, (max-width:767px) 600px, 600px\" \/><\/a><\/figure><\/li><li class=\"blocks-gallery-item\"><figure><a href=\"https:\/\/www.krakow.szarytki.pl\/wp-content\/uploads\/2019\/08\/DSCN5574-pop-1.jpg\"><img loading=\"lazy\" decoding=\"async\" width=\"900\" height=\"675\" src=\"https:\/\/www.krakow.szarytki.pl\/wp-content\/uploads\/2019\/08\/DSCN5574-pop-1.jpg\" alt=\"\" data-id=\"6652\" data-link=\"https:\/\/www.krakow.szarytki.pl\/?attachment_id=6652\" class=\"wp-image-6652\" srcset=\"https:\/\/www.krakow.szarytki.pl\/wp-content\/uploads\/2019\/08\/DSCN5574-pop-1.jpg 900w, https:\/\/www.krakow.szarytki.pl\/wp-content\/uploads\/2019\/08\/DSCN5574-pop-1-550x413.jpg 550w, https:\/\/www.krakow.szarytki.pl\/wp-content\/uploads\/2019\/08\/DSCN5574-pop-1-768x576.jpg 768w, https:\/\/www.krakow.szarytki.pl\/wp-content\/uploads\/2019\/08\/DSCN5574-pop-1-195x146.jpg 195w, https:\/\/www.krakow.szarytki.pl\/wp-content\/uploads\/2019\/08\/DSCN5574-pop-1-50x38.jpg 50w, https:\/\/www.krakow.szarytki.pl\/wp-content\/uploads\/2019\/08\/DSCN5574-pop-1-100x75.jpg 100w\" sizes=\"auto, (max-width:767px) 700px, (max-width:900px) 100vw, 900px\" \/><\/a><\/figure><\/li><li class=\"blocks-gallery-item\"><figure><a href=\"https:\/\/www.krakow.szarytki.pl\/wp-content\/uploads\/2019\/08\/DSCN5584-pop-1.jpg\"><img loading=\"lazy\" decoding=\"async\" width=\"600\" height=\"800\" src=\"https:\/\/www.krakow.szarytki.pl\/wp-content\/uploads\/2019\/08\/DSCN5584-pop-1.jpg\" alt=\"\" data-id=\"6654\" data-link=\"https:\/\/www.krakow.szarytki.pl\/?attachment_id=6654\" class=\"wp-image-6654\" srcset=\"https:\/\/www.krakow.szarytki.pl\/wp-content\/uploads\/2019\/08\/DSCN5584-pop-1.jpg 600w, https:\/\/www.krakow.szarytki.pl\/wp-content\/uploads\/2019\/08\/DSCN5584-pop-1-413x550.jpg 413w, https:\/\/www.krakow.szarytki.pl\/wp-content\/uploads\/2019\/08\/DSCN5584-pop-1-110x146.jpg 110w, https:\/\/www.krakow.szarytki.pl\/wp-content\/uploads\/2019\/08\/DSCN5584-pop-1-38x50.jpg 38w, https:\/\/www.krakow.szarytki.pl\/wp-content\/uploads\/2019\/08\/DSCN5584-pop-1-56x75.jpg 56w\" sizes=\"auto, (max-width:767px) 600px, 600px\" \/><\/a><\/figure><\/li><li class=\"blocks-gallery-item\"><figure><a href=\"https:\/\/www.krakow.szarytki.pl\/wp-content\/uploads\/2019\/08\/DSCN5587-pop-1.jpg\"><img loading=\"lazy\" decoding=\"async\" width=\"900\" height=\"675\" src=\"https:\/\/www.krakow.szarytki.pl\/wp-content\/uploads\/2019\/08\/DSCN5587-pop-1.jpg\" alt=\"\" data-id=\"6656\" data-link=\"https:\/\/www.krakow.szarytki.pl\/?attachment_id=6656\" class=\"wp-image-6656\" srcset=\"https:\/\/www.krakow.szarytki.pl\/wp-content\/uploads\/2019\/08\/DSCN5587-pop-1.jpg 900w, https:\/\/www.krakow.szarytki.pl\/wp-content\/uploads\/2019\/08\/DSCN5587-pop-1-550x413.jpg 550w, https:\/\/www.krakow.szarytki.pl\/wp-content\/uploads\/2019\/08\/DSCN5587-pop-1-768x576.jpg 768w, https:\/\/www.krakow.szarytki.pl\/wp-content\/uploads\/2019\/08\/DSCN5587-pop-1-195x146.jpg 195w, https:\/\/www.krakow.szarytki.pl\/wp-content\/uploads\/2019\/08\/DSCN5587-pop-1-50x38.jpg 50w, https:\/\/www.krakow.szarytki.pl\/wp-content\/uploads\/2019\/08\/DSCN5587-pop-1-100x75.jpg 100w\" sizes=\"auto, (max-width:767px) 700px, (max-width:900px) 100vw, 900px\" \/><\/a><\/figure><\/li><\/ul><\/figure>\n","protected":false},"excerpt":{"rendered":"<p>\u201eNa wieki b\u0119d\u0119 opiewa\u0142 \u0142aski Pana, moimi ustami b\u0119d\u0119 g\u0142osi\u0142 Tw\u0105 wierno\u015b\u0107 przez wszystkie pokolenia\u201d<\/p>\n","protected":false},"author":5,"featured_media":10230,"comment_status":"closed","ping_status":"closed","sticky":false,"template":"","format":"standard","meta":{"footnotes":""},"categories":[16],"tags":[],"class_list":["post-6643","post","type-post","status-publish","format-standard","has-post-thumbnail","hentry","category-krakow"],"_links":{"self":[{"href":"https:\/\/www.krakow.szarytki.pl\/index.php?rest_route=\/wp\/v2\/posts\/6643","targetHints":{"allow":["GET"]}}],"collection":[{"href":"https:\/\/www.krakow.szarytki.pl\/index.php?rest_route=\/wp\/v2\/posts"}],"about":[{"href":"https:\/\/www.krakow.szarytki.pl\/index.php?rest_route=\/wp\/v2\/types\/post"}],"author":[{"embeddable":true,"href":"https:\/\/www.krakow.szarytki.pl\/index.php?rest_route=\/wp\/v2\/users\/5"}],"replies":[{"embeddable":true,"href":"https:\/\/www.krakow.szarytki.pl\/index.php?rest_route=%2Fwp%2Fv2%2Fcomments&post=6643"}],"version-history":[{"count":0,"href":"https:\/\/www.krakow.szarytki.pl\/index.php?rest_route=\/wp\/v2\/posts\/6643\/revisions"}],"wp:featuredmedia":[{"embeddable":true,"href":"https:\/\/www.krakow.szarytki.pl\/index.php?rest_route=\/wp\/v2\/media\/10230"}],"wp:attachment":[{"href":"https:\/\/www.krakow.szarytki.pl\/index.php?rest_route=%2Fwp%2Fv2%2Fmedia&parent=6643"}],"wp:term":[{"taxonomy":"category","embeddable":true,"href":"https:\/\/www.krakow.szarytki.pl\/index.php?rest_route=%2Fwp%2Fv2%2Fcategories&post=6643"},{"taxonomy":"post_tag","embeddable":true,"href":"https:\/\/www.krakow.szarytki.pl\/index.php?rest_route=%2Fwp%2Fv2%2Ftags&post=6643"}],"curies":[{"name":"wp","href":"https:\/\/api.w.org\/{rel}","templated":true}]}}