{"id":6599,"date":"2019-08-09T20:43:14","date_gmt":"2019-08-09T18:43:14","guid":{"rendered":"http:\/\/www.krakow.szarytki.pl\/?p=6599"},"modified":"2020-11-30T17:22:22","modified_gmt":"2020-11-30T16:22:22","slug":"autostrada-do-nieba","status":"publish","type":"post","link":"https:\/\/www.krakow.szarytki.pl\/?p=6599","title":{"rendered":"Autostrada do Nieba"},"content":{"rendered":"\n<p>Nazwa, jak\u0105 siostra Jadwiga  nada\u0142a temu miejscu, powoduje cz\u0119sto uniesienie brwi, zdziwienie. A ruch tutaj panuje <!--more-->szybki, jednokierunkowy, jak na autostradzie.  Pokutuje jeszcze pesymistyczne okre\u015blenie hospicjum jako \u201eumieralni\u201d, co niesie ze sob\u0105 ca\u0142\u0105 gam\u0119 ponurych skojarze\u0144. Wiele os\u00f3b przyzna\u0142o, \u017ce uprzedzenie to porzucili w konfrontacji z rzeczywisto\u015bci\u0105.<\/p>\n\n\n\n<div class=\"wp-block-image\"><figure class=\"aligncenter is-resized\"><a href=\"https:\/\/www.krakow.szarytki.pl\/wp-content\/uploads\/2019\/08\/20-lat-hospicjum-00.jpg\"><img loading=\"lazy\" decoding=\"async\" src=\"https:\/\/www.krakow.szarytki.pl\/wp-content\/uploads\/2019\/08\/20-lat-hospicjum-00.jpg\" alt=\"\" class=\"wp-image-6602\" width=\"425\" height=\"318\"\/><\/a><\/figure><\/div>\n\n\n\n<p>Opieka <strong>paliatywna<\/strong> w hospicjum ma na celu popraw\u0119<strong> jako\u015bci<\/strong> <strong>\u017cycia <\/strong>pacjent\u00f3w i ich rodzin, staj\u0105cych wobec problem\u00f3w wynikaj\u0105cych z choroby zagra\u017caj\u0105cej \u017cyciu. S\u0142owo to wywodzi si\u0119 od \u0142aci\u0144skiego \u201epalium\u201d oznaczaj\u0105cego p\u0142aszcz. W kontek\u015bcie medycznym wi\u0105\u017ce si\u0119 z \u0142agodzeniem i skrywaniem  przykrych objaw\u00f3w. Prof. Jacek \u0141uczak, pionier medycyny paliatywnej w Polsce, stwierdza: <em>\u201eHospicjum to nie instytucja, ale idea ca\u0142o\u015bciowej opieki paliatywnej, otulaj\u0105cej delikatnym p\u0142aszczem cierpi\u0105c\u0105 osob\u0119 z jej obola\u0142ym cia\u0142em, zranion\u0105 psychik\u0105 i udr\u0119czon\u0105 dusz\u0105\u201d.<\/em><\/p>\n\n\n\n<p>Wielk\u0105 \u0142ask\u0105 jest dla nas bycie \u015bwiadkami wzruszaj\u0105cych powrot\u00f3w do Boga i spotka\u0144 z Nim w zwyk\u0142ej codzienno\u015bci hospicjum. Ju\u017c samo to miejsce, z Jezusem Mi\u0142osiernym widocznym u wylotu korytarza, w blisko\u015bci sakrament\u00f3w i ludzkiego towarzyszenia, sprzyja uporz\u0105dkowaniu relacji z Bogiem i lud\u017ami. Pewien starszy pan wyrazi\u0142 szczer\u0105 rado\u015b\u0107, \u017ce m\u00f3g\u0142 si\u0119 wyspowiada\u0107 po 40-latach, gdy\u017c \u201eten starszy ksi\u0105dz wyt\u0142umaczy\u0142 mu tak jasno to, czego inni nie umieli\u201d. Innym razem siostra odkry\u0142a w rozmowie z rodzin\u0105, \u017ce pacjentka nie przyst\u0119powa\u0142a kilkadziesi\u0105t lat do sakrament\u00f3w. Twierdzi\u0142a, \u017ce nie umie ju\u017c si\u0119 spowiada\u0107, wi\u0119c przez kilka dy\u017cur\u00f3w by\u0142a stopniowo przygotowywana i o\u015bmielana do sakramentu pojednania&#8230;  Czasem niby od niechcenia chorzy rzucaj\u0105 pytania o sw\u00f3j dalszy los, o cel i sens egzystencji\u2026  dziel\u0105 si\u0119 refleksjami\u2026  <\/p>\n\n\n\n<figure class=\"wp-block-gallery columns-2 is-cropped wp-block-gallery-1 is-layout-flex wp-block-gallery-is-layout-flex\"><ul class=\"blocks-gallery-grid\"><li class=\"blocks-gallery-item\"><figure><a href=\"https:\/\/www.krakow.szarytki.pl\/wp-content\/uploads\/2019\/08\/20-lat-hospicjum-01.jpg\"><img decoding=\"async\" src=\"https:\/\/www.krakow.szarytki.pl\/wp-content\/uploads\/2019\/08\/20-lat-hospicjum-01.jpg\" alt=\"\" data-id=\"6603\" data-link=\"https:\/\/www.krakow.szarytki.pl\/?attachment_id=6603\" class=\"wp-image-6603\"\/><\/a><\/figure><\/li><li class=\"blocks-gallery-item\"><figure><a href=\"https:\/\/www.krakow.szarytki.pl\/wp-content\/uploads\/2019\/08\/20-lat-hospicjum-02a.jpg\"><img decoding=\"async\" src=\"https:\/\/www.krakow.szarytki.pl\/wp-content\/uploads\/2019\/08\/20-lat-hospicjum-02a.jpg\" alt=\"\" data-id=\"6604\" data-link=\"https:\/\/www.krakow.szarytki.pl\/?attachment_id=6604\" class=\"wp-image-6604\"\/><\/a><\/figure><\/li><li class=\"blocks-gallery-item\"><figure><a href=\"https:\/\/www.krakow.szarytki.pl\/wp-content\/uploads\/2019\/08\/20-lat-hospicjum-02b.jpg\"><img decoding=\"async\" src=\"https:\/\/www.krakow.szarytki.pl\/wp-content\/uploads\/2019\/08\/20-lat-hospicjum-02b.jpg\" alt=\"\" data-id=\"6605\" data-link=\"https:\/\/www.krakow.szarytki.pl\/?attachment_id=6605\" class=\"wp-image-6605\"\/><\/a><\/figure><\/li><li class=\"blocks-gallery-item\"><figure><a href=\"https:\/\/www.krakow.szarytki.pl\/wp-content\/uploads\/2019\/08\/20-lat-hospicjum-04.jpg\"><img decoding=\"async\" src=\"https:\/\/www.krakow.szarytki.pl\/wp-content\/uploads\/2019\/08\/20-lat-hospicjum-04.jpg\" alt=\"\" data-id=\"6606\" data-link=\"https:\/\/www.krakow.szarytki.pl\/?attachment_id=6606\" class=\"wp-image-6606\"\/><\/a><\/figure><\/li><li class=\"blocks-gallery-item\"><figure><a href=\"https:\/\/www.krakow.szarytki.pl\/wp-content\/uploads\/2019\/08\/20-lat-hospicjum-05.jpg\"><img decoding=\"async\" src=\"https:\/\/www.krakow.szarytki.pl\/wp-content\/uploads\/2019\/08\/20-lat-hospicjum-05.jpg\" alt=\"\" data-id=\"6607\" data-link=\"https:\/\/www.krakow.szarytki.pl\/?attachment_id=6607\" class=\"wp-image-6607\"\/><\/a><\/figure><\/li><li class=\"blocks-gallery-item\"><figure><a href=\"https:\/\/www.krakow.szarytki.pl\/wp-content\/uploads\/2019\/08\/20-lat-hospicjum-06-1.jpg\"><img decoding=\"async\" src=\"https:\/\/www.krakow.szarytki.pl\/wp-content\/uploads\/2019\/08\/20-lat-hospicjum-06-1.jpg\" alt=\"\" data-id=\"6614\" data-link=\"https:\/\/www.krakow.szarytki.pl\/?attachment_id=6614\" class=\"wp-image-6614\"\/><\/a><\/figure><\/li><\/ul><\/figure>\n\n\n\n<p>W tym roku mija 20 lat, od kiedy ks. proboszcz J\u00f3zef Poremba, pomys\u0142odawca i budowniczy Hospicjum w D\u0105browie, zwr\u00f3ci\u0142 si\u0119 do szarytek, by otoczy\u0142y p\u0142aszczem opieki przyjmowanych tu chorych. Wsp\u00f3\u0142pracuj\u0105c z ca\u0142ym zespo\u0142em terapeutycznym i duszpasterskim, pos\u0142ugiwa\u0142y tutaj zawsze dwie lub trzy siostry piel\u0119gniarki. Patronem plac\u00f3wki jest \u015bw. Brat Albert, kt\u00f3ry przejawia\u0142 t\u0119 sam\u0105 mi\u0142o\u015b\u0107 do Ubogich, co nasz \u015bw. Wincenty. Obaj wzywaj\u0105 nas do otoczenia trosk\u0105 cia\u0142 i dusz udr\u0119czonych ludzi, dzi\u015b powiedzieliby\u015bmy \u2013 do holistycznej opieki nad nimi na ostatnim etapie ich drogi do Domu Ojca.<\/p>\n\n\n\n<p>Tegoroczna uroczysto\u015b\u0107 odpustowa ku czci \u015bw. Brata Alberta \u0142\u0105czy\u0142a si\u0119 z 20 rocznic\u0105 rozpocz\u0119cia dzia\u0142alno\u015bci przez Hospicjum. Mszy \u015bw. przewodniczy\u0142 ks. bp Stanis\u0142aw Salaterski. W swojej homilii zach\u0119ca\u0142 chorych, aby starali si\u0119 przyjmowa\u0107 chrze\u015bcija\u0144sk\u0105 postaw\u0119 wobec cierpienia. Wezwa\u0142 tak\u017ce pracownik\u00f3w do ci\u0105g\u0142ego odnawiania motywacji w pos\u0142udze, oraz powracania do \u017ar\u00f3d\u0142a \u2013  zawo\u0142ania \u015bw. Brata Alberta by \u201eby\u0107 dobrym jak chleb, kt\u00f3ry dla wszystkich le\u017cy na stole&#8230;\u201d. P\u00f3\u017aniej przy stole dzielono si\u0119 rado\u015bci\u0105 i wspomnieniami pocz\u0105tk\u00f3w.<\/p>\n\n\n\n<p>Prosimy o modlitw\u0119,\nby\u015bmy na tym ostatnim odcinku drogi umia\u0142y ukazywa\u0107 chrze\u015bcija\u0144sk\u0105\nnadziej\u0119, bo przecie\u017c <strong>autostrada <\/strong>powinna czyni\u0107 przej\u015bcie\nprzez granic\u0119 \u0142agodniejszym i bezpieczniejszym. A je\u015bli jest to\ngranica \u017cycia doczesnego i wiecznie szcz\u0119\u015bliwego \u2013 nie wolno nam\npoddawa\u0107 si\u0119 trendom ucieczkowym dzisiejszej kultury, traktuj\u0105cej\numieranie jako niewygodny i zakazany temat \u2013 swoiste \u201etabu\u201d. \n<\/p>\n","protected":false},"excerpt":{"rendered":"<p>Nazwa, jak\u0105 siostra Jadwiga nada\u0142a temu miejscu, powoduje cz\u0119sto uniesienie brwi, zdziwienie. A ruch tutaj panuje<\/p>\n","protected":false},"author":5,"featured_media":6600,"comment_status":"closed","ping_status":"closed","sticky":false,"template":"","format":"standard","meta":{"footnotes":""},"categories":[18],"tags":[],"class_list":["post-6599","post","type-post","status-publish","format-standard","has-post-thumbnail","hentry","category-dabrowa-tarnowska"],"_links":{"self":[{"href":"https:\/\/www.krakow.szarytki.pl\/index.php?rest_route=\/wp\/v2\/posts\/6599","targetHints":{"allow":["GET"]}}],"collection":[{"href":"https:\/\/www.krakow.szarytki.pl\/index.php?rest_route=\/wp\/v2\/posts"}],"about":[{"href":"https:\/\/www.krakow.szarytki.pl\/index.php?rest_route=\/wp\/v2\/types\/post"}],"author":[{"embeddable":true,"href":"https:\/\/www.krakow.szarytki.pl\/index.php?rest_route=\/wp\/v2\/users\/5"}],"replies":[{"embeddable":true,"href":"https:\/\/www.krakow.szarytki.pl\/index.php?rest_route=%2Fwp%2Fv2%2Fcomments&post=6599"}],"version-history":[{"count":0,"href":"https:\/\/www.krakow.szarytki.pl\/index.php?rest_route=\/wp\/v2\/posts\/6599\/revisions"}],"wp:featuredmedia":[{"embeddable":true,"href":"https:\/\/www.krakow.szarytki.pl\/index.php?rest_route=\/wp\/v2\/media\/6600"}],"wp:attachment":[{"href":"https:\/\/www.krakow.szarytki.pl\/index.php?rest_route=%2Fwp%2Fv2%2Fmedia&parent=6599"}],"wp:term":[{"taxonomy":"category","embeddable":true,"href":"https:\/\/www.krakow.szarytki.pl\/index.php?rest_route=%2Fwp%2Fv2%2Fcategories&post=6599"},{"taxonomy":"post_tag","embeddable":true,"href":"https:\/\/www.krakow.szarytki.pl\/index.php?rest_route=%2Fwp%2Fv2%2Ftags&post=6599"}],"curies":[{"name":"wp","href":"https:\/\/api.w.org\/{rel}","templated":true}]}}