{"id":6585,"date":"2019-07-31T13:34:04","date_gmt":"2019-07-31T11:34:04","guid":{"rendered":"http:\/\/www.krakow.szarytki.pl\/?p=6585"},"modified":"2020-11-30T17:24:50","modified_gmt":"2020-11-30T16:24:50","slug":"droga-wzwyz","status":"publish","type":"post","link":"https:\/\/www.krakow.szarytki.pl\/?p=6585","title":{"rendered":"Droga wzwy\u017c"},"content":{"rendered":"\n<p>Uff, jak gor\u0105co! To przecie\u017c lato, wakacje! A my razem parafianami, go\u015b\u0107mi idziemy Drog\u0105 Krzy\u017cow\u0105 na \u201enasz\u0105\u201d G\u00f3r\u0119 <!--more-->Grzywack\u0105 w K\u0105tach. To obecnie  bardzo znany i cz\u0119sto odwiedzany przez turyst\u00f3w szlak.\n\n\n\n<p>Stacje Drogi\nKrzy\u017cowej wraz z wie\u0144cz\u0105c\u0105 j\u0105 na szczycie wie\u017c\u0105 widokow\u0105 \u2013 na kt\u00f3r\u0105 ka\u017cdy nowo\nprzyby\u0142y powinien wej\u015b\u0107 \u2013 powsta\u0142y jako jubileuszowe wotum roku 2000. <\/p>\n\n\n\n<p>I tak niemal od samego pocz\u0105tku, od maja do pa\u017adziernika, w ka\u017cd\u0105 drug\u0105 niedziel\u0119 miesi\u0105ca wyruszamy na parafialn\u0105 Drog\u0119 Krzy\u017cow\u0105. Opr\u00f3cz rozwa\u017ca\u0144 modlimy si\u0119 na r\u00f3\u017ca\u0144cu, \u015bpiewamy, a na szczycie jest mo\u017cliwo\u015b\u0107 uczestniczenia we Mszy \u015bw.<\/p>\n\n\n\n<p>Pogoda bywa\nr\u00f3\u017cna, od upa\u0142\u00f3w z lub bez wiatru po drobny lub ulewny deszcz, ale to nie\nprzeszkoda.<\/p>\n\n\n\n<p>Tak\u017ce w\nci\u0105gu roku widzimy wiele grup z r\u00f3\u017cnych szk\u00f3\u0142, parafii, a tak\u017ce rodzinne\nwypady. I je\u015bli nawet nie wszyscy modlitewnie id\u0105 na szczyt to wierzymy, \u017ce &nbsp;przej\u015bcie \u201eobok\u201d przynosi im pok\u00f3j, rado\u015b\u0107 i\nBo\u017ce b\u0142ogos\u0142awie\u0144stwo.<\/p>\n\n\n\n<p>Zapraszamy\u2026<\/p>\n\n\n\n<figure class=\"wp-block-gallery columns-3 is-cropped wp-block-gallery-1 is-layout-flex wp-block-gallery-is-layout-flex\"><ul class=\"blocks-gallery-grid\"><li class=\"blocks-gallery-item\"><figure><a href=\"https:\/\/www.krakow.szarytki.pl\/wp-content\/uploads\/2019\/07\/5.jpg\"><img decoding=\"async\" src=\"https:\/\/www.krakow.szarytki.pl\/wp-content\/uploads\/2019\/07\/5.jpg\" alt=\"\" data-id=\"6587\" data-link=\"https:\/\/www.krakow.szarytki.pl\/?attachment_id=6587\" class=\"wp-image-6587\"\/><\/a><\/figure><\/li><li class=\"blocks-gallery-item\"><figure><a href=\"https:\/\/www.krakow.szarytki.pl\/wp-content\/uploads\/2019\/07\/6..jpg\"><img decoding=\"async\" src=\"https:\/\/www.krakow.szarytki.pl\/wp-content\/uploads\/2019\/07\/6..jpg\" alt=\"\" data-id=\"6588\" data-link=\"https:\/\/www.krakow.szarytki.pl\/?attachment_id=6588\" class=\"wp-image-6588\"\/><\/a><\/figure><\/li><li class=\"blocks-gallery-item\"><figure><a href=\"https:\/\/www.krakow.szarytki.pl\/wp-content\/uploads\/2019\/07\/1.jpg\"><img decoding=\"async\" src=\"https:\/\/www.krakow.szarytki.pl\/wp-content\/uploads\/2019\/07\/1.jpg\" alt=\"\" data-id=\"6589\" data-link=\"https:\/\/www.krakow.szarytki.pl\/?attachment_id=6589\" class=\"wp-image-6589\"\/><\/a><\/figure><\/li><li class=\"blocks-gallery-item\"><figure><a href=\"https:\/\/www.krakow.szarytki.pl\/wp-content\/uploads\/2019\/07\/2-1024x768.jpg\"><img decoding=\"async\" src=\"https:\/\/www.krakow.szarytki.pl\/wp-content\/uploads\/2019\/07\/2-1024x768.jpg\" alt=\"\" data-id=\"6590\" data-link=\"https:\/\/www.krakow.szarytki.pl\/?attachment_id=6590\" class=\"wp-image-6590\"\/><\/a><\/figure><\/li><li class=\"blocks-gallery-item\"><figure><a href=\"https:\/\/www.krakow.szarytki.pl\/wp-content\/uploads\/2019\/07\/3-1024x768.jpg\"><img decoding=\"async\" src=\"https:\/\/www.krakow.szarytki.pl\/wp-content\/uploads\/2019\/07\/3-1024x768.jpg\" alt=\"\" data-id=\"6591\" data-link=\"https:\/\/www.krakow.szarytki.pl\/?attachment_id=6591\" class=\"wp-image-6591\"\/><\/a><\/figure><\/li><li class=\"blocks-gallery-item\"><figure><a href=\"https:\/\/www.krakow.szarytki.pl\/wp-content\/uploads\/2019\/07\/4-1024x768.jpg\"><img decoding=\"async\" src=\"https:\/\/www.krakow.szarytki.pl\/wp-content\/uploads\/2019\/07\/4-1024x768.jpg\" alt=\"\" data-id=\"6592\" data-link=\"https:\/\/www.krakow.szarytki.pl\/?attachment_id=6592\" class=\"wp-image-6592\"\/><\/a><\/figure><\/li><\/ul><\/figure>\n","protected":false},"excerpt":{"rendered":"<p>Uff, jak gor\u0105co! To przecie\u017c lato, wakacje! A my razem parafianami, go\u015b\u0107mi idziemy Drog\u0105 Krzy\u017cow\u0105 na \u201enasz\u0105\u201d G\u00f3r\u0119<\/p>\n","protected":false},"author":5,"featured_media":6592,"comment_status":"closed","ping_status":"closed","sticky":false,"template":"","format":"standard","meta":{"footnotes":""},"categories":[38],"tags":[],"class_list":["post-6585","post","type-post","status-publish","format-standard","has-post-thumbnail","hentry","category-katy"],"_links":{"self":[{"href":"https:\/\/www.krakow.szarytki.pl\/index.php?rest_route=\/wp\/v2\/posts\/6585","targetHints":{"allow":["GET"]}}],"collection":[{"href":"https:\/\/www.krakow.szarytki.pl\/index.php?rest_route=\/wp\/v2\/posts"}],"about":[{"href":"https:\/\/www.krakow.szarytki.pl\/index.php?rest_route=\/wp\/v2\/types\/post"}],"author":[{"embeddable":true,"href":"https:\/\/www.krakow.szarytki.pl\/index.php?rest_route=\/wp\/v2\/users\/5"}],"replies":[{"embeddable":true,"href":"https:\/\/www.krakow.szarytki.pl\/index.php?rest_route=%2Fwp%2Fv2%2Fcomments&post=6585"}],"version-history":[{"count":0,"href":"https:\/\/www.krakow.szarytki.pl\/index.php?rest_route=\/wp\/v2\/posts\/6585\/revisions"}],"wp:featuredmedia":[{"embeddable":true,"href":"https:\/\/www.krakow.szarytki.pl\/index.php?rest_route=\/wp\/v2\/media\/6592"}],"wp:attachment":[{"href":"https:\/\/www.krakow.szarytki.pl\/index.php?rest_route=%2Fwp%2Fv2%2Fmedia&parent=6585"}],"wp:term":[{"taxonomy":"category","embeddable":true,"href":"https:\/\/www.krakow.szarytki.pl\/index.php?rest_route=%2Fwp%2Fv2%2Fcategories&post=6585"},{"taxonomy":"post_tag","embeddable":true,"href":"https:\/\/www.krakow.szarytki.pl\/index.php?rest_route=%2Fwp%2Fv2%2Ftags&post=6585"}],"curies":[{"name":"wp","href":"https:\/\/api.w.org\/{rel}","templated":true}]}}