{"id":6135,"date":"2019-06-12T12:43:14","date_gmt":"2019-06-12T10:43:14","guid":{"rendered":"http:\/\/www.krakow.szarytki.pl\/?p=6135"},"modified":"2022-01-06T21:07:37","modified_gmt":"2022-01-06T20:07:37","slug":"30-letnie-dzieci","status":"publish","type":"post","link":"https:\/\/www.krakow.szarytki.pl\/?p=6135","title":{"rendered":"30-letnie Dzieci"},"content":{"rendered":"\n<p>W tym roku mija 30 lat istnienia przedszkola \u201eWincenty\u0144skie Dzieci\u201d w Gorzowie Wlkp. Wsp\u00f3lnie \u015bwi\u0119towali\u015bmy <!--more--> 8 czerwca na festynie, na kt\u00f3rym dzieci przedstawi\u0142y scenk\u0119 z \u017cycia naszego patrona \u015bw. Wincentego a Paulo, oraz przybli\u017cona zosta\u0142a historia przedszkola. Opraw\u0119 muzyczn\u0105 przygotowa\u0142a Wincenty\u0144ska M\u0142odzie\u017c Maryjna.  <\/p>\n\n\n\n<div class=\"wp-block-image\"><figure class=\"aligncenter is-resized\"><a href=\"https:\/\/www.krakow.szarytki.pl\/wp-content\/uploads\/2019\/06\/16..jpg\"><img loading=\"lazy\" decoding=\"async\" src=\"https:\/\/www.krakow.szarytki.pl\/wp-content\/uploads\/2019\/06\/16..jpg\" alt=\"\" class=\"wp-image-6152\" width=\"638\" height=\"478\"\/><\/a><\/figure><\/div>\n\n\n\n<p>Swoj\u0105\nobecno\u015bci\u0105 zaszczycili nas: s. Wizytatorka Anna Pietrasik, s.\nEkonomka Sabina Zelek, s. Bo\u017cena Rupa, s. Janina Zalewska, s.\nMiros\u0142awa Ha\u0142at, ks.\nPra\u0142at Rafa\u0142 Zi\u0119ciak, ksi\u0119\u017ca Wikariusze &#8211; ks. Dominik i ks.\nRyszard, Kierownik Katedry Edukacji Dziecka Akademii im.\n\nJakuba z Parady\u017ca \u2013 p.\n Profesor\nBeata Or\u0142owska, Dyrektor Katolickiej Szko\u0142y Podstawowej im. \u015aw.\nJana Paw\u0142a II  &#8211; p.\nIlona  Ma\u015bcianica, Komendant Policji p. Krzysztof Kubry\u0144.\nAbsolwenci i ich rodzice, kt\u00f3rzy podzielili si\u0119 z nami\nwspomnieniami dni\nprze\u017cytych\nw przedszkolu.<\/p>\n\n\n\n<p>Wr\u0119czono\npodzi\u0119kowania osobom, kt\u00f3re wspieraj\u0105 przedszkole oraz rozdano\ndyplomy i drobne upominki dzieciom, kt\u00f3re wzi\u0119\u0142y udzia\u0142 w\nrodzinnym konkursie \u201eNasze Przedszkole\u201d. Siostra Wizytatorka\nofiarowa\u0142a dla przedszkola obraz \u015awi\u0119tej Rodziny.<\/p>\n\n\n\n<p>Po\ncz\u0119\u015bci oficjalnej nast\u0105pi\u0142 pocz\u0119stunek: ciep\u0142e dania, ciasta,\nnapoje, lody; odby\u0142y si\u0119 wsp\u00f3lne zabawy z DJ, a w trakcie zabaw\nmi\u0142a niespodzianka \u2013 tort jubileuszowy. \n<\/p>\n\n\n\n<p>Natomiast\nw niedziel\u0119\n9 czerwca na uroczystej Mszy \u015bwi\u0119tej w Ko\u015bciele Parafialnym pw.\nPodwy\u017cszenia Krzy\u017ca \u015awi\u0119tego dzi\u0119kowali\u015bmy Bogu za \u0142aski\nminionego czasu prosz\u0105c o dalsz\u0105 opiek\u0119 Bo\u017c\u0105 nad Przedszkolem,\nRodzinami i\nPracownikami.\nRazem z nami modli\u0142a si\u0119  Lubuski Kurator O\u015bwiaty &#8211; p. Ewa Rawa\nwraz z m\u0119\u017cem. \n<\/p>\n\n\n\n<p>Wi\u0119cej na <a href=\"http:\/\/www.przedszkole.szarytki.pl\/\">w<\/a><a href=\"http:\/\/www.przedszkoleszarytki.pl\/\">ww.przedszkoleszarytki.pl<\/a><\/p>\n\n\n\n<p>Na\nprzestrzeni lat nasze przedszkole zmienia\u0142o swoje oblicze,\nstruktur\u0119, nast\u0119powa\u0142a\njego\nrozbudowa\noraz przechodzi\u0142o\nono liczne remonty.  \n<\/p>\n\n\n\n<p>W\nistocie jednak pozosta\u0142o takie samo, poniewa\u017c misja przedszkola si\u0119\nnie zmieni\u0142a \u2013 jest\nto\nnadal przedszkole katolickie, w kt\u00f3rym przekazujemy warto\u015bci\nchrze\u015bcija\u0144skie i wspieramy rodziny w wychowaniu dzieci.   \n<\/p>\n\n\n\n<p>Nasze\nprzedszkole\njest nie tylko wa\u017cn\u0105 i nieodzown\u0105 cz\u0119\u015bci\u0105 lokalnej\nrzeczywisto\u015bci, ale jest te\u017c cz\u0119\u015bci\u0105 naszego \u017cycia. To nasz\ndrugi dom. \n<\/p>\n\n\n\n<p>Nasze\nprzedszkole nigdy nie by\u0142o jedynie miejscem czy instytucj\u0105, ale\nzawsze zwart\u0105 spo\u0142eczno\u015bci\u0105 stworzon\u0105 przez pokolenia dzieci i\nich rodzic\u00f3w, nauczycieli, kt\u00f3rzy oddali tutaj  swoje umiej\u0119tno\u015bci,\nentuzjazm i serce. \n<\/p>\n\n\n\n<p>Wok\u00f3\u0142\nprzedszkola zawsze gromadzi\u0142y si\u0119 osoby  tw\u00f3rcze, kreatywne,\nposzukuj\u0105ce najlepszych rozwi\u0105za\u0144 oraz otwarte i wra\u017cliwe na\npotrzeby dzieci. Dzi\u0119ki temu dzi\u015b mo\u017cemy cieszy\u0107 si\u0119\nrozbudowanym przedszkolem, spe\u0142niaj\u0105cym odpowiednie standardy,\nlicz\u0105cym na dzie\u0144 dzisiejszy 90 dzieci w 4 oddzia\u0142ach i maj\u0105cym\n17 pracownik\u00f3w.  \n<\/p>\n\n\n\n<p>Bardzo\nserdecznie dzi\u0119kuj\u0119\nnaszym pracownikom\n\u2013 nauczycielom i pracownikom obs\u0142ugi, kt\u00f3rzy\ntworzyli i tworz\u0105  histori\u0119 Przedszkola, kt\u00f3rzy te\u017c\nswoj\u0105\nniezwyk\u0142\u0105\npostaw\u0105, zaanga\u017cowaniem i\njak\u017ce tw\u00f3rczym wykorzystaniem\ntalentu\npedagogicznego,\nutorowali drog\u0119 do naszych dzisiejszych sukces\u00f3w.<\/p>\n\n\n\n<p>Bardzo serdecznie dzi\u0119kuj\u0119 naszym pracownikom \u2013 nauczycielom i pracownikom obs\u0142ugi, kt\u00f3rzy tworzyli i tworz\u0105  histori\u0119 Przedszkola, kt\u00f3rzy te\u017c swoj\u0105 niezwyk\u0142\u0105 postaw\u0105, zaanga\u017cowaniem i jak\u017ce tw\u00f3rczym wykorzystaniem talentu pedagogicznego, utorowali drog\u0119 do naszych dzisiejszych sukces\u00f3w.<\/p>\n\n\n\n<figure class=\"wp-block-gallery columns-4 is-cropped wp-block-gallery-1 is-layout-flex wp-block-gallery-is-layout-flex\"><ul class=\"blocks-gallery-grid\"><li class=\"blocks-gallery-item\"><figure><a href=\"https:\/\/www.krakow.szarytki.pl\/wp-content\/uploads\/2019\/06\/1..jpg\"><img decoding=\"async\" src=\"https:\/\/www.krakow.szarytki.pl\/wp-content\/uploads\/2019\/06\/1..jpg\" alt=\"\" data-id=\"6137\" data-link=\"https:\/\/www.krakow.szarytki.pl\/?attachment_id=6137\" class=\"wp-image-6137\"\/><\/a><\/figure><\/li><li class=\"blocks-gallery-item\"><figure><a href=\"https:\/\/www.krakow.szarytki.pl\/wp-content\/uploads\/2019\/06\/2..jpg\"><img decoding=\"async\" src=\"https:\/\/www.krakow.szarytki.pl\/wp-content\/uploads\/2019\/06\/2..jpg\" alt=\"\" data-id=\"6138\" data-link=\"https:\/\/www.krakow.szarytki.pl\/?attachment_id=6138\" class=\"wp-image-6138\"\/><\/a><\/figure><\/li><li class=\"blocks-gallery-item\"><figure><a href=\"https:\/\/www.krakow.szarytki.pl\/wp-content\/uploads\/2019\/06\/3..jpg\"><img decoding=\"async\" src=\"https:\/\/www.krakow.szarytki.pl\/wp-content\/uploads\/2019\/06\/3..jpg\" alt=\"\" data-id=\"6139\" data-link=\"https:\/\/www.krakow.szarytki.pl\/?attachment_id=6139\" class=\"wp-image-6139\"\/><\/a><\/figure><\/li><li class=\"blocks-gallery-item\"><figure><a href=\"https:\/\/www.krakow.szarytki.pl\/wp-content\/uploads\/2019\/06\/4..jpg\"><img decoding=\"async\" src=\"https:\/\/www.krakow.szarytki.pl\/wp-content\/uploads\/2019\/06\/4..jpg\" alt=\"\" data-id=\"6140\" data-link=\"https:\/\/www.krakow.szarytki.pl\/?attachment_id=6140\" class=\"wp-image-6140\"\/><\/a><\/figure><\/li><li class=\"blocks-gallery-item\"><figure><a href=\"https:\/\/www.krakow.szarytki.pl\/wp-content\/uploads\/2019\/06\/5..jpg\"><img decoding=\"async\" src=\"https:\/\/www.krakow.szarytki.pl\/wp-content\/uploads\/2019\/06\/5..jpg\" alt=\"\" data-id=\"6141\" data-link=\"https:\/\/www.krakow.szarytki.pl\/?attachment_id=6141\" class=\"wp-image-6141\"\/><\/a><\/figure><\/li><li class=\"blocks-gallery-item\"><figure><a href=\"https:\/\/www.krakow.szarytki.pl\/wp-content\/uploads\/2019\/06\/6..jpg\"><img decoding=\"async\" src=\"https:\/\/www.krakow.szarytki.pl\/wp-content\/uploads\/2019\/06\/6..jpg\" alt=\"\" data-id=\"6142\" data-link=\"https:\/\/www.krakow.szarytki.pl\/?attachment_id=6142\" class=\"wp-image-6142\"\/><\/a><\/figure><\/li><li class=\"blocks-gallery-item\"><figure><a href=\"https:\/\/www.krakow.szarytki.pl\/wp-content\/uploads\/2019\/06\/7..jpg\"><img decoding=\"async\" src=\"https:\/\/www.krakow.szarytki.pl\/wp-content\/uploads\/2019\/06\/7..jpg\" alt=\"\" data-id=\"6143\" data-link=\"https:\/\/www.krakow.szarytki.pl\/?attachment_id=6143\" class=\"wp-image-6143\"\/><\/a><\/figure><\/li><li class=\"blocks-gallery-item\"><figure><a href=\"https:\/\/www.krakow.szarytki.pl\/wp-content\/uploads\/2019\/06\/8..jpg\"><img decoding=\"async\" src=\"https:\/\/www.krakow.szarytki.pl\/wp-content\/uploads\/2019\/06\/8..jpg\" alt=\"\" data-id=\"6144\" data-link=\"https:\/\/www.krakow.szarytki.pl\/?attachment_id=6144\" class=\"wp-image-6144\"\/><\/a><\/figure><\/li><li class=\"blocks-gallery-item\"><figure><a href=\"https:\/\/www.krakow.szarytki.pl\/wp-content\/uploads\/2019\/06\/9..jpg\"><img decoding=\"async\" src=\"https:\/\/www.krakow.szarytki.pl\/wp-content\/uploads\/2019\/06\/9..jpg\" alt=\"\" data-id=\"6145\" data-link=\"https:\/\/www.krakow.szarytki.pl\/?attachment_id=6145\" class=\"wp-image-6145\"\/><\/a><\/figure><\/li><li class=\"blocks-gallery-item\"><figure><a href=\"https:\/\/www.krakow.szarytki.pl\/wp-content\/uploads\/2019\/06\/10..jpg\"><img decoding=\"async\" src=\"https:\/\/www.krakow.szarytki.pl\/wp-content\/uploads\/2019\/06\/10..jpg\" alt=\"\" data-id=\"6146\" data-link=\"https:\/\/www.krakow.szarytki.pl\/?attachment_id=6146\" class=\"wp-image-6146\"\/><\/a><\/figure><\/li><li class=\"blocks-gallery-item\"><figure><a href=\"https:\/\/www.krakow.szarytki.pl\/wp-content\/uploads\/2019\/06\/11..jpg\"><img decoding=\"async\" src=\"https:\/\/www.krakow.szarytki.pl\/wp-content\/uploads\/2019\/06\/11..jpg\" alt=\"\" data-id=\"6147\" data-link=\"https:\/\/www.krakow.szarytki.pl\/?attachment_id=6147\" class=\"wp-image-6147\"\/><\/a><\/figure><\/li><li class=\"blocks-gallery-item\"><figure><a href=\"https:\/\/www.krakow.szarytki.pl\/wp-content\/uploads\/2019\/06\/12..jpg\"><img decoding=\"async\" src=\"https:\/\/www.krakow.szarytki.pl\/wp-content\/uploads\/2019\/06\/12..jpg\" alt=\"\" data-id=\"6148\" data-link=\"https:\/\/www.krakow.szarytki.pl\/?attachment_id=6148\" class=\"wp-image-6148\"\/><\/a><\/figure><\/li><li class=\"blocks-gallery-item\"><figure><a href=\"https:\/\/www.krakow.szarytki.pl\/wp-content\/uploads\/2019\/06\/13..jpg\"><img decoding=\"async\" src=\"https:\/\/www.krakow.szarytki.pl\/wp-content\/uploads\/2019\/06\/13..jpg\" alt=\"\" data-id=\"6149\" data-link=\"https:\/\/www.krakow.szarytki.pl\/?attachment_id=6149\" class=\"wp-image-6149\"\/><\/a><\/figure><\/li><li class=\"blocks-gallery-item\"><figure><a href=\"https:\/\/www.krakow.szarytki.pl\/wp-content\/uploads\/2019\/06\/14..jpg\"><img decoding=\"async\" src=\"https:\/\/www.krakow.szarytki.pl\/wp-content\/uploads\/2019\/06\/14..jpg\" alt=\"\" data-id=\"6150\" data-link=\"https:\/\/www.krakow.szarytki.pl\/?attachment_id=6150\" class=\"wp-image-6150\"\/><\/a><\/figure><\/li><li class=\"blocks-gallery-item\"><figure><a href=\"https:\/\/www.krakow.szarytki.pl\/wp-content\/uploads\/2019\/06\/15..jpg\"><img decoding=\"async\" src=\"https:\/\/www.krakow.szarytki.pl\/wp-content\/uploads\/2019\/06\/15..jpg\" alt=\"\" data-id=\"6151\" data-link=\"https:\/\/www.krakow.szarytki.pl\/?attachment_id=6151\" class=\"wp-image-6151\"\/><\/a><\/figure><\/li><li class=\"blocks-gallery-item\"><figure><a href=\"https:\/\/www.krakow.szarytki.pl\/wp-content\/uploads\/2019\/06\/16..jpg\"><img decoding=\"async\" src=\"https:\/\/www.krakow.szarytki.pl\/wp-content\/uploads\/2019\/06\/16..jpg\" alt=\"\" data-id=\"6152\" data-link=\"https:\/\/www.krakow.szarytki.pl\/?attachment_id=6152\" class=\"wp-image-6152\"\/><\/a><\/figure><\/li><li class=\"blocks-gallery-item\"><figure><a href=\"https:\/\/www.krakow.szarytki.pl\/wp-content\/uploads\/2019\/06\/17..jpg\"><img decoding=\"async\" src=\"https:\/\/www.krakow.szarytki.pl\/wp-content\/uploads\/2019\/06\/17..jpg\" alt=\"\" data-id=\"6153\" data-link=\"https:\/\/www.krakow.szarytki.pl\/?attachment_id=6153\" class=\"wp-image-6153\"\/><\/a><\/figure><\/li><li class=\"blocks-gallery-item\"><figure><a href=\"https:\/\/www.krakow.szarytki.pl\/wp-content\/uploads\/2019\/06\/18..jpg\"><img decoding=\"async\" src=\"https:\/\/www.krakow.szarytki.pl\/wp-content\/uploads\/2019\/06\/18..jpg\" alt=\"\" data-id=\"6154\" data-link=\"https:\/\/www.krakow.szarytki.pl\/?attachment_id=6154\" class=\"wp-image-6154\"\/><\/a><\/figure><\/li><li class=\"blocks-gallery-item\"><figure><a href=\"https:\/\/www.krakow.szarytki.pl\/wp-content\/uploads\/2019\/06\/19..jpg\"><img decoding=\"async\" src=\"https:\/\/www.krakow.szarytki.pl\/wp-content\/uploads\/2019\/06\/19..jpg\" alt=\"\" data-id=\"6155\" data-link=\"https:\/\/www.krakow.szarytki.pl\/?attachment_id=6155\" class=\"wp-image-6155\"\/><\/a><\/figure><\/li><li class=\"blocks-gallery-item\"><figure><a href=\"https:\/\/www.krakow.szarytki.pl\/wp-content\/uploads\/2019\/06\/20..jpg\"><img decoding=\"async\" src=\"https:\/\/www.krakow.szarytki.pl\/wp-content\/uploads\/2019\/06\/20..jpg\" alt=\"\" data-id=\"6156\" data-link=\"https:\/\/www.krakow.szarytki.pl\/?attachment_id=6156\" class=\"wp-image-6156\"\/><\/a><\/figure><\/li><li class=\"blocks-gallery-item\"><figure><a href=\"https:\/\/www.krakow.szarytki.pl\/wp-content\/uploads\/2019\/06\/21..jpg\"><img decoding=\"async\" src=\"https:\/\/www.krakow.szarytki.pl\/wp-content\/uploads\/2019\/06\/21..jpg\" alt=\"\" data-id=\"6157\" data-link=\"https:\/\/www.krakow.szarytki.pl\/?attachment_id=6157\" class=\"wp-image-6157\"\/><\/a><\/figure><\/li><li class=\"blocks-gallery-item\"><figure><a href=\"https:\/\/www.krakow.szarytki.pl\/wp-content\/uploads\/2019\/06\/22..jpg\"><img decoding=\"async\" src=\"https:\/\/www.krakow.szarytki.pl\/wp-content\/uploads\/2019\/06\/22..jpg\" alt=\"\" data-id=\"6158\" data-link=\"https:\/\/www.krakow.szarytki.pl\/?attachment_id=6158\" class=\"wp-image-6158\"\/><\/a><\/figure><\/li><li class=\"blocks-gallery-item\"><figure><a href=\"https:\/\/www.krakow.szarytki.pl\/wp-content\/uploads\/2019\/06\/23..jpg\"><img decoding=\"async\" src=\"https:\/\/www.krakow.szarytki.pl\/wp-content\/uploads\/2019\/06\/23..jpg\" alt=\"\" data-id=\"6159\" data-link=\"https:\/\/www.krakow.szarytki.pl\/?attachment_id=6159\" class=\"wp-image-6159\"\/><\/a><\/figure><\/li><li class=\"blocks-gallery-item\"><figure><a href=\"https:\/\/www.krakow.szarytki.pl\/wp-content\/uploads\/2019\/06\/24..jpg\"><img decoding=\"async\" src=\"https:\/\/www.krakow.szarytki.pl\/wp-content\/uploads\/2019\/06\/24..jpg\" alt=\"\" data-id=\"6160\" data-link=\"https:\/\/www.krakow.szarytki.pl\/?attachment_id=6160\" class=\"wp-image-6160\"\/><\/a><\/figure><\/li><li class=\"blocks-gallery-item\"><figure><a href=\"https:\/\/www.krakow.szarytki.pl\/wp-content\/uploads\/2019\/06\/25..jpg\"><img decoding=\"async\" src=\"https:\/\/www.krakow.szarytki.pl\/wp-content\/uploads\/2019\/06\/25..jpg\" alt=\"\" data-id=\"6161\" data-link=\"https:\/\/www.krakow.szarytki.pl\/?attachment_id=6161\" class=\"wp-image-6161\"\/><\/a><\/figure><\/li><li class=\"blocks-gallery-item\"><figure><a href=\"https:\/\/www.krakow.szarytki.pl\/wp-content\/uploads\/2019\/06\/26..jpg\"><img decoding=\"async\" src=\"https:\/\/www.krakow.szarytki.pl\/wp-content\/uploads\/2019\/06\/26..jpg\" alt=\"\" data-id=\"6162\" data-link=\"https:\/\/www.krakow.szarytki.pl\/?attachment_id=6162\" class=\"wp-image-6162\"\/><\/a><\/figure><\/li><li class=\"blocks-gallery-item\"><figure><a href=\"https:\/\/www.krakow.szarytki.pl\/wp-content\/uploads\/2019\/06\/27..jpg\"><img decoding=\"async\" src=\"https:\/\/www.krakow.szarytki.pl\/wp-content\/uploads\/2019\/06\/27..jpg\" alt=\"\" data-id=\"6163\" data-link=\"https:\/\/www.krakow.szarytki.pl\/?attachment_id=6163\" class=\"wp-image-6163\"\/><\/a><\/figure><\/li><li class=\"blocks-gallery-item\"><figure><a href=\"https:\/\/www.krakow.szarytki.pl\/wp-content\/uploads\/2019\/06\/28..jpg\"><img decoding=\"async\" src=\"https:\/\/www.krakow.szarytki.pl\/wp-content\/uploads\/2019\/06\/28..jpg\" alt=\"\" data-id=\"6164\" data-link=\"https:\/\/www.krakow.szarytki.pl\/?attachment_id=6164\" class=\"wp-image-6164\"\/><\/a><\/figure><\/li><\/ul><\/figure>\n","protected":false},"excerpt":{"rendered":"<p>W tym roku mija 30 lat istnienia przedszkola \u201eWincenty\u0144skie Dzieci\u201d w Gorzowie Wlkp. Wsp\u00f3lnie \u015bwi\u0119towali\u015bmy<\/p>\n","protected":false},"author":5,"featured_media":6140,"comment_status":"closed","ping_status":"closed","sticky":false,"template":"","format":"standard","meta":{"footnotes":""},"categories":[19],"tags":[],"class_list":["post-6135","post","type-post","status-publish","format-standard","has-post-thumbnail","hentry","category-gorzow-wlkp"],"_links":{"self":[{"href":"https:\/\/www.krakow.szarytki.pl\/index.php?rest_route=\/wp\/v2\/posts\/6135","targetHints":{"allow":["GET"]}}],"collection":[{"href":"https:\/\/www.krakow.szarytki.pl\/index.php?rest_route=\/wp\/v2\/posts"}],"about":[{"href":"https:\/\/www.krakow.szarytki.pl\/index.php?rest_route=\/wp\/v2\/types\/post"}],"author":[{"embeddable":true,"href":"https:\/\/www.krakow.szarytki.pl\/index.php?rest_route=\/wp\/v2\/users\/5"}],"replies":[{"embeddable":true,"href":"https:\/\/www.krakow.szarytki.pl\/index.php?rest_route=%2Fwp%2Fv2%2Fcomments&post=6135"}],"version-history":[{"count":0,"href":"https:\/\/www.krakow.szarytki.pl\/index.php?rest_route=\/wp\/v2\/posts\/6135\/revisions"}],"wp:featuredmedia":[{"embeddable":true,"href":"https:\/\/www.krakow.szarytki.pl\/index.php?rest_route=\/wp\/v2\/media\/6140"}],"wp:attachment":[{"href":"https:\/\/www.krakow.szarytki.pl\/index.php?rest_route=%2Fwp%2Fv2%2Fmedia&parent=6135"}],"wp:term":[{"taxonomy":"category","embeddable":true,"href":"https:\/\/www.krakow.szarytki.pl\/index.php?rest_route=%2Fwp%2Fv2%2Fcategories&post=6135"},{"taxonomy":"post_tag","embeddable":true,"href":"https:\/\/www.krakow.szarytki.pl\/index.php?rest_route=%2Fwp%2Fv2%2Ftags&post=6135"}],"curies":[{"name":"wp","href":"https:\/\/api.w.org\/{rel}","templated":true}]}}