{"id":5931,"date":"2019-05-17T11:47:43","date_gmt":"2019-05-17T09:47:43","guid":{"rendered":"http:\/\/www.krakow.szarytki.pl\/?p=5931"},"modified":"2020-12-01T11:46:39","modified_gmt":"2020-12-01T10:46:39","slug":"seminarzystki-laczcie-sie","status":"publish","type":"post","link":"https:\/\/www.krakow.szarytki.pl\/?p=5931","title":{"rendered":"Sesja formacyjna"},"content":{"rendered":"\n<p>Od 27.04 do 04.05.2019 r. mia\u0142a miejsce Mi\u0119dzyprowincjalna Sesja Si\u00f3str Seminarzystek. W Krakowie spotka\u0142y si\u0119 <!--more--> siostry z Prowincji Che\u0142mi\u0144sko-Pozna\u0144skiej, Warszawskiej, Krakowskiej oraz S\u0142owackiej, razem z Siostrami Dyrektorkami.<\/p>\n\n\n\n<figure class=\"wp-block-embed-youtube wp-block-embed is-type-video is-provider-youtube wp-embed-aspect-16-9 wp-has-aspect-ratio\"><div class=\"wp-block-embed__wrapper\">\n<iframe loading=\"lazy\" title=\"Zjazd Seminarzystek\" width=\"1220\" height=\"686\" src=\"https:\/\/www.youtube.com\/embed\/EdgJaanEtDQ?feature=oembed\" frameborder=\"0\" allow=\"accelerometer; autoplay; clipboard-write; encrypted-media; gyroscope; picture-in-picture\" allowfullscreen><\/iframe>\n<\/div><\/figure>\n\n\n\n<p>Spotkanie\nrozpocz\u0119\u0142o si\u0119 obchodami Niedzieli Mi\u0142osierdzia w \u0141agiewnikach.\nKolejne dni obejmowa\u0142y  wyk\u0142ady z duchowo\u015bci wincenty\u0144skiej,\nformacji ludzkiej i  chrze\u015bcija\u0144skiej.  Ponadto towarzyszy\u0142y nam\npostacie wielu \u015bwi\u0119tych i b\u0142ogos\u0142awionych Rodziny Wincenty\u0144skiej,\nkt\u00f3re poznawa\u0142y\u015bmy w ci\u0105gu ca\u0142ego Zjazdu.<\/p>\n\n\n\n<p>Nie\nzabrak\u0142o r\u00f3wnie\u017c czasu na pielgrzymowanie do Sanktuarium Matki\nBo\u017cej Objawiaj\u0105cej Cudowny Medalik na Olczy oraz miejsc zwi\u0105zanych\nz Papie\u017cem Polakiem: Sanktuarium Matki Bo\u017cej Fatimskiej na\nKrzept\u00f3wkach, jego rodzinnej miejscowo\u015bci  &#8211; Wadowic i Kalwarii\nZebrzydowskiej. Zwiedzi\u0142y\u015bmy r\u00f3wnie\u017c nasze polskie Tatry, a\ndok\u0142adnie Dolin\u0119 Ko\u015bcielisk\u0105.<\/p>\n\n\n\n<p>Czas\nSesji by\u0142 dla wszystkich okazj\u0105 do wsp\u00f3lnej modlitwy, radosnego\ndzielenia si\u0119 powo\u0142aniem i zawi\u0105zania mi\u0119dzyprowincjalnej\nwsp\u00f3lnoty. Sp\u0119dzi\u0142y\u015bmy go przy Sercach Jezusa i Jego Matki. Ten\npi\u0119kny czas, da\u0142 nam mo\u017cliwo\u015b\u0107 zg\u0142\u0119bienia naszej duchowo\u015bci,\npoznawania siebie, ubogacenia  si\u0119 nawzajem do\u015bwiadczeniem mi\u0142o\u015bci\nJezusa i rado\u015bci\u0105 z  bycia Siostr\u0105 Mi\u0142osierdzia.  \n<\/p>\n","protected":false},"excerpt":{"rendered":"<p>Od 27.04 do 04.05.2019 r. mia\u0142a miejsce Mi\u0119dzyprowincjalna Sesja Si\u00f3str Seminarzystek. W Krakowie spotka\u0142y si\u0119<\/p>\n","protected":false},"author":5,"featured_media":5933,"comment_status":"closed","ping_status":"closed","sticky":false,"template":"","format":"standard","meta":{"footnotes":""},"categories":[44,7],"tags":[47,48,49],"class_list":["post-5931","post","type-post","status-publish","format-standard","has-post-thumbnail","hentry","category-formacja","category-seminarium","tag-formacja-konsekrowanych","tag-nowicjat","tag-powolania"],"_links":{"self":[{"href":"https:\/\/www.krakow.szarytki.pl\/index.php?rest_route=\/wp\/v2\/posts\/5931","targetHints":{"allow":["GET"]}}],"collection":[{"href":"https:\/\/www.krakow.szarytki.pl\/index.php?rest_route=\/wp\/v2\/posts"}],"about":[{"href":"https:\/\/www.krakow.szarytki.pl\/index.php?rest_route=\/wp\/v2\/types\/post"}],"author":[{"embeddable":true,"href":"https:\/\/www.krakow.szarytki.pl\/index.php?rest_route=\/wp\/v2\/users\/5"}],"replies":[{"embeddable":true,"href":"https:\/\/www.krakow.szarytki.pl\/index.php?rest_route=%2Fwp%2Fv2%2Fcomments&post=5931"}],"version-history":[{"count":0,"href":"https:\/\/www.krakow.szarytki.pl\/index.php?rest_route=\/wp\/v2\/posts\/5931\/revisions"}],"wp:featuredmedia":[{"embeddable":true,"href":"https:\/\/www.krakow.szarytki.pl\/index.php?rest_route=\/wp\/v2\/media\/5933"}],"wp:attachment":[{"href":"https:\/\/www.krakow.szarytki.pl\/index.php?rest_route=%2Fwp%2Fv2%2Fmedia&parent=5931"}],"wp:term":[{"taxonomy":"category","embeddable":true,"href":"https:\/\/www.krakow.szarytki.pl\/index.php?rest_route=%2Fwp%2Fv2%2Fcategories&post=5931"},{"taxonomy":"post_tag","embeddable":true,"href":"https:\/\/www.krakow.szarytki.pl\/index.php?rest_route=%2Fwp%2Fv2%2Ftags&post=5931"}],"curies":[{"name":"wp","href":"https:\/\/api.w.org\/{rel}","templated":true}]}}