{"id":5802,"date":"2019-04-04T14:26:21","date_gmt":"2019-04-04T12:26:21","guid":{"rendered":"http:\/\/www.krakow.szarytki.pl\/?p=5802"},"modified":"2020-12-01T11:55:32","modified_gmt":"2020-12-01T10:55:32","slug":"praca-w-zakopanem","status":"publish","type":"post","link":"https:\/\/www.krakow.szarytki.pl\/?p=5802","title":{"rendered":"Praca w Zakopanem"},"content":{"rendered":"\n<h4 class=\"wp-block-heading\">Praca si\u00f3str na rzecz dzieci niepe\u0142nosprawnych.<\/h4>\n\n\n\n<p>Dwie siostry z naszej wsp\u00f3lnoty: s. Marzena Cygert i s. Ewa Machowska, pracuj\u0105 na co dzie\u0144 w Polskim Stowarzyszeniu na rzecz Os\u00f3b z Upo\u015bledzeniem Umys\u0142owym Ko\u0142o w Zakopanem (<em>O\u015brodek Rehabilitacyjno-Wychowawczy),<\/em> gdzie zajmuj\u0105 si\u0119 dzie\u0107mi niepe\u0142nosprawnymi jako wychowawczynie i terapeutki. W miesi\u0105cu lutym przyjecha\u0142a do nas na sta\u017c seminarzystka s. Renata \u0106wik i do ko\u0144ca marca by\u0142a zatrudniona  przez to Stowarzyszenie jako wykwalifikowana rehabilitantka.  <\/p>\n\n\n\n<p>W\nzale\u017cno\u015bci od stopnia niepe\u0142nosprawno\u015bci\ndzieci, siostry s\u0142u\u017c\u0105 im na r\u00f3\u017cne sposoby. Niekt\u00f3re z nich\ntrzeba nauczy\u0107 podstawowych funkcji, takich jak jedzenie, picie,\nporuszanie si\u0119, i w\u0142a\u015bnie tutaj bardzo przydaje\nsi\u0119 praca rehabilitacyjna. Innym mo\u017cna zaproponowa\u0107 podstawow\u0105\nedukacj\u0119. Wszystkie natomiast dzieci lubi\u0105 si\u0119 bawi\u0107, dlatego\nzorganizowana zabawa karnawa\u0142owa cieszy\u0142a si\u0119 du\u017cym\nzainteresowaniem. \n<\/p>\n\n\n\n<p>Siostry\ndbaj\u0105 szczeg\u00f3lnie o duchowe potrzeby swoich podopiecznych i ich\nrodzin. Przygotowuj\u0105 dzieci\ndo Sakrament\u00f3w:\npierwszej Komunii \u015bw.\ni Bierzmowania, a dla ich rodzin organizuj\u0105 raz w miesi\u0105cu Msz\u0119\n\u015bwi\u0119t\u0105. Wysy\u0142aj\u0105 specjalne zaproszenia, staraj\u0105 si\u0119 o\nprzygotowanie liturgii\ni opraw\u0119 muzyczn\u0105, a wszyscy ch\u0119tni mog\u0105 z tej okazji przyst\u0105pi\u0107\ndo sakramentu pokuty i pojednania. Przed \u015bwi\u0119tami Bo\u017cego\nNarodzenia i Wielkanocy organizuj\u0105 dla dzieci i ich rodzin kr\u00f3tkie\nrekolekcje.<\/p>\n\n\n\n<figure class=\"wp-block-gallery columns-3 is-cropped wp-block-gallery-1 is-layout-flex wp-block-gallery-is-layout-flex\"><ul class=\"blocks-gallery-grid\"><li class=\"blocks-gallery-item\"><figure><a href=\"https:\/\/www.krakow.szarytki.pl\/wp-content\/uploads\/2019\/04\/Kamieniec01.jpg\"><img decoding=\"async\" src=\"https:\/\/www.krakow.szarytki.pl\/wp-content\/uploads\/2019\/04\/Kamieniec01.jpg\" alt=\"\" data-id=\"5803\" data-link=\"https:\/\/www.krakow.szarytki.pl\/?attachment_id=5803\" class=\"wp-image-5803\"\/><\/a><\/figure><\/li><li class=\"blocks-gallery-item\"><figure><a href=\"https:\/\/www.krakow.szarytki.pl\/wp-content\/uploads\/2019\/04\/Kamieniec03.jpg\"><img decoding=\"async\" src=\"https:\/\/www.krakow.szarytki.pl\/wp-content\/uploads\/2019\/04\/Kamieniec03.jpg\" alt=\"\" data-id=\"5805\" data-link=\"https:\/\/www.krakow.szarytki.pl\/?attachment_id=5805\" class=\"wp-image-5805\"\/><\/a><\/figure><\/li><li class=\"blocks-gallery-item\"><figure><a href=\"https:\/\/www.krakow.szarytki.pl\/wp-content\/uploads\/2019\/04\/Kamieniec04.jpg\"><img decoding=\"async\" src=\"https:\/\/www.krakow.szarytki.pl\/wp-content\/uploads\/2019\/04\/Kamieniec04.jpg\" alt=\"\" data-id=\"5806\" data-link=\"https:\/\/www.krakow.szarytki.pl\/?attachment_id=5806\" class=\"wp-image-5806\"\/><\/a><\/figure><\/li><li class=\"blocks-gallery-item\"><figure><a href=\"https:\/\/www.krakow.szarytki.pl\/wp-content\/uploads\/2019\/04\/Kamieniec05.jpg\"><img decoding=\"async\" src=\"https:\/\/www.krakow.szarytki.pl\/wp-content\/uploads\/2019\/04\/Kamieniec05.jpg\" alt=\"\" data-id=\"5807\" data-link=\"https:\/\/www.krakow.szarytki.pl\/?attachment_id=5807\" class=\"wp-image-5807\"\/><\/a><\/figure><\/li><li class=\"blocks-gallery-item\"><figure><a href=\"https:\/\/www.krakow.szarytki.pl\/wp-content\/uploads\/2019\/04\/Zakopane2.jpg\"><img decoding=\"async\" src=\"https:\/\/www.krakow.szarytki.pl\/wp-content\/uploads\/2019\/04\/Zakopane2.jpg\" alt=\"\" data-id=\"5809\" data-link=\"https:\/\/www.krakow.szarytki.pl\/?attachment_id=5809\" class=\"wp-image-5809\"\/><\/a><\/figure><\/li><li class=\"blocks-gallery-item\"><figure><a href=\"https:\/\/www.krakow.szarytki.pl\/wp-content\/uploads\/2019\/04\/Zakopane1.jpg\"><img decoding=\"async\" src=\"https:\/\/www.krakow.szarytki.pl\/wp-content\/uploads\/2019\/04\/Zakopane1.jpg\" alt=\"\" data-id=\"5808\" data-link=\"https:\/\/www.krakow.szarytki.pl\/?attachment_id=5808\" class=\"wp-image-5808\"\/><\/a><\/figure><\/li><\/ul><\/figure>\n","protected":false},"excerpt":{"rendered":"<p>Dwie siostry z naszej wsp\u00f3lnoty zajmuj\u0105 si\u0119 na co dzie\u0144 dzie\u0107mi niepe\u0142nosprawnymi<\/p>\n","protected":false},"author":5,"featured_media":5804,"comment_status":"closed","ping_status":"closed","sticky":false,"template":"","format":"standard","meta":{"footnotes":""},"categories":[12],"tags":[],"class_list":["post-5802","post","type-post","status-publish","format-standard","has-post-thumbnail","hentry","category-zakopane"],"_links":{"self":[{"href":"https:\/\/www.krakow.szarytki.pl\/index.php?rest_route=\/wp\/v2\/posts\/5802","targetHints":{"allow":["GET"]}}],"collection":[{"href":"https:\/\/www.krakow.szarytki.pl\/index.php?rest_route=\/wp\/v2\/posts"}],"about":[{"href":"https:\/\/www.krakow.szarytki.pl\/index.php?rest_route=\/wp\/v2\/types\/post"}],"author":[{"embeddable":true,"href":"https:\/\/www.krakow.szarytki.pl\/index.php?rest_route=\/wp\/v2\/users\/5"}],"replies":[{"embeddable":true,"href":"https:\/\/www.krakow.szarytki.pl\/index.php?rest_route=%2Fwp%2Fv2%2Fcomments&post=5802"}],"version-history":[{"count":0,"href":"https:\/\/www.krakow.szarytki.pl\/index.php?rest_route=\/wp\/v2\/posts\/5802\/revisions"}],"wp:featuredmedia":[{"embeddable":true,"href":"https:\/\/www.krakow.szarytki.pl\/index.php?rest_route=\/wp\/v2\/media\/5804"}],"wp:attachment":[{"href":"https:\/\/www.krakow.szarytki.pl\/index.php?rest_route=%2Fwp%2Fv2%2Fmedia&parent=5802"}],"wp:term":[{"taxonomy":"category","embeddable":true,"href":"https:\/\/www.krakow.szarytki.pl\/index.php?rest_route=%2Fwp%2Fv2%2Fcategories&post=5802"},{"taxonomy":"post_tag","embeddable":true,"href":"https:\/\/www.krakow.szarytki.pl\/index.php?rest_route=%2Fwp%2Fv2%2Ftags&post=5802"}],"curies":[{"name":"wp","href":"https:\/\/api.w.org\/{rel}","templated":true}]}}