{"id":5735,"date":"2019-04-01T15:08:51","date_gmt":"2019-04-01T13:08:51","guid":{"rendered":"http:\/\/www.krakow.szarytki.pl\/?p=5735"},"modified":"2020-06-19T21:09:40","modified_gmt":"2020-06-19T19:09:40","slug":"bylem-w-wiezieniu","status":"publish","type":"post","link":"https:\/\/www.krakow.szarytki.pl\/?p=5735","title":{"rendered":"By\u0142em w wi\u0119zieniu&#8230;"},"content":{"rendered":"\n<p> &nbsp;  Siedzi naprzeciw nas pi\u0119\u0107dziesi\u0119ciu osadzonych. Patrz\u0105 ze zdziwieniem, sceptycyzmem\u2026 <\/p>\n\n\n\n<!--more-->\n\n\n\n<p> mo\u017ce nadziej\u0105. My\u015blimy o s\u0142owach Jezusa \u201enie przyszed\u0142em bowiem po to, aby \u015bwiat s\u0105dzi\u0107, ale aby \u015bwiat zbawi\u0107\u201d (J 12,47). Nie jeste\u015bmy tu, by os\u0105dza\u0107, by nawraca\u0107, by moralizowa\u0107. Przychodzimy, aby g\u0142osi\u0107 nadziej\u0119 zbawienia w Jezusie Chrystusie Ukrzy\u017cowanym.<\/p>\n\n\n\n<p> <br> Zak\u0142ad Karny w Nowym S\u0105czu. Przebywaj\u0105 tu wi\u0119\u017aniowie skazani na do\u017cywocie lub wieloletnie wyroki. Trzeci raz prowadzimy w tym miejscu kurs Alpha i kolejny raz mamy \u0142ask\u0119 patrze\u0107 na to, co Wszechmocny B\u00f3g robi w sercach ludzi przez g\u0142oszenie Kerygmatu.<\/p>\n\n\n\n<p>&nbsp;&nbsp;&nbsp;&nbsp;&nbsp;&nbsp;&nbsp;&nbsp;&nbsp; Prosty przekaz, \u017ce B\u00f3g Ci\u0119 kocha od zawsze i niezale\u017cnie od\ntego, w jakim miejscu jeste\u015b, \u017ce Jezus umar\u0142 za Twoje grzechy, aby Ci\u0119\nusprawiedliwi\u0107 przed Ojcem, \u017ce mo\u017cesz Go przyj\u0105\u0107 jako swojego Pana i\nZbawiciela, \u017ce masz mo\u017cliwo\u015b\u0107 otrzyma\u0107 wype\u0142nienie Mi\u0142o\u015bci\u0105 Ojca i Syna \u2013\nDuchem \u015awi\u0119tym i masz swoje miejsce we wsp\u00f3lnocie Ko\u015bcio\u0142a.<\/p>\n\n\n\n<p>&nbsp;&nbsp;&nbsp;&nbsp;&nbsp;&nbsp;&nbsp;&nbsp;&nbsp; Alpha \u2013 pocz\u0105tek \u2013 fundament \u2013 Kerygmat, z zadziwiaj\u0105c\u0105\nmoc\u0105 przenika do Nich i do nas. W\u0142a\u015bciwie przychodz\u0105c tu, nie mamy nic innego.\nTe proste prawdy wiary i mi\u0142o\u015b\u0107 w sercu do tych ludzi. <\/p>\n\n\n\n<p>&nbsp;&nbsp;&nbsp;&nbsp;&nbsp;&nbsp;&nbsp;&nbsp;&nbsp; W czasie czternastu tygodni kursu, s\u0142uchamy ich historii,\ntragicznych wybor\u00f3w, sytuacji bez wyj\u015bcia lub zatracenia w tym, co proponuje\nw\u0142adza z\u0142a. Pod skorup\u0105 si\u0142y, dominacji, agresji \u2013 s\u0142yszymy p\u0142acz dziecka.\nDoro\u015bli m\u0119\u017cczy\u017ani z ogromn\u0105 mas\u0105 mi\u0119\u015bniow\u0105, wytatuowani, gro\u017ani\u2026 zaczynaj\u0105\nszuka\u0107 w\u0142asnego serca, a potem Serca Boga. To nasze wsp\u00f3lne do\u015bwiadczenie. W\ntym procesie ro\u015bniemy i my.<\/p>\n\n\n\n<p>&nbsp;&nbsp;&nbsp;&nbsp;&nbsp;&nbsp;&nbsp;&nbsp;&nbsp; Co w nich si\u0119 dzieje? Mo\u017ce niech o tym powiedz\u0105 fragmenty list\u00f3w,\nkt\u00f3re potem pisz\u0105.<\/p>\n\n\n\n<div class=\"wp-block-image\"><figure class=\"aligncenter is-resized\"><img loading=\"lazy\" decoding=\"async\" src=\"https:\/\/www.krakow.szarytki.pl\/wp-content\/uploads\/2019\/04\/6-1024x289.jpg\" alt=\"\" class=\"wp-image-5742\" width=\"580\" height=\"163\"\/><\/figure><\/div>\n\n\n\n<div class=\"wp-block-image\"><figure class=\"aligncenter\"><img decoding=\"async\" src=\"https:\/\/www.krakow.szarytki.pl\/wp-content\/uploads\/2019\/04\/4-1024x328.jpg\" alt=\"\" class=\"wp-image-5741\"\/><\/figure><\/div>\n\n\n\n<div class=\"wp-block-image\"><figure class=\"aligncenter\"><img decoding=\"async\" src=\"https:\/\/www.krakow.szarytki.pl\/wp-content\/uploads\/2019\/04\/3-1024x634.jpg\" alt=\"\" class=\"wp-image-5740\"\/><\/figure><\/div>\n\n\n\n<div class=\"wp-block-image\"><figure class=\"aligncenter\"><img decoding=\"async\" src=\"https:\/\/www.krakow.szarytki.pl\/wp-content\/uploads\/2019\/04\/2-1024x638.jpg\" alt=\"\" class=\"wp-image-5739\"\/><\/figure><\/div>\n\n\n\n<div class=\"wp-block-image\"><figure class=\"aligncenter\"><img decoding=\"async\" src=\"https:\/\/www.krakow.szarytki.pl\/wp-content\/uploads\/2019\/04\/1-1024x617.jpg\" alt=\"\" class=\"wp-image-5738\"\/><\/figure><\/div>\n\n\n\n<p>To jest ich\nrzeczywisto\u015b\u0107. <\/p>\n\n\n\n<p>A nasza ? \u2026 nasza jest\ntaka, \u017ce s\u0142yszymy wci\u0105\u017c to pytanie Jezusa \u201eCzy mi\u0142ujesz mnie?\u201d. On ca\u0142y czas\nnas o to pyta. Mi\u0142o\u015b\u0107 Jezusa Ukrzy\u017cowanego przynagla nas. Je\u015bli to jest prawda,\nnie mo\u017cna \u017cy\u0107 inaczej ni\u017c nios\u0105c ukojenie, pojednanie, nowe \u017cycie i nadziej\u0119\nwsz\u0119dzie tam, gdzie On chce by\u015bmy szli.<\/p>\n\n\n\n<p>Znika pragnienie naszej\nw\u0142asnej warto\u015bci i odniesienia sukcesu, zostaje pokorna rado\u015b\u0107 ze s\u0142u\u017cby tym,\nkt\u00f3rzy s\u0105 wykluczeni i tak bardzo g\u0142odni.<\/p>\n\n\n\n<p>&nbsp;&nbsp;&nbsp;&nbsp;&nbsp;&nbsp;&nbsp;&nbsp;&nbsp; Jest nasz\u0105 rado\u015bci\u0105 mo\u017cliwo\u015b\u0107 podzielenia si\u0119 t\u0105 refleksj\u0105\nz Siostrami naszej Prowincji. Prosimy, m\u00f3dlcie si\u0119 za nas i za naszych Braci \u2013\nWi\u0119\u017ani\u00f3w, a teraz wi\u0119\u017ani\u00f3w w Chrystusie, do kt\u00f3rego ju\u017c nale\u017c\u0105.<\/p>\n\n\n\n<p>&nbsp;&nbsp;&nbsp;&nbsp;&nbsp;&nbsp;&nbsp;&nbsp;&nbsp; Przez trzy edycje kursu ALPHA w s\u0105deckim wi\u0119zieniu Jezusa\npozna\u0142o ok. stu trzydziestu wi\u0119\u017ani\u00f3w. Wi\u0119kszo\u015b\u0107 z nich po latach przyst\u0105pi\u0142a do\nSakrament\u00f3w, ucz\u0119szczaj\u0105 na Eucharysti\u0119 do wi\u0119ziennej Kaplicy, chodz\u0105 na\nkatechezy. Wielu z nich prosi\u0142o o przebaczenie swoje ofiary. Odnawiaj\u0105 si\u0119\nwi\u0119zy rodzinne a my do\u015bwiadczamy Boga \u017cywego.<\/p>\n\n\n\n<div class=\"wp-block-image\"><figure class=\"aligncenter\"><img decoding=\"async\" src=\"https:\/\/www.krakow.szarytki.pl\/wp-content\/uploads\/2019\/04\/7-1.jpg\" alt=\"\" class=\"wp-image-5758\"\/><figcaption> <br> Ekipa ALPHA:<br> S. Ma\u0142gorzata S\u0142omka<br> S. Ma\u0142gorzata Olejnik<br> Ks. Hieronim Kosiarski<br> Beata \u2013 agent ubezpieczeniowy<br> J\u00f3zef i Ala \u2013 biznesmen i nauczycielka<br> Pawe\u0142 i Bo\u017cena \u2013 ochroniarz i piel\u0119gniark\u0105<br> Marian \u2013 komendant hufca pracy <\/figcaption><\/figure><\/div>\n","protected":false},"excerpt":{"rendered":"<p>&nbsp; Siedzi naprzeciw nas pi\u0119\u0107dziesi\u0119ciu osadzonych. Patrz\u0105 ze zdziwieniem, sceptycyzmem\u2026<\/p>\n","protected":false},"author":5,"featured_media":5758,"comment_status":"closed","ping_status":"closed","sticky":false,"template":"","format":"standard","meta":{"footnotes":""},"categories":[11],"tags":[],"class_list":["post-5735","post","type-post","status-publish","format-standard","has-post-thumbnail","hentry","category-piwniczna"],"_links":{"self":[{"href":"https:\/\/www.krakow.szarytki.pl\/index.php?rest_route=\/wp\/v2\/posts\/5735","targetHints":{"allow":["GET"]}}],"collection":[{"href":"https:\/\/www.krakow.szarytki.pl\/index.php?rest_route=\/wp\/v2\/posts"}],"about":[{"href":"https:\/\/www.krakow.szarytki.pl\/index.php?rest_route=\/wp\/v2\/types\/post"}],"author":[{"embeddable":true,"href":"https:\/\/www.krakow.szarytki.pl\/index.php?rest_route=\/wp\/v2\/users\/5"}],"replies":[{"embeddable":true,"href":"https:\/\/www.krakow.szarytki.pl\/index.php?rest_route=%2Fwp%2Fv2%2Fcomments&post=5735"}],"version-history":[{"count":0,"href":"https:\/\/www.krakow.szarytki.pl\/index.php?rest_route=\/wp\/v2\/posts\/5735\/revisions"}],"wp:featuredmedia":[{"embeddable":true,"href":"https:\/\/www.krakow.szarytki.pl\/index.php?rest_route=\/wp\/v2\/media\/5758"}],"wp:attachment":[{"href":"https:\/\/www.krakow.szarytki.pl\/index.php?rest_route=%2Fwp%2Fv2%2Fmedia&parent=5735"}],"wp:term":[{"taxonomy":"category","embeddable":true,"href":"https:\/\/www.krakow.szarytki.pl\/index.php?rest_route=%2Fwp%2Fv2%2Fcategories&post=5735"},{"taxonomy":"post_tag","embeddable":true,"href":"https:\/\/www.krakow.szarytki.pl\/index.php?rest_route=%2Fwp%2Fv2%2Ftags&post=5735"}],"curies":[{"name":"wp","href":"https:\/\/api.w.org\/{rel}","templated":true}]}}