{"id":5659,"date":"2019-03-15T12:00:24","date_gmt":"2019-03-15T11:00:24","guid":{"rendered":"http:\/\/www.krakow.szarytki.pl\/?p=5659"},"modified":"2023-01-01T19:19:34","modified_gmt":"2023-01-01T18:19:34","slug":"spacer-po-kosciele-2","status":"publish","type":"post","link":"https:\/\/www.krakow.szarytki.pl\/?p=5659","title":{"rendered":"Spacer po ko\u015bciele"},"content":{"rendered":"\n<p><\/p>\n\n\n\n<p class=\"has-medium-font-size\">W szeregu cennych i wiekowych zabytk\u00f3w krakowskich, nasz dom i ko\u015bci\u00f3\u0142 nie nale\u017c\u0105 do najstarszych, wr\u0119cz przeciwnie<\/p>\n\n\n\n<!--more-->\n\n\n\n<p class=\"has-medium-font-size\"> &#8211; budow\u0119 ko\u015bcio\u0142a rozpocz\u0119to zaledwie <strong>150<\/strong> lat temu!&nbsp; Jednak wszelkie walory religijne, historyczne i artystyczne zach\u0119caj\u0105 do odwiedzenia tego zak\u0105tka.<br><\/p>\n\n\n\n<div class=\"wp-block-media-text alignwide has-media-on-the-right\" style=\"grid-template-columns:auto 36%\"><div class=\"wp-block-media-text__content\">\n<h3 class=\"has-text-align-center wp-block-heading\"><strong>Ko\u015bci\u00f3\u0142 pw. Naj\u015bwi\u0119tszego Serca Pana Jezusa przy domu prowincjalnym si\u00f3str mi\u0142osierdzia<\/strong><br><\/h3>\n\n\n\n<p class=\"has-medium-font-size\"> to pierwsza w Krakowie \u015bwi\u0105tynia po\u015bwi\u0119cona Sercu Jezusowemu. Kr\u00f3luje w niej Matka Boska <strong>Kr\u00f3lowa Serca Jezusowego<\/strong> z kilkunastoletnim <strong>Dzieci\u0105tkiem <\/strong>wskazuj\u0105cym na<strong> Serduszko<\/strong>.&nbsp; <em>\u201eNazywamy J\u0105 Kr\u00f3low\u0105 Serca Jezusowego, poniewa\u017c Ona sta\u0142a si\u0119 szafark\u0105 zas\u0142ug i bogactw Serca Swego Syna\u201d   (E. Hanter)<\/em><\/p>\n<\/div><figure class=\"wp-block-media-text__media\"><img decoding=\"async\" src=\"https:\/\/www.krakow.szarytki.pl\/wp-content\/uploads\/2019\/03\/DSC_5604.jpg\" alt=\"\" class=\"wp-image-5647 size-full\"\/><\/figure><\/div>\n\n\n\n<h3 class=\"wp-block-heading\"><strong>Historia ko\u015bcio\u0142a<\/strong><\/h3>\n\n\n\n<p class=\"has-medium-font-size\">Fundacj\u0119 Domu Centralnego Si\u00f3str Mi\u0142osierdzia utworzy\u0142<strong> biskup Ludwik \u0141\u0119towski<\/strong>. Tu znajdowa\u0142y si\u0119 m. in. mury starego ko\u015bcio\u0142a pod wezwaniem \u015bw. Szymona i Judy (ko\u015bci\u00f3\u0142 pochodzi\u0142 z czas\u00f3w Stefana Batorego i by\u0142 bardzo zniszczony, zamieniony na spichlerz zbo\u017ca). By\u0142 tam tak\u017ce zmursza\u0142y budynek dawnego szpitala. Ksi\u0105dz Biskup przeprowadzi\u0142 gruntowny remont i przebudow\u0119 od fundament\u00f3w budynku i tak powsta\u0142 jednopi\u0119trowy budynek z niewielkim ko\u015bcio\u0142em.<\/p>\n\n\n\n<div class=\"wp-block-media-text alignwide is-stacked-on-mobile\" style=\"grid-template-columns:38% auto\"><figure class=\"wp-block-media-text__media\"><img decoding=\"async\" src=\"https:\/\/www.krakow.szarytki.pl\/wp-content\/uploads\/2019\/03\/Pokutynski-wnetrze-kosciola-708x1024.jpg\" alt=\"\" class=\"wp-image-5481 size-full\"\/><\/figure><div class=\"wp-block-media-text__content\">\n<p class=\"has-medium-font-size\">Dope\u0142nieniem tych prac by\u0142o wzniesienie (po \u015bmierci biskupa) <strong>nowego ko\u015bcio\u0142a <\/strong>w latach <strong>1869 \u2013 1871. <\/strong>Plany opracowa\u0142 architekt <strong>Filip Pokuty\u0144ski<\/strong> &#8211; profesor architektury w Krakowskiej Szkole Technicznej. Prace budowlane rozpocz\u0119to 3 maja 1869 r., a 28 czerwca ks. wizytator Piotr Soubieille po\u015bwi\u0119ci\u0142 kamie\u0144 w\u0119gielny. Pracami kierowali budowniczowie Matusi\u0144ski i Zieli\u0144ski.<\/p>\n<\/div><\/div>\n\n\n\n<div class=\"wp-block-media-text alignwide has-media-on-the-right\" style=\"grid-template-columns:auto 35%\"><div class=\"wp-block-media-text__content\">\n<p style=\"font-size:19px\">W zimie 1870 roku Pokuty\u0144ski zosta\u0142 przeniesiony s\u0142u\u017cbowo do Lwowa. Chcia\u0142 wycofa\u0107 si\u0119 z budowy ko\u015bcio\u0142a, ale s. Talbot (wizytatorka szarytek) sprzeciwi\u0142a si\u0119 temu i kaza\u0142a mu poza godzinami pracy przygotowywa\u0107 plany szczeg\u00f3\u0142owych rob\u00f3t przy pomocy wynaj\u0119tego rysownika i przesy\u0142a\u0107 do Krakowa. Sprawdza\u0142a je osobi\u015bcie i pilnowa\u0142a wykonania zlece\u0144. Pokuty\u0144ski przysy\u0142a\u0142 nie tylko plany budowy, ale i plany o\u0142tarzy, konfesjona\u0142\u00f3w i balustrady do komunii \u015bw. dostosowanych do stylu ko\u015bcio\u0142a. Budowa nowego ko\u015bcio\u0142a sta\u0142a si\u0119 g\u0142o\u015bna w ca\u0142ym Krakowie. <em>\u201eCzas\u201d<\/em> i inne czasopisma g\u0142osi\u0142y fam\u0119 o jego pi\u0119kno\u015bci. Pokuty\u0144ski pisa\u0142 do s.Talbot: <em>\u201eto, \u017ce kaplica si\u0119 podoba to jest jego nagrod\u0105, ale zas\u0142uga nale\u017cy si\u0119 siostrze Wizytatorce, bo ona prowadzi\u0142a go w tym wa\u017cnym przedsi\u0119wzi\u0119ciu\u201d<\/em>. Za projekt ko\u015bcio\u0142a Pokuty\u0144ski otrzyma\u0142 odznaczenie papieskie.<\/p>\n<\/div><figure class=\"wp-block-media-text__media\"><img decoding=\"async\" src=\"https:\/\/www.krakow.szarytki.pl\/wp-content\/uploads\/2019\/03\/S.Talbot.jpg\" alt=\"\" class=\"wp-image-5511 size-full\"\/><\/figure><\/div>\n\n\n\n<p class=\"has-medium-font-size\"><a href=\"https:\/\/www.krakow.szarytki.pl\/?page_id=5608\" target=\"_blank\" rel=\"noreferrer noopener\"><strong>Po\u015bwi\u0119cenia ko\u015bcio\u0142a<\/strong><\/a> dokona\u0142 nuncjusz z Wiednia abp Marian Falcinelli Antoniacci 17 wrze\u015bnia 1871 r.<\/p>\n\n\n\n<p class=\"has-medium-font-size\">Z ko\u015bcio\u0142em si\u00f3str mi\u0142osierdzia zwi\u0105zana by\u0142a uroczysto\u015b\u0107 <strong>po\u015bwi\u0119cenia \u015bwiata Naj\u015bwi\u0119tszemu Sercu<\/strong> zapowiedziana przez papie\u017ca Piusa IX na 16 czerwca 1875 r. W tym dniu o godz. 17:00 z naszego ko\u015bcio\u0142a wyruszy\u0142a uroczysta procesja na Rynek G\u0142\u00f3wny. Uczestnik\u00f3w liczono z g\u00f3r\u0105 50 tys. os\u00f3b, co w por\u00f3wnaniu z \u00f3wczesn\u0105 populacj\u0105 Krakowa (55.515 os\u00f3b) by\u0142o liczb\u0105 imponuj\u0105c\u0105.<\/p>\n\n\n\n<h3 class=\"wp-block-heading\"><\/h3>\n\n\n<div class=\"wp-block-image\">\n<figure class=\"aligncenter is-resized\"><img loading=\"lazy\" decoding=\"async\" src=\"https:\/\/www.krakow.szarytki.pl\/wp-content\/uploads\/2019\/03\/Procesja.jpg\" alt=\"\" class=\"wp-image-5491\" width=\"600\" height=\"326\"\/><figcaption class=\"wp-element-caption\"><em>Wyj\u015bcie Procesyi z Ko\u015bcio\u0142a \u015aw. Barbary w Krakowie, 1884, H. LIPI\u0143SKI, fotograwiura<\/em><\/figcaption><\/figure>\n<\/div>\n\n\n<figure class=\"wp-block-gallery has-nested-images columns-default is-cropped wp-block-gallery-1 is-layout-flex wp-block-gallery-is-layout-flex\">\n<figure class=\"wp-block-image size-large\"><img loading=\"lazy\" decoding=\"async\" width=\"580\" height=\"367\" data-id=\"5495\" src=\"https:\/\/www.krakow.szarytki.pl\/wp-content\/uploads\/2019\/03\/Kronika-1.jpg\" alt=\"\" class=\"wp-image-5495\" srcset=\"https:\/\/www.krakow.szarytki.pl\/wp-content\/uploads\/2019\/03\/Kronika-1.jpg 580w, https:\/\/www.krakow.szarytki.pl\/wp-content\/uploads\/2019\/03\/Kronika-1-550x348.jpg 550w, https:\/\/www.krakow.szarytki.pl\/wp-content\/uploads\/2019\/03\/Kronika-1-231x146.jpg 231w, https:\/\/www.krakow.szarytki.pl\/wp-content\/uploads\/2019\/03\/Kronika-1-50x32.jpg 50w, https:\/\/www.krakow.szarytki.pl\/wp-content\/uploads\/2019\/03\/Kronika-1-119x75.jpg 119w\" sizes=\"auto, (max-width:767px) 580px, 580px\" \/><figcaption class=\"wp-element-caption\">Opis w &#8222;Kronice&#8221;: <a rel=\"noreferrer noopener\" aria-label=\" (opens in a new tab)\" href=\"https:\/\/www.krakow.szarytki.pl\/?page_id=5499\" target=\"_blank\">https:\/\/www.krakow.szarytki.pl\/?page_id=5499<\/a> <\/figcaption><\/figure>\n\n\n\n<figure class=\"wp-block-image size-large\"><img loading=\"lazy\" decoding=\"async\" width=\"420\" height=\"266\" data-id=\"5496\" src=\"https:\/\/www.krakow.szarytki.pl\/wp-content\/uploads\/2019\/03\/Przeglad_lwowski-1.jpg\" alt=\"\" class=\"wp-image-5496\" srcset=\"https:\/\/www.krakow.szarytki.pl\/wp-content\/uploads\/2019\/03\/Przeglad_lwowski-1.jpg 420w, https:\/\/www.krakow.szarytki.pl\/wp-content\/uploads\/2019\/03\/Przeglad_lwowski-1-231x146.jpg 231w, https:\/\/www.krakow.szarytki.pl\/wp-content\/uploads\/2019\/03\/Przeglad_lwowski-1-50x32.jpg 50w, https:\/\/www.krakow.szarytki.pl\/wp-content\/uploads\/2019\/03\/Przeglad_lwowski-1-118x75.jpg 118w\" sizes=\"auto, (max-width:767px) 420px, 420px\" \/><figcaption class=\"wp-element-caption\">Fragment  &#8222;Przegl\u0105du Lwowskiego&#8221;<a rel=\"noreferrer noopener\" aria-label=\" (opens in a new tab)\" href=\"https:\/\/www.krakow.szarytki.pl\/?page_id=5501\" target=\"_blank\">https:\/\/www.krakow.szarytki.pl\/?page_id=5501<\/a><\/figcaption><\/figure>\n<\/figure>\n\n\n\n<h3 class=\"wp-block-heading\"><strong>Architektura ko\u015bcio\u0142a<\/strong><\/h3>\n\n\n\n<p class=\"has-medium-font-size\">Ko\u015bci\u00f3\u0142 Naj\u015bwi\u0119tszego Serca Pana Jezusa jest praktycznie niewidoczny od strony ul. Warszawskiej. Na jego obecno\u015b\u0107 wskazuje widoczna z daleka wie\u017ca na sygnaturk\u0119, z czterema tarczami zegarowymi, nakryta blaszanym dachem. Ko\u015bci\u00f3\u0142 zosta\u0142 wybudowany na planie krzy\u017ca \u0142aci\u0144skiego w stylu <strong>neoroma\u0144skim<\/strong>. Wn\u0119trze sk\u0142ada si\u0119 z jednej, dwuprz\u0119s\u0142owej nawy, tr\u00f3jprz\u0119s\u0142owego transeptu oraz w\u0119\u017cszego od nawy, jednoprz\u0119s\u0142owego prezbiterium zako\u0144czonego absyd\u0105.<\/p>\n\n\n\n<div class=\"wp-block-image\"><figure class=\"aligncenter is-resized\"><img decoding=\"async\" src=\"https:\/\/www.krakow.szarytki.pl\/wp-content\/uploads\/2019\/03\/kosciol-zewnatrz-Rzewuski-1-1024x740.jpg\" alt=\"\" class=\"wp-image-5514\" width=\"650\" height=\"NaN\"\/><figcaption>Zdj\u0119cie ko\u015bcio\u0142a sprzed 1888 r. &#8211; widok od ogrodu<\/figcaption><\/figure><\/div>\n\n\n\n<p class=\"has-medium-font-size\">Pod prezbiterium znajduje si\u0119 krypta z zewn\u0119trznym wej\u015bciem, a w niej sarkofag z zabalsamowanym cia\u0142em bp \u0141\u0119towskiego. Biskup zmar\u0142 w 1868 r. i pochowany zosta\u0142 na Wawelu, ale w testamencie prosi\u0142, aby m\u00f3g\u0142 spoczywa\u0107 w ko\u015bciele si\u00f3str mi\u0142osierdzia. \u017byczenie to spe\u0142niono po wybudowaniu ko\u015bcio\u0142a, w 1872 r. Natomiast serce fundatora umieszczono w srebrnej puszce w niszy wewn\u0105trz ko\u015bcio\u0142a.<\/p>\n\n\n<div class=\"wp-block-image\">\n<figure class=\"aligncenter is-resized\"><img loading=\"lazy\" decoding=\"async\" src=\"https:\/\/www.krakow.szarytki.pl\/wp-content\/uploads\/2019\/03\/krypta-1.jpg\" alt=\"\" class=\"wp-image-5519\" width=\"638\" height=\"434\"\/><figcaption class=\"wp-element-caption\">Sarkofag bpa \u0141\u0119towskiego<\/figcaption><\/figure>\n<\/div>\n\n\n<p class=\"has-medium-font-size\">Ko\u015bci\u00f3\u0142 nie jest orientowany. Od strony wschodniej poprzedza go kruchta, ponad ni\u0105 znajduje si\u0119 ch\u00f3r. Nawa z transeptem oraz kruchta nakryte s\u0105 sklepieniem krzy\u017cowo-\u017cebrowym na gurtach, Natomiast prezbiterium, ch\u00f3r i zakrystia przykryte s\u0105 sklepieniem krzy\u017cowym, kt\u00f3re wspiera si\u0119 na przy\u015bciennych filarach z p\u00f3\u0142kolumnami o charakterystycznych kostkowych kapitelach (kapitele w ko\u015bciele wykona\u0142 ojciec Stanis\u0142awa Wyspia\u0144skiego, rze\u017abiarz Franciszek Wyspia\u0144ski).<\/p>\n\n\n<div class=\"wp-block-image\">\n<figure class=\"aligncenter is-resized\"><img loading=\"lazy\" decoding=\"async\" src=\"https:\/\/www.krakow.szarytki.pl\/wp-content\/uploads\/2019\/03\/DSC_0499.jpg\" alt=\"\" class=\"wp-image-5516\" width=\"675\" height=\"449\"\/><\/figure>\n<\/div>\n\n\n<p>Prezbiterium o\u015bwietlaj\u0105 cztery wysokie okna umieszczone w \u015bcianie absydy, w dekoracyjnych arkadkach. W \u015bcianach bocznych ko\u015bcio\u0142a znajduj\u0105 si\u0119 nieco wy\u017csze, p\u00f3\u0142koliste otwory okienne, zdobione gzymsami, laskowaniami i czterolistnymi maswerkami.<\/p>\n\n\n\n<p>Wej\u015bcie do \u015bwi\u0105tyni znajduje si\u0119 we wschodniej \u015bcianie ko\u015bcio\u0142a. Wewn\u0105trz \u015bcian\u0119 t\u0105 tworz\u0105 dwie kondygnacje potr\u00f3jnych p\u00f3\u0142kolistych arkad, a otw\u00f3r wej\u015bciowy umieszczono w dolnej \u015brodkowej arkadzie, arkady boczne natomiast s\u0105 \u015blepe.<\/p>\n\n\n<div class=\"wp-block-image\">\n<figure class=\"aligncenter is-resized\"><img loading=\"lazy\" decoding=\"async\" src=\"https:\/\/www.krakow.szarytki.pl\/wp-content\/uploads\/2019\/03\/IMG_2072.jpg\" alt=\"\" class=\"wp-image-5517\" width=\"632\" height=\"400\"\/><\/figure>\n<\/div>\n\n\n<h3 class=\"wp-block-heading\"><strong>Dekoracje ko\u015bcio\u0142a<\/strong><\/h3>\n\n\n\n<p class=\"has-medium-font-size\">Autorami bogatej <strong>polichromii wykonanej w 2. po\u0142owie XIX wieku <\/strong>s\u0105 trzej bracia, malarze wiede\u0144scy J\u00f3zef, Karol i Ignacy Sch\u00f6nbrunnerowie oraz Fryderyk Staudinger. <strong>Na dekoracj\u0119 malarsk\u0105 <\/strong>sk\u0142adaj\u0105 si\u0119 dwie du\u017ce <strong><a href=\"https:\/\/www.krakow.szarytki.pl\/?page_id=5526\">sceny figuralne<\/a><\/strong> na \u015bcianach bocznych prezbiterium, <a href=\"https:\/\/www.krakow.szarytki.pl\/?page_id=5536\"><strong>grupa anio\u0142\u00f3w<\/strong><\/a> w konsze absydy, <strong>medaliony<\/strong> z wyobra\u017ceniami \u015bwi\u0119tych, w uj\u0119ciu p\u00f3\u0142postaciowym, rozmieszczone po jednym w ka\u017cdym polu sklepienia: w prezbiterium &#8211; czterech <strong><a href=\"https:\/\/www.krakow.szarytki.pl\/?page_id=5541\" target=\"_blank\" rel=\"noreferrer noopener\">Ojc\u00f3w Ko\u015bcio\u0142a<\/a><\/strong>, w nawie i cz\u0119\u015bci \u015brodkowej transeptu &#8211;<strong> <a href=\"https:\/\/www.krakow.szarytki.pl\/?page_id=5559\" target=\"_blank\" rel=\"noreferrer noopener\">dwunastu Aposto\u0142\u00f3w<\/a><\/strong>, w prz\u0119s\u0142ach bocznych \u2013 osiem postaci <a href=\"https:\/\/www.krakow.szarytki.pl\/?page_id=5586\" target=\"_blank\" rel=\"noreferrer noopener\"><strong>polskich \u015awi\u0119tych<\/strong><\/a>, trzy medaliony na <a href=\"https:\/\/www.krakow.szarytki.pl\/?page_id=5630\" target=\"_blank\" rel=\"noreferrer noopener\"><strong>\u0142uku t\u0119czowym<\/strong><\/a>, posta\u0107 \u015bw. Piotra na \u015bcianie wschodniej powy\u017cej ch\u00f3ru muzycznego oraz <a href=\"https:\/\/www.krakow.szarytki.pl\/?page_id=5635\" target=\"_blank\" rel=\"noreferrer noopener\"><strong>polichromia ornamentalna<\/strong><\/a> wype\u0142niaj\u0105ca w ca\u0142o\u015bci pozosta\u0142\u0105 cz\u0119\u015b\u0107 \u015bcian i detale architektoniczne. Na sklepieniu wymalowano gwia\u017adziste niebo z elementami z\u0142oconymi. Przestawienia figuralne s\u0105 wykonane w technice fresku, a partie ornamentalne temper\u0105.<\/p>\n\n\n\n<h3 class=\"wp-block-heading\"><strong>Wyposa\u017cenie ko\u015bcio\u0142a<\/strong><\/h3>\n\n\n\n<p style=\"font-size:17px\"> <strong>O\u0142tarze <\/strong>wg projektu Filipa Pokuty\u0144skiego wykonano w wiede\u0144skiej firmie Franciszka Jobsta. W nawie ko\u015bcio\u0142a ustawiona<br>jest <strong>ambona<\/strong> \u2013 dzie\u0142o tego\u017c artysty. Ambona wsparta jest na wi\u0105zce kolumienek o kostkowych kapitelach, podobnych do tych, kt\u00f3re wie\u0144cz\u0105 przy\u015bcienne kolumny. Korpus zdobi\u0105 p\u0142askorze\u017abione przedstawienia czterech Ewangelist\u00f3w.  Poza tym w ko\u015bciele ustawione s\u0105 dwurz\u0119dowe stalle dekorowane motywem bogato profilowanych arkadek, \u0142awki, r\u00f3wnie\u017c zdobione a\u017curowym arkadowaniem oraz ornamentem w stylu rocaille po bokach.<\/p>\n\n\n\n<p style=\"font-size:17px\"><strong>Stacje drogi krzy\u017cowej <\/strong>po\u015bwi\u0119ci\u0142 w 1872 r. kustosz OO. Bernardyn\u00f3w ze Stradomia O. Modest \u015acie\u017cko. S\u0105 to gipsowe, polichromowane p\u0142askorze\u017aby sygnowane nazwiskiem \u201eRaff\u201d, wykonane w Pary\u017cu w 2. po\u0142owie XIX wieku. <\/p>\n\n\n\n<figure class=\"wp-block-gallery has-nested-images columns-default is-cropped wp-block-gallery-2 is-layout-flex wp-block-gallery-is-layout-flex\">\n<figure class=\"wp-block-image size-large\"><a href=\"https:\/\/www.krakow.szarytki.pl\/wp-content\/uploads\/2019\/03\/DSC_0427-1.jpg\"><img loading=\"lazy\" decoding=\"async\" width=\"566\" height=\"850\" data-id=\"5672\" src=\"https:\/\/www.krakow.szarytki.pl\/wp-content\/uploads\/2019\/03\/DSC_0427-1.jpg\" alt=\"\" class=\"wp-image-5672\" srcset=\"https:\/\/www.krakow.szarytki.pl\/wp-content\/uploads\/2019\/03\/DSC_0427-1.jpg 566w, https:\/\/www.krakow.szarytki.pl\/wp-content\/uploads\/2019\/03\/DSC_0427-1-366x550.jpg 366w, https:\/\/www.krakow.szarytki.pl\/wp-content\/uploads\/2019\/03\/DSC_0427-1-97x146.jpg 97w, https:\/\/www.krakow.szarytki.pl\/wp-content\/uploads\/2019\/03\/DSC_0427-1-33x50.jpg 33w, https:\/\/www.krakow.szarytki.pl\/wp-content\/uploads\/2019\/03\/DSC_0427-1-50x75.jpg 50w\" sizes=\"auto, (max-width:767px) 566px, 566px\" \/><\/a><\/figure>\n\n\n\n<figure class=\"wp-block-image size-large\"><a href=\"https:\/\/www.krakow.szarytki.pl\/wp-content\/uploads\/2019\/03\/DSC_0377-1.jpg\"><img loading=\"lazy\" decoding=\"async\" width=\"566\" height=\"850\" data-id=\"5673\" src=\"https:\/\/www.krakow.szarytki.pl\/wp-content\/uploads\/2019\/03\/DSC_0377-1.jpg\" alt=\"\" class=\"wp-image-5673\" srcset=\"https:\/\/www.krakow.szarytki.pl\/wp-content\/uploads\/2019\/03\/DSC_0377-1.jpg 566w, https:\/\/www.krakow.szarytki.pl\/wp-content\/uploads\/2019\/03\/DSC_0377-1-366x550.jpg 366w, https:\/\/www.krakow.szarytki.pl\/wp-content\/uploads\/2019\/03\/DSC_0377-1-97x146.jpg 97w, https:\/\/www.krakow.szarytki.pl\/wp-content\/uploads\/2019\/03\/DSC_0377-1-33x50.jpg 33w, https:\/\/www.krakow.szarytki.pl\/wp-content\/uploads\/2019\/03\/DSC_0377-1-50x75.jpg 50w\" sizes=\"auto, (max-width:767px) 566px, 566px\" \/><\/a><\/figure>\n\n\n\n<figure class=\"wp-block-image size-large\"><a href=\"https:\/\/www.krakow.szarytki.pl\/wp-content\/uploads\/2019\/03\/DSC_0152-1.jpg\"><img loading=\"lazy\" decoding=\"async\" width=\"566\" height=\"850\" data-id=\"5674\" src=\"https:\/\/www.krakow.szarytki.pl\/wp-content\/uploads\/2019\/03\/DSC_0152-1.jpg\" alt=\"\" class=\"wp-image-5674\" srcset=\"https:\/\/www.krakow.szarytki.pl\/wp-content\/uploads\/2019\/03\/DSC_0152-1.jpg 566w, https:\/\/www.krakow.szarytki.pl\/wp-content\/uploads\/2019\/03\/DSC_0152-1-366x550.jpg 366w, https:\/\/www.krakow.szarytki.pl\/wp-content\/uploads\/2019\/03\/DSC_0152-1-97x146.jpg 97w, https:\/\/www.krakow.szarytki.pl\/wp-content\/uploads\/2019\/03\/DSC_0152-1-33x50.jpg 33w, https:\/\/www.krakow.szarytki.pl\/wp-content\/uploads\/2019\/03\/DSC_0152-1-50x75.jpg 50w\" sizes=\"auto, (max-width:767px) 566px, 566px\" \/><\/a><\/figure>\n\n\n\n<figure class=\"wp-block-image size-large\"><a href=\"https:\/\/www.krakow.szarytki.pl\/wp-content\/uploads\/2019\/03\/DSC_0231-1.jpg\"><img loading=\"lazy\" decoding=\"async\" width=\"566\" height=\"850\" data-id=\"5675\" src=\"https:\/\/www.krakow.szarytki.pl\/wp-content\/uploads\/2019\/03\/DSC_0231-1.jpg\" alt=\"\" class=\"wp-image-5675\" srcset=\"https:\/\/www.krakow.szarytki.pl\/wp-content\/uploads\/2019\/03\/DSC_0231-1.jpg 566w, https:\/\/www.krakow.szarytki.pl\/wp-content\/uploads\/2019\/03\/DSC_0231-1-366x550.jpg 366w, https:\/\/www.krakow.szarytki.pl\/wp-content\/uploads\/2019\/03\/DSC_0231-1-97x146.jpg 97w, https:\/\/www.krakow.szarytki.pl\/wp-content\/uploads\/2019\/03\/DSC_0231-1-33x50.jpg 33w, https:\/\/www.krakow.szarytki.pl\/wp-content\/uploads\/2019\/03\/DSC_0231-1-50x75.jpg 50w\" sizes=\"auto, (max-width:767px) 566px, 566px\" \/><\/a><\/figure>\n\n\n\n<figure class=\"wp-block-image size-large\"><a href=\"https:\/\/www.krakow.szarytki.pl\/wp-content\/uploads\/2019\/03\/DSC_5679-1.jpg\"><img loading=\"lazy\" decoding=\"async\" width=\"850\" height=\"569\" data-id=\"5676\" src=\"https:\/\/www.krakow.szarytki.pl\/wp-content\/uploads\/2019\/03\/DSC_5679-1.jpg\" alt=\"\" class=\"wp-image-5676\" srcset=\"https:\/\/www.krakow.szarytki.pl\/wp-content\/uploads\/2019\/03\/DSC_5679-1.jpg 850w, https:\/\/www.krakow.szarytki.pl\/wp-content\/uploads\/2019\/03\/DSC_5679-1-550x368.jpg 550w, https:\/\/www.krakow.szarytki.pl\/wp-content\/uploads\/2019\/03\/DSC_5679-1-768x514.jpg 768w, https:\/\/www.krakow.szarytki.pl\/wp-content\/uploads\/2019\/03\/DSC_5679-1-218x146.jpg 218w, https:\/\/www.krakow.szarytki.pl\/wp-content\/uploads\/2019\/03\/DSC_5679-1-50x33.jpg 50w, https:\/\/www.krakow.szarytki.pl\/wp-content\/uploads\/2019\/03\/DSC_5679-1-112x75.jpg 112w\" sizes=\"auto, (max-width:767px) 700px, (max-width:850px) 100vw, 850px\" \/><\/a><figcaption class=\"wp-element-caption\">COPYRIGHT BY JAKUB SLIWA<\/figcaption><\/figure>\n<\/figure>\n\n\n\n<p>W wie\u017cy ko\u015bcio\u0142a umieszczono trzy<strong> dzwony <\/strong>sprowadzone z Neustadt pod Wiedniem: sze\u015b\u0107set kilogramowy dzwon nosz\u0105cy Imi\u0119 \u201eMaryja\u201d, dwustukilogramowy \u201eJ\u00f3zef\u201d i stusiedmiokilowy \u201eWincenty\u201d. W 1916 r. wojsko zaj\u0119\u0142o najwi\u0119kszy dzwon. Drugi dzwon zabrano w 1917 r. <\/p>\n\n\n\n<p>Do 1945 w oknach ko\u015bcio\u0142a znajdowa\u0142y si\u0119 <strong>witra\u017ce<\/strong>, wykonane w 1871 w firmie Carla Geylinga w Wiedniu \u2013 do dzi\u015b zachowa\u0142a si\u0119 jedynie bordiura o dekoracji ro\u015blinnej oraz maswerkowe zwie\u0144czenia z motywem krzy\u017ca i rozetek.<\/p>\n\n\n\n<h2 class=\"wp-block-heading\"><\/h2>\n\n\n\n<figure class=\"wp-block-gallery has-nested-images columns-default is-cropped wp-block-gallery-3 is-layout-flex wp-block-gallery-is-layout-flex\">\n<figure class=\"wp-block-image size-large\"><a href=\"https:\/\/www.krakow.szarytki.pl\/wp-content\/uploads\/2019\/03\/DSC_0486-1.jpg\"><img loading=\"lazy\" decoding=\"async\" width=\"532\" height=\"800\" data-id=\"5677\" src=\"https:\/\/www.krakow.szarytki.pl\/wp-content\/uploads\/2019\/03\/DSC_0486-1.jpg\" alt=\"\" class=\"wp-image-5677\" srcset=\"https:\/\/www.krakow.szarytki.pl\/wp-content\/uploads\/2019\/03\/DSC_0486-1.jpg 532w, https:\/\/www.krakow.szarytki.pl\/wp-content\/uploads\/2019\/03\/DSC_0486-1-366x550.jpg 366w, https:\/\/www.krakow.szarytki.pl\/wp-content\/uploads\/2019\/03\/DSC_0486-1-97x146.jpg 97w, https:\/\/www.krakow.szarytki.pl\/wp-content\/uploads\/2019\/03\/DSC_0486-1-33x50.jpg 33w, https:\/\/www.krakow.szarytki.pl\/wp-content\/uploads\/2019\/03\/DSC_0486-1-50x75.jpg 50w\" sizes=\"auto, (max-width:767px) 532px, 532px\" \/><\/a><\/figure>\n\n\n\n<figure class=\"wp-block-image size-large\"><a href=\"https:\/\/www.krakow.szarytki.pl\/wp-content\/uploads\/2019\/03\/DSC_5607-1.jpg\"><img loading=\"lazy\" decoding=\"async\" width=\"536\" height=\"800\" data-id=\"5679\" src=\"https:\/\/www.krakow.szarytki.pl\/wp-content\/uploads\/2019\/03\/DSC_5607-1.jpg\" alt=\"\" class=\"wp-image-5679\" srcset=\"https:\/\/www.krakow.szarytki.pl\/wp-content\/uploads\/2019\/03\/DSC_5607-1.jpg 536w, https:\/\/www.krakow.szarytki.pl\/wp-content\/uploads\/2019\/03\/DSC_5607-1-369x550.jpg 369w, https:\/\/www.krakow.szarytki.pl\/wp-content\/uploads\/2019\/03\/DSC_5607-1-98x146.jpg 98w, https:\/\/www.krakow.szarytki.pl\/wp-content\/uploads\/2019\/03\/DSC_5607-1-34x50.jpg 34w, https:\/\/www.krakow.szarytki.pl\/wp-content\/uploads\/2019\/03\/DSC_5607-1-50x75.jpg 50w\" sizes=\"auto, (max-width:767px) 536px, 536px\" \/><\/a><figcaption class=\"wp-element-caption\">COPYRIGHT BY JAKUB SLIWA<\/figcaption><\/figure>\n\n\n\n<figure class=\"wp-block-image size-large\"><a href=\"https:\/\/www.krakow.szarytki.pl\/wp-content\/uploads\/2019\/03\/DSC_5564-1-1.jpg\"><img loading=\"lazy\" decoding=\"async\" width=\"532\" height=\"800\" data-id=\"5680\" src=\"https:\/\/www.krakow.szarytki.pl\/wp-content\/uploads\/2019\/03\/DSC_5564-1-1.jpg\" alt=\"\" class=\"wp-image-5680\" srcset=\"https:\/\/www.krakow.szarytki.pl\/wp-content\/uploads\/2019\/03\/DSC_5564-1-1.jpg 532w, https:\/\/www.krakow.szarytki.pl\/wp-content\/uploads\/2019\/03\/DSC_5564-1-1-366x550.jpg 366w, https:\/\/www.krakow.szarytki.pl\/wp-content\/uploads\/2019\/03\/DSC_5564-1-1-97x146.jpg 97w, https:\/\/www.krakow.szarytki.pl\/wp-content\/uploads\/2019\/03\/DSC_5564-1-1-33x50.jpg 33w, https:\/\/www.krakow.szarytki.pl\/wp-content\/uploads\/2019\/03\/DSC_5564-1-1-50x75.jpg 50w\" sizes=\"auto, (max-width:767px) 532px, 532px\" \/><\/a><figcaption class=\"wp-element-caption\">COPYRIGHT BY JAKUB SLIWA<\/figcaption><\/figure>\n<\/figure>\n\n\n\n<p style=\"font-size:18px\"><strong>Figury <\/strong>pochodz\u0105 z Pary\u017ca z firmy Bouasse-Lebel. Figur\u0119 Naj\u015bwi\u0119tszej Marii Panny Kr\u00f3lowej Serca Jezusowego z ma\u0142ym<br>Jezusem ozdobiono koronami ze z\u0142oconego srebra wykonanymi przez firm\u0119 <em>Leroux<\/em> et <em>Mont<\/em> w Pary\u017cu. Postaci umieszczono na tle promienistej glorii. <\/p>\n\n\n\n<p style=\"font-size:17px\">Figur\u0119 Panny Mo\u017cnej \/Virgo Potens\/ na stylowym postumencie umieszczono na skrzy\u017cowaniu nawy prawej.  Na niskiej mensie oraz po bokach ustawione s\u0105 jeszcze <strong>rze\u017aby anio\u0142\u00f3w trzymaj\u0105cych kandelabry<\/strong>, wykonane pod koniec XIX wieku, sygnowane nazwiskiem A. Tomaszewski. Na antepedium o\u0142tarza widzimy namalowane na z\u0142otych t\u0142ach postaci Chrystusa, czterech ewangelist\u00f3w oraz \u015bwi\u0119tych: Wincentego a Paulo i J\u00f3zefa.<\/p>\n\n\n\n<h2 class=\"wp-block-heading\"><\/h2>\n\n\n\n<figure class=\"wp-block-gallery has-nested-images columns-default is-cropped wp-block-gallery-4 is-layout-flex wp-block-gallery-is-layout-flex\">\n<figure class=\"wp-block-image size-large\"><a href=\"https:\/\/www.krakow.szarytki.pl\/wp-content\/uploads\/2019\/03\/DSC_0413-1.jpg\"><img loading=\"lazy\" decoding=\"async\" width=\"566\" height=\"850\" data-id=\"5682\" src=\"https:\/\/www.krakow.szarytki.pl\/wp-content\/uploads\/2019\/03\/DSC_0413-1.jpg\" alt=\"\" class=\"wp-image-5682\" srcset=\"https:\/\/www.krakow.szarytki.pl\/wp-content\/uploads\/2019\/03\/DSC_0413-1.jpg 566w, https:\/\/www.krakow.szarytki.pl\/wp-content\/uploads\/2019\/03\/DSC_0413-1-366x550.jpg 366w, https:\/\/www.krakow.szarytki.pl\/wp-content\/uploads\/2019\/03\/DSC_0413-1-97x146.jpg 97w, https:\/\/www.krakow.szarytki.pl\/wp-content\/uploads\/2019\/03\/DSC_0413-1-33x50.jpg 33w, https:\/\/www.krakow.szarytki.pl\/wp-content\/uploads\/2019\/03\/DSC_0413-1-50x75.jpg 50w\" sizes=\"auto, (max-width:767px) 566px, 566px\" \/><\/a><\/figure>\n\n\n\n<figure class=\"wp-block-image size-large\"><a href=\"https:\/\/www.krakow.szarytki.pl\/wp-content\/uploads\/2019\/03\/DSC_0433-1.jpg\"><img loading=\"lazy\" decoding=\"async\" width=\"566\" height=\"850\" data-id=\"5683\" src=\"https:\/\/www.krakow.szarytki.pl\/wp-content\/uploads\/2019\/03\/DSC_0433-1.jpg\" alt=\"\" class=\"wp-image-5683\" srcset=\"https:\/\/www.krakow.szarytki.pl\/wp-content\/uploads\/2019\/03\/DSC_0433-1.jpg 566w, https:\/\/www.krakow.szarytki.pl\/wp-content\/uploads\/2019\/03\/DSC_0433-1-366x550.jpg 366w, https:\/\/www.krakow.szarytki.pl\/wp-content\/uploads\/2019\/03\/DSC_0433-1-97x146.jpg 97w, https:\/\/www.krakow.szarytki.pl\/wp-content\/uploads\/2019\/03\/DSC_0433-1-33x50.jpg 33w, https:\/\/www.krakow.szarytki.pl\/wp-content\/uploads\/2019\/03\/DSC_0433-1-50x75.jpg 50w\" sizes=\"auto, (max-width:767px) 566px, 566px\" \/><\/a><\/figure>\n<\/figure>\n\n\n\n<p>W ko\u015bciele znajduj\u0105 si\u0119 r\u00f3wnie\u017c malowane przez s. Amali\u0119 Rerutkiewicz w 2. po\u0142owie XIX wieku <strong>portrety \u015bwi\u0119tych <\/strong>czczonych przez szarytki \u2013<br>francuskiej \u015bwi\u0119tej i za\u0142o\u017cycielki zgromadzenia: \u015aw. Ludwiki de Marillac (umieszczony w ko\u015bciele w 1934 r.) \u2013 nad figur\u0105 \u015bw. J\u00f3zefa, oraz \u015bw. Katarzyny Labour\u00e9 \u2013 powy\u017cej rze\u017aby \u015bw. Wincentego<\/p>\n\n\n\n<div class=\"wp-block-media-text alignwide\" style=\"grid-template-columns:35% auto\"><figure class=\"wp-block-media-text__media\"><img decoding=\"async\" src=\"https:\/\/www.krakow.szarytki.pl\/wp-content\/uploads\/2019\/03\/DSC_0228.jpg\" alt=\"\" class=\"wp-image-5685 size-full\"\/><\/figure><div class=\"wp-block-media-text__content\">\n<p style=\"font-size:18px\"><strong>Organy <\/strong> pierwotnie znajdowa\u0142y si\u0119 w kaplicy misjonarzy na Olczy w Zakopanem. Zosta\u0142y wybudowane w 1950 r. przez firm\u0119 W. Biernackiego z Krakowa. Poniewa\u017c po wybudowaniu nowego ko\u015bcio\u0142a misjonarze zam\u00f3wili wi\u0119kszy instrument, dotychczasowe organy zosta\u0142y podarowane szarytkom przez ks. Jana Kowalika  i zamontowane w 1988 r. Nietypowa lokalizacja szafy organowej jest rezultatem poszukiwa\u0144 miejsca o najkorzystniejszej akustyce. Instrument jest dziewi\u0119ciog\u0142osowy. Prospekt jednosekcyjny, eklektyczny, o cechach neoroma\u0144skich.<\/p>\n<\/div><\/div>\n\n\n\n<div class=\"wp-block-media-text alignwide has-media-on-the-right\" style=\"grid-template-columns:auto 40%\"><div class=\"wp-block-media-text__content\">\n<p style=\"font-size:18px\">Po lewej stronie w nawie g\u0142\u00f3wnej umieszczono w 2008 r. <strong>obraz <\/strong>pisany na wz\u00f3r ikony przedstawiaj\u0105cy pierwsz\u0105 polsk\u0105 b\u0142ogos\u0142awion\u0105 Siostr\u0119 Mi\u0142osierdzia <strong>Mart\u0119 Wieck\u0105 z<\/strong>mar\u0142\u0105 w \u015aniatynie na terenie dzisiejszej Ukrainy. Autorami s\u0105 Lew <em>i <\/em>Andrij Demianczuk z Ukrainy.<\/p>\n<\/div><figure class=\"wp-block-media-text__media\"><img decoding=\"async\" src=\"https:\/\/www.krakow.szarytki.pl\/wp-content\/uploads\/2019\/03\/Bl.Marta-Wiecka.jpg\" alt=\"\" class=\"wp-image-5686 size-full\"\/><\/figure><\/div>\n\n\n\n<h3 class=\"wp-block-heading\">Konserwacja <\/h3>\n\n\n<p>W 1958 r. odmalowano kaplic\u0119 pod kierunkiem prof. Witolda Chomicza, Kurcza i Stanaszka.<\/p>\n<p><!-- \/wp:post-content --><\/p>\n<p><!-- wp:paragraph --><\/p>\n<p>W latach 1979 \/80 odnawiali ko\u015bci\u00f3\u0142 \u2013 bracia Mitkowie.<\/p>\n<p><!-- \/wp:paragraph --><\/p>\n<p><!-- wp:paragraph --><\/p>\n<p>W latach 2007\/2008 przeprowadzono gruntown\u0105 renowacj\u0119 z wymian\u0105 wszystkich instalacji i posadzki pod kierunkiem Aleksandra Piotrowskiego (firma AC Konserwacja Zabytk\u00f3w Piotrowski i Kosakowski Sp\u00f3\u0142ka Jawna).<!-- \/wp:paragraph --><\/p>\n<p><!-- wp:gallery {\"ids\":[9048,9049,9050],\"linkTo\":\"media\"} --><\/p>\n<figure class=\"wp-block-gallery columns-3 is-cropped\">\n<ul class=\"blocks-gallery-grid\">\n<li class=\"blocks-gallery-item\">\n<figure><a href=\"https:\/\/www.krakow.szarytki.pl\/wp-content\/uploads\/2020\/06\/IMG_2081.jpg\"><img loading=\"lazy\" decoding=\"async\" width=\"900\" height=\"600\" src=\"https:\/\/www.krakow.szarytki.pl\/wp-content\/uploads\/2020\/06\/IMG_2081.jpg\" alt=\"\" data-id=\"9048\" data-link=\"https:\/\/www.krakow.szarytki.pl\/?attachment_id=9048\" class=\"wp-image-9048\" srcset=\"https:\/\/www.krakow.szarytki.pl\/wp-content\/uploads\/2020\/06\/IMG_2081.jpg 900w, https:\/\/www.krakow.szarytki.pl\/wp-content\/uploads\/2020\/06\/IMG_2081-550x367.jpg 550w, https:\/\/www.krakow.szarytki.pl\/wp-content\/uploads\/2020\/06\/IMG_2081-768x512.jpg 768w, https:\/\/www.krakow.szarytki.pl\/wp-content\/uploads\/2020\/06\/IMG_2081-113x75.jpg 113w, https:\/\/www.krakow.szarytki.pl\/wp-content\/uploads\/2020\/06\/IMG_2081-700x467.jpg 700w\" sizes=\"auto, (max-width:767px) 700px, (max-width:900px) 100vw, 900px\" \/><\/a><\/figure>\n<\/li>\n<li class=\"blocks-gallery-item\">\n<figure><a href=\"https:\/\/www.krakow.szarytki.pl\/wp-content\/uploads\/2020\/06\/23873126865_54ae41f371_o.jpg\"><img loading=\"lazy\" decoding=\"async\" width=\"600\" height=\"900\" src=\"https:\/\/www.krakow.szarytki.pl\/wp-content\/uploads\/2020\/06\/23873126865_54ae41f371_o.jpg\" alt=\"\" data-id=\"9049\" data-link=\"https:\/\/www.krakow.szarytki.pl\/?attachment_id=9049\" class=\"wp-image-9049\" srcset=\"https:\/\/www.krakow.szarytki.pl\/wp-content\/uploads\/2020\/06\/23873126865_54ae41f371_o.jpg 600w, https:\/\/www.krakow.szarytki.pl\/wp-content\/uploads\/2020\/06\/23873126865_54ae41f371_o-367x550.jpg 367w, https:\/\/www.krakow.szarytki.pl\/wp-content\/uploads\/2020\/06\/23873126865_54ae41f371_o-50x75.jpg 50w\" sizes=\"auto, (max-width:767px) 600px, 600px\" \/><\/a><\/figure>\n<\/li>\n<li class=\"blocks-gallery-item\">\n<figure><a href=\"https:\/\/www.krakow.szarytki.pl\/wp-content\/uploads\/2020\/06\/IMG_2050.jpg\"><img loading=\"lazy\" decoding=\"async\" width=\"600\" height=\"900\" src=\"https:\/\/www.krakow.szarytki.pl\/wp-content\/uploads\/2020\/06\/IMG_2050.jpg\" alt=\"\" data-id=\"9050\" data-full-url=\"https:\/\/www.krakow.szarytki.pl\/wp-content\/uploads\/2020\/06\/IMG_2050.jpg\" data-link=\"https:\/\/www.krakow.szarytki.pl\/?attachment_id=9050\" class=\"wp-image-9050\" srcset=\"https:\/\/www.krakow.szarytki.pl\/wp-content\/uploads\/2020\/06\/IMG_2050.jpg 600w, https:\/\/www.krakow.szarytki.pl\/wp-content\/uploads\/2020\/06\/IMG_2050-367x550.jpg 367w, https:\/\/www.krakow.szarytki.pl\/wp-content\/uploads\/2020\/06\/IMG_2050-50x75.jpg 50w\" sizes=\"auto, (max-width:767px) 600px, 600px\" \/><\/a><\/figure>\n<\/li>\n<\/ul>\n<\/figure>\n<p><!-- \/wp:gallery --><\/p>","protected":false},"excerpt":{"rendered":"<p>W szeregu cennych i wiekowych zabytk\u00f3w krakowskich, nasz dom i ko\u015bci\u00f3\u0142 nie nale\u017c\u0105 do najstarszych, wr\u0119cz przeciwnie<\/p>\n","protected":false},"author":5,"featured_media":5478,"comment_status":"closed","ping_status":"closed","sticky":false,"template":"","format":"standard","meta":{"footnotes":""},"categories":[16],"tags":[],"class_list":["post-5659","post","type-post","status-publish","format-standard","has-post-thumbnail","hentry","category-krakow"],"_links":{"self":[{"href":"https:\/\/www.krakow.szarytki.pl\/index.php?rest_route=\/wp\/v2\/posts\/5659","targetHints":{"allow":["GET"]}}],"collection":[{"href":"https:\/\/www.krakow.szarytki.pl\/index.php?rest_route=\/wp\/v2\/posts"}],"about":[{"href":"https:\/\/www.krakow.szarytki.pl\/index.php?rest_route=\/wp\/v2\/types\/post"}],"author":[{"embeddable":true,"href":"https:\/\/www.krakow.szarytki.pl\/index.php?rest_route=\/wp\/v2\/users\/5"}],"replies":[{"embeddable":true,"href":"https:\/\/www.krakow.szarytki.pl\/index.php?rest_route=%2Fwp%2Fv2%2Fcomments&post=5659"}],"version-history":[{"count":0,"href":"https:\/\/www.krakow.szarytki.pl\/index.php?rest_route=\/wp\/v2\/posts\/5659\/revisions"}],"wp:featuredmedia":[{"embeddable":true,"href":"https:\/\/www.krakow.szarytki.pl\/index.php?rest_route=\/wp\/v2\/media\/5478"}],"wp:attachment":[{"href":"https:\/\/www.krakow.szarytki.pl\/index.php?rest_route=%2Fwp%2Fv2%2Fmedia&parent=5659"}],"wp:term":[{"taxonomy":"category","embeddable":true,"href":"https:\/\/www.krakow.szarytki.pl\/index.php?rest_route=%2Fwp%2Fv2%2Fcategories&post=5659"},{"taxonomy":"post_tag","embeddable":true,"href":"https:\/\/www.krakow.szarytki.pl\/index.php?rest_route=%2Fwp%2Fv2%2Ftags&post=5659"}],"curies":[{"name":"wp","href":"https:\/\/api.w.org\/{rel}","templated":true}]}}