{"id":5401,"date":"2019-02-26T13:33:13","date_gmt":"2019-02-26T12:33:13","guid":{"rendered":"http:\/\/www.krakow.szarytki.pl\/?p=5401"},"modified":"2019-02-26T13:33:13","modified_gmt":"2019-02-26T12:33:13","slug":"final-ferii","status":"publish","type":"post","link":"https:\/\/www.krakow.szarytki.pl\/?p=5401","title":{"rendered":"Fina\u0142 ferii"},"content":{"rendered":"<p>Chocia\u017c zako\u0144czy\u0142 si\u0119 czas ferii zimowych (wczoraj wr\u00f3cili do szko\u0142y m.in. uczniowie z wojew\u00f3dztwa podkarpackiego<!--more--> i \u015bl\u0105skiego), wspania\u0142e prze\u017cycia mo\u017cemy smakowa\u0107 dzi\u0119ki wspomnieniom, a za pomoc niech s\u0142u\u017c\u0105 poni\u017csze zdj\u0119cia\u2026<\/p>\n<p>Od 9 do 16 lutego w Dubiecku odbywa\u0142y si\u0119 rekolekcje dla Wincenty\u0144skiej M\u0142odzie\u017cy Maryjnej z Rymanowa-Zdroju i Przeworska. Ich has\u0142o przewodnie brzmia\u0142o: OWOCE DUCHA, natomiast osoby prowadz\u0105ce to: Ks. Krzysztof Bie\u0144czak, s. Iwona Piela i S. Agnieszka Krzak. Wydaje si\u0119, \u017ce wspomniane owoce maj\u0105 solidne, plastyczne podstawy!<\/p>\n<p>[foogallery id=&#8221;5405&#8243;]<\/p>\n<p>&nbsp;<\/p>\n","protected":false},"excerpt":{"rendered":"<p>Chocia\u017c zako\u0144czy\u0142 si\u0119 czas ferii zimowych (wczoraj wr\u00f3cili do szko\u0142y m.in. uczniowie z wojew\u00f3dztwa podkarpackiego<\/p>\n","protected":false},"author":5,"featured_media":5413,"comment_status":"closed","ping_status":"closed","sticky":false,"template":"","format":"standard","meta":{"footnotes":""},"categories":[45,39],"tags":[],"class_list":["post-5401","post","type-post","status-publish","format-standard","has-post-thumbnail","hentry","category-rymanow-zdroj","category-stowarzyszenie-wmm"],"_links":{"self":[{"href":"https:\/\/www.krakow.szarytki.pl\/index.php?rest_route=\/wp\/v2\/posts\/5401","targetHints":{"allow":["GET"]}}],"collection":[{"href":"https:\/\/www.krakow.szarytki.pl\/index.php?rest_route=\/wp\/v2\/posts"}],"about":[{"href":"https:\/\/www.krakow.szarytki.pl\/index.php?rest_route=\/wp\/v2\/types\/post"}],"author":[{"embeddable":true,"href":"https:\/\/www.krakow.szarytki.pl\/index.php?rest_route=\/wp\/v2\/users\/5"}],"replies":[{"embeddable":true,"href":"https:\/\/www.krakow.szarytki.pl\/index.php?rest_route=%2Fwp%2Fv2%2Fcomments&post=5401"}],"version-history":[{"count":0,"href":"https:\/\/www.krakow.szarytki.pl\/index.php?rest_route=\/wp\/v2\/posts\/5401\/revisions"}],"wp:featuredmedia":[{"embeddable":true,"href":"https:\/\/www.krakow.szarytki.pl\/index.php?rest_route=\/wp\/v2\/media\/5413"}],"wp:attachment":[{"href":"https:\/\/www.krakow.szarytki.pl\/index.php?rest_route=%2Fwp%2Fv2%2Fmedia&parent=5401"}],"wp:term":[{"taxonomy":"category","embeddable":true,"href":"https:\/\/www.krakow.szarytki.pl\/index.php?rest_route=%2Fwp%2Fv2%2Fcategories&post=5401"},{"taxonomy":"post_tag","embeddable":true,"href":"https:\/\/www.krakow.szarytki.pl\/index.php?rest_route=%2Fwp%2Fv2%2Ftags&post=5401"}],"curies":[{"name":"wp","href":"https:\/\/api.w.org\/{rel}","templated":true}]}}