{"id":5382,"date":"2019-02-05T19:28:15","date_gmt":"2019-02-05T18:28:15","guid":{"rendered":"http:\/\/www.krakow.szarytki.pl\/?p=5382"},"modified":"2019-02-05T19:28:15","modified_gmt":"2019-02-05T18:28:15","slug":"w-droge-z-nami","status":"publish","type":"post","link":"https:\/\/www.krakow.szarytki.pl\/?p=5382","title":{"rendered":"W drog\u0119 z nami&#8230;"},"content":{"rendered":"<p>Mamy wielk\u0105 rado\u015b\u0107 w Zgromadzeniu i w naszej Prowincji! W sobot\u0119 2 lutego w \u015awi\u0119to Ofiarowania <!--more-->Pana Jezusa w \u015awi\u0105tyni do Seminarium do\u0142\u0105czy\u0142y Siostra Tatiana i Siostra Vira. Ania natomiast rozpocz\u0119\u0142a Postulat.<br \/>\nOgarnijmy je modlitw\u0105!<\/p>\n<p><a href=\"https:\/\/www.krakow.szarytki.pl\/wp-content\/uploads\/2019\/02\/Seminariumn-2-02-2019-1.jpg\"><img loading=\"lazy\" decoding=\"async\" class=\"alignleft wp-image-5388\" src=\"https:\/\/www.krakow.szarytki.pl\/wp-content\/uploads\/2019\/02\/Seminariumn-2-02-2019-1.jpg\" alt=\"\" width=\"450\" height=\"454\" \/><\/a><a href=\"https:\/\/www.krakow.szarytki.pl\/wp-content\/uploads\/2019\/02\/Seminarium-2-02-2019-1.jpg\"><img loading=\"lazy\" decoding=\"async\" class=\"alignright wp-image-5387\" src=\"https:\/\/www.krakow.szarytki.pl\/wp-content\/uploads\/2019\/02\/Seminarium-2-02-2019-1.jpg\" alt=\"\" width=\"480\" height=\"360\" \/><\/a><\/p>\n<p>&nbsp;<\/p>\n<p>&nbsp;<\/p>\n<p>&nbsp;<\/p>\n<p><a href=\"https:\/\/www.krakow.szarytki.pl\/wp-content\/uploads\/2019\/02\/Postulat-2-02-1019-1.jpg\"><img loading=\"lazy\" decoding=\"async\" class=\"aligncenter wp-image-5386\" src=\"https:\/\/www.krakow.szarytki.pl\/wp-content\/uploads\/2019\/02\/Postulat-2-02-1019-1-768x1024.jpg\" alt=\"\" width=\"345\" height=\"460\" \/><\/a><\/p>\n","protected":false},"excerpt":{"rendered":"<p>Mamy wielk\u0105 rado\u015b\u0107 w Zgromadzeniu i w naszej Prowincji! W sobot\u0119 2 lutego w \u015awi\u0119to Ofiarowania<\/p>\n","protected":false},"author":5,"featured_media":5389,"comment_status":"closed","ping_status":"closed","sticky":false,"template":"","format":"standard","meta":{"footnotes":""},"categories":[44,7],"tags":[],"class_list":["post-5382","post","type-post","status-publish","format-standard","has-post-thumbnail","hentry","category-formacja","category-seminarium"],"_links":{"self":[{"href":"https:\/\/www.krakow.szarytki.pl\/index.php?rest_route=\/wp\/v2\/posts\/5382","targetHints":{"allow":["GET"]}}],"collection":[{"href":"https:\/\/www.krakow.szarytki.pl\/index.php?rest_route=\/wp\/v2\/posts"}],"about":[{"href":"https:\/\/www.krakow.szarytki.pl\/index.php?rest_route=\/wp\/v2\/types\/post"}],"author":[{"embeddable":true,"href":"https:\/\/www.krakow.szarytki.pl\/index.php?rest_route=\/wp\/v2\/users\/5"}],"replies":[{"embeddable":true,"href":"https:\/\/www.krakow.szarytki.pl\/index.php?rest_route=%2Fwp%2Fv2%2Fcomments&post=5382"}],"version-history":[{"count":0,"href":"https:\/\/www.krakow.szarytki.pl\/index.php?rest_route=\/wp\/v2\/posts\/5382\/revisions"}],"wp:featuredmedia":[{"embeddable":true,"href":"https:\/\/www.krakow.szarytki.pl\/index.php?rest_route=\/wp\/v2\/media\/5389"}],"wp:attachment":[{"href":"https:\/\/www.krakow.szarytki.pl\/index.php?rest_route=%2Fwp%2Fv2%2Fmedia&parent=5382"}],"wp:term":[{"taxonomy":"category","embeddable":true,"href":"https:\/\/www.krakow.szarytki.pl\/index.php?rest_route=%2Fwp%2Fv2%2Fcategories&post=5382"},{"taxonomy":"post_tag","embeddable":true,"href":"https:\/\/www.krakow.szarytki.pl\/index.php?rest_route=%2Fwp%2Fv2%2Ftags&post=5382"}],"curies":[{"name":"wp","href":"https:\/\/api.w.org\/{rel}","templated":true}]}}