{"id":5330,"date":"2019-01-14T14:18:43","date_gmt":"2019-01-14T13:18:43","guid":{"rendered":"http:\/\/www.krakow.szarytki.pl\/?p=5330"},"modified":"2019-01-14T14:18:43","modified_gmt":"2019-01-14T13:18:43","slug":"krolewski-orszak","status":"publish","type":"post","link":"https:\/\/www.krakow.szarytki.pl\/?p=5330","title":{"rendered":"Kr\u00f3lewski orszak"},"content":{"rendered":"<p>Tak, tak, wiemy o wielotysi\u0119cznych orszakach w wieeeelkich miastach. A my chcemy si\u0119 pochwali\u0107<!--more--> naszym ma\u0142ym ok.100 os\u00f3b, wioskowym, kr\u00f3tkim ok. 1km, mniej barwnym, ale my\u015blimy, \u017ce r\u00f3wnie rado\u015bnie i ze szczerych serc prze\u017cytym.<\/p>\n<p>Trzeba odda\u0107 ks. Proboszczowi, \u017ce dzi\u0119ki Jego determinacji i zach\u0119cie si\u0119 odby\u0142, a Parafianie dopisali mo\u017ce i skromnie, ale na przysz\u0142y rok b\u0119dzie ich du\u017co wi\u0119cej.<\/p>\n<p>Najwa\u017cniejsze, \u017ce mimo mrozu i \u015bniegu, z kol\u0119dami na ustach przeszli\u015bmy w radosnym korowodzie, by uczci\u0107 Dzieci\u0105tko Jezus.<\/p>\n<p>Kr\u00f3tka scenka jase\u0142kowa w gimnazjum, \u201eprawdziwy\u201d Nowonarodzony \u2013 kilkumiesi\u0119czny Anto\u015b \u2013 pob\u0142ogos\u0142awi\u0142 nas na drogi naszego \u017cycia w Nowym Roku.<\/p>\n<p>Cieszymy si\u0119, \u017ce nasza ma\u0142a wioska wyzna\u0142a publicznie sw\u0105 wiar\u0119.<\/p>\n<p>[foogallery id=&#8221;5331&#8243;]<\/p>\n","protected":false},"excerpt":{"rendered":"<p>Tak, tak, wiemy o wielotysi\u0119cznych orszakach w wieeeelkich miastach. A my chcemy si\u0119 pochwali\u0107<\/p>\n","protected":false},"author":5,"featured_media":5338,"comment_status":"closed","ping_status":"closed","sticky":false,"template":"","format":"standard","meta":{"footnotes":""},"categories":[38],"tags":[],"class_list":["post-5330","post","type-post","status-publish","format-standard","has-post-thumbnail","hentry","category-katy"],"_links":{"self":[{"href":"https:\/\/www.krakow.szarytki.pl\/index.php?rest_route=\/wp\/v2\/posts\/5330","targetHints":{"allow":["GET"]}}],"collection":[{"href":"https:\/\/www.krakow.szarytki.pl\/index.php?rest_route=\/wp\/v2\/posts"}],"about":[{"href":"https:\/\/www.krakow.szarytki.pl\/index.php?rest_route=\/wp\/v2\/types\/post"}],"author":[{"embeddable":true,"href":"https:\/\/www.krakow.szarytki.pl\/index.php?rest_route=\/wp\/v2\/users\/5"}],"replies":[{"embeddable":true,"href":"https:\/\/www.krakow.szarytki.pl\/index.php?rest_route=%2Fwp%2Fv2%2Fcomments&post=5330"}],"version-history":[{"count":0,"href":"https:\/\/www.krakow.szarytki.pl\/index.php?rest_route=\/wp\/v2\/posts\/5330\/revisions"}],"wp:featuredmedia":[{"embeddable":true,"href":"https:\/\/www.krakow.szarytki.pl\/index.php?rest_route=\/wp\/v2\/media\/5338"}],"wp:attachment":[{"href":"https:\/\/www.krakow.szarytki.pl\/index.php?rest_route=%2Fwp%2Fv2%2Fmedia&parent=5330"}],"wp:term":[{"taxonomy":"category","embeddable":true,"href":"https:\/\/www.krakow.szarytki.pl\/index.php?rest_route=%2Fwp%2Fv2%2Fcategories&post=5330"},{"taxonomy":"post_tag","embeddable":true,"href":"https:\/\/www.krakow.szarytki.pl\/index.php?rest_route=%2Fwp%2Fv2%2Ftags&post=5330"}],"curies":[{"name":"wp","href":"https:\/\/api.w.org\/{rel}","templated":true}]}}