{"id":5301,"date":"2019-01-01T17:53:22","date_gmt":"2019-01-01T16:53:22","guid":{"rendered":"http:\/\/www.krakow.szarytki.pl\/?p=5301"},"modified":"2020-11-30T14:53:12","modified_gmt":"2020-11-30T13:53:12","slug":"hej-koleda-koleda","status":"publish","type":"post","link":"https:\/\/www.krakow.szarytki.pl\/?p=5301","title":{"rendered":"Hej kol\u0119da, kol\u0119da"},"content":{"rendered":"<p>Hej kol\u0119da, kol\u0119da, hej kol\u0119dy to czas&#8230;&#8230; Staropolskim zwyczajem szarytki wyruszy\u0142y z kol\u0119d\u0105,<!--more--> by g\u0142osi\u0107 rado\u015b\u0107 z Narodzenia Pana! By\u0142a to okazja do siostrzanego spotkania wsp\u00f3lnoty gorzowskiej i miejscowej &#8211; skwierzy\u0144skiej, a tak\u017ce \u015bwiadectwo dla mieszka\u0144c\u00f3w miasta. Papie\u017c Franciszek zach\u0119ci\u0142 nas do kontemplacji Dzieci\u0105tka Jezus. Pragniemy, by nasze kol\u0119dowanie przybli\u017cy\u0142o wspomnian\u0105 przez Ojca \u015bw.\u00a0 cierpliwo\u015b\u0107, blisko\u015b\u0107 i pokor\u0119 Boga. Przekonajmy si\u0119 \u201ejak bardzo dzisiejszy \u015bwiat potrzebuje czu\u0142o\u015bci!&#8221;<\/p>\n<p>\u00a0<\/p>\n\n\n<figure class=\"wp-block-gallery columns-3 is-cropped wp-block-gallery-1 is-layout-flex wp-block-gallery-is-layout-flex\"><ul class=\"blocks-gallery-grid\"><li class=\"blocks-gallery-item\"><figure><a href=\"https:\/\/www.krakow.szarytki.pl\/wp-content\/uploads\/2020\/11\/Kolednicy01-1.jpg\"><img loading=\"lazy\" decoding=\"async\" width=\"960\" height=\"720\" src=\"https:\/\/www.krakow.szarytki.pl\/wp-content\/uploads\/2020\/11\/Kolednicy01-1.jpg\" alt=\"\" data-id=\"10201\" data-full-url=\"https:\/\/www.krakow.szarytki.pl\/wp-content\/uploads\/2020\/11\/Kolednicy01-1.jpg\" data-link=\"https:\/\/www.krakow.szarytki.pl\/?attachment_id=10201\" class=\"wp-image-10201\" srcset=\"https:\/\/www.krakow.szarytki.pl\/wp-content\/uploads\/2020\/11\/Kolednicy01-1.jpg 960w, https:\/\/www.krakow.szarytki.pl\/wp-content\/uploads\/2020\/11\/Kolednicy01-1-550x413.jpg 550w, https:\/\/www.krakow.szarytki.pl\/wp-content\/uploads\/2020\/11\/Kolednicy01-1-768x576.jpg 768w, https:\/\/www.krakow.szarytki.pl\/wp-content\/uploads\/2020\/11\/Kolednicy01-1-100x75.jpg 100w, https:\/\/www.krakow.szarytki.pl\/wp-content\/uploads\/2020\/11\/Kolednicy01-1-700x525.jpg 700w\" sizes=\"auto, (max-width:767px) 700px, (max-width:960px) 100vw, 960px\" \/><\/a><\/figure><\/li><li class=\"blocks-gallery-item\"><figure><a href=\"https:\/\/www.krakow.szarytki.pl\/wp-content\/uploads\/2020\/11\/Kolednicy04-1.jpg\"><img loading=\"lazy\" decoding=\"async\" width=\"960\" height=\"720\" src=\"https:\/\/www.krakow.szarytki.pl\/wp-content\/uploads\/2020\/11\/Kolednicy04-1.jpg\" alt=\"\" data-id=\"10203\" data-full-url=\"https:\/\/www.krakow.szarytki.pl\/wp-content\/uploads\/2020\/11\/Kolednicy04-1.jpg\" data-link=\"https:\/\/www.krakow.szarytki.pl\/?attachment_id=10203\" class=\"wp-image-10203\" srcset=\"https:\/\/www.krakow.szarytki.pl\/wp-content\/uploads\/2020\/11\/Kolednicy04-1.jpg 960w, https:\/\/www.krakow.szarytki.pl\/wp-content\/uploads\/2020\/11\/Kolednicy04-1-550x413.jpg 550w, https:\/\/www.krakow.szarytki.pl\/wp-content\/uploads\/2020\/11\/Kolednicy04-1-768x576.jpg 768w, https:\/\/www.krakow.szarytki.pl\/wp-content\/uploads\/2020\/11\/Kolednicy04-1-100x75.jpg 100w, https:\/\/www.krakow.szarytki.pl\/wp-content\/uploads\/2020\/11\/Kolednicy04-1-700x525.jpg 700w\" sizes=\"auto, (max-width:767px) 700px, (max-width:960px) 100vw, 960px\" \/><\/a><\/figure><\/li><li class=\"blocks-gallery-item\"><figure><a href=\"https:\/\/www.krakow.szarytki.pl\/wp-content\/uploads\/2020\/11\/Kolednicy05-1.jpg\"><img loading=\"lazy\" decoding=\"async\" width=\"800\" height=\"600\" src=\"https:\/\/www.krakow.szarytki.pl\/wp-content\/uploads\/2020\/11\/Kolednicy05-1.jpg\" alt=\"\" data-id=\"10205\" data-full-url=\"https:\/\/www.krakow.szarytki.pl\/wp-content\/uploads\/2020\/11\/Kolednicy05-1.jpg\" data-link=\"https:\/\/www.krakow.szarytki.pl\/?attachment_id=10205\" class=\"wp-image-10205\" srcset=\"https:\/\/www.krakow.szarytki.pl\/wp-content\/uploads\/2020\/11\/Kolednicy05-1.jpg 800w, https:\/\/www.krakow.szarytki.pl\/wp-content\/uploads\/2020\/11\/Kolednicy05-1-550x413.jpg 550w, https:\/\/www.krakow.szarytki.pl\/wp-content\/uploads\/2020\/11\/Kolednicy05-1-768x576.jpg 768w, https:\/\/www.krakow.szarytki.pl\/wp-content\/uploads\/2020\/11\/Kolednicy05-1-100x75.jpg 100w, https:\/\/www.krakow.szarytki.pl\/wp-content\/uploads\/2020\/11\/Kolednicy05-1-700x525.jpg 700w\" sizes=\"auto, (max-width:767px) 700px, (max-width:800px) 100vw, 800px\" \/><\/a><\/figure><\/li><li class=\"blocks-gallery-item\"><figure><a href=\"https:\/\/www.krakow.szarytki.pl\/wp-content\/uploads\/2020\/11\/Kolednicy06-1.jpg\"><img loading=\"lazy\" decoding=\"async\" width=\"827\" height=\"619\" src=\"https:\/\/www.krakow.szarytki.pl\/wp-content\/uploads\/2020\/11\/Kolednicy06-1.jpg\" alt=\"\" data-id=\"10207\" data-full-url=\"https:\/\/www.krakow.szarytki.pl\/wp-content\/uploads\/2020\/11\/Kolednicy06-1.jpg\" data-link=\"https:\/\/www.krakow.szarytki.pl\/?attachment_id=10207\" class=\"wp-image-10207\" srcset=\"https:\/\/www.krakow.szarytki.pl\/wp-content\/uploads\/2020\/11\/Kolednicy06-1.jpg 827w, https:\/\/www.krakow.szarytki.pl\/wp-content\/uploads\/2020\/11\/Kolednicy06-1-550x412.jpg 550w, https:\/\/www.krakow.szarytki.pl\/wp-content\/uploads\/2020\/11\/Kolednicy06-1-768x575.jpg 768w, https:\/\/www.krakow.szarytki.pl\/wp-content\/uploads\/2020\/11\/Kolednicy06-1-100x75.jpg 100w, https:\/\/www.krakow.szarytki.pl\/wp-content\/uploads\/2020\/11\/Kolednicy06-1-700x524.jpg 700w\" sizes=\"auto, (max-width:767px) 700px, (max-width:827px) 100vw, 827px\" \/><\/a><\/figure><\/li><li class=\"blocks-gallery-item\"><figure><a href=\"https:\/\/www.krakow.szarytki.pl\/wp-content\/uploads\/2020\/11\/Kolednicy07-1.jpg\"><img loading=\"lazy\" decoding=\"async\" width=\"960\" height=\"720\" src=\"https:\/\/www.krakow.szarytki.pl\/wp-content\/uploads\/2020\/11\/Kolednicy07-1.jpg\" alt=\"\" data-id=\"10209\" data-full-url=\"https:\/\/www.krakow.szarytki.pl\/wp-content\/uploads\/2020\/11\/Kolednicy07-1.jpg\" data-link=\"https:\/\/www.krakow.szarytki.pl\/?attachment_id=10209\" class=\"wp-image-10209\" srcset=\"https:\/\/www.krakow.szarytki.pl\/wp-content\/uploads\/2020\/11\/Kolednicy07-1.jpg 960w, https:\/\/www.krakow.szarytki.pl\/wp-content\/uploads\/2020\/11\/Kolednicy07-1-550x413.jpg 550w, https:\/\/www.krakow.szarytki.pl\/wp-content\/uploads\/2020\/11\/Kolednicy07-1-768x576.jpg 768w, https:\/\/www.krakow.szarytki.pl\/wp-content\/uploads\/2020\/11\/Kolednicy07-1-100x75.jpg 100w, https:\/\/www.krakow.szarytki.pl\/wp-content\/uploads\/2020\/11\/Kolednicy07-1-700x525.jpg 700w\" sizes=\"auto, (max-width:767px) 700px, (max-width:960px) 100vw, 960px\" \/><\/a><\/figure><\/li><li class=\"blocks-gallery-item\"><figure><a href=\"https:\/\/www.krakow.szarytki.pl\/wp-content\/uploads\/2020\/11\/Kolednicy08-1.jpg\"><img loading=\"lazy\" decoding=\"async\" width=\"960\" height=\"720\" src=\"https:\/\/www.krakow.szarytki.pl\/wp-content\/uploads\/2020\/11\/Kolednicy08-1.jpg\" alt=\"\" data-id=\"10211\" data-full-url=\"https:\/\/www.krakow.szarytki.pl\/wp-content\/uploads\/2020\/11\/Kolednicy08-1.jpg\" data-link=\"https:\/\/www.krakow.szarytki.pl\/?attachment_id=10211\" class=\"wp-image-10211\" srcset=\"https:\/\/www.krakow.szarytki.pl\/wp-content\/uploads\/2020\/11\/Kolednicy08-1.jpg 960w, https:\/\/www.krakow.szarytki.pl\/wp-content\/uploads\/2020\/11\/Kolednicy08-1-550x413.jpg 550w, https:\/\/www.krakow.szarytki.pl\/wp-content\/uploads\/2020\/11\/Kolednicy08-1-768x576.jpg 768w, https:\/\/www.krakow.szarytki.pl\/wp-content\/uploads\/2020\/11\/Kolednicy08-1-100x75.jpg 100w, https:\/\/www.krakow.szarytki.pl\/wp-content\/uploads\/2020\/11\/Kolednicy08-1-700x525.jpg 700w\" sizes=\"auto, (max-width:767px) 700px, (max-width:960px) 100vw, 960px\" \/><\/a><\/figure><\/li><li class=\"blocks-gallery-item\"><figure><a href=\"https:\/\/www.krakow.szarytki.pl\/wp-content\/uploads\/2020\/11\/Kolednicy09-1.jpg\"><img loading=\"lazy\" decoding=\"async\" width=\"960\" height=\"720\" src=\"https:\/\/www.krakow.szarytki.pl\/wp-content\/uploads\/2020\/11\/Kolednicy09-1.jpg\" alt=\"\" data-id=\"10212\" data-full-url=\"https:\/\/www.krakow.szarytki.pl\/wp-content\/uploads\/2020\/11\/Kolednicy09-1.jpg\" data-link=\"https:\/\/www.krakow.szarytki.pl\/?attachment_id=10212\" class=\"wp-image-10212\" srcset=\"https:\/\/www.krakow.szarytki.pl\/wp-content\/uploads\/2020\/11\/Kolednicy09-1.jpg 960w, https:\/\/www.krakow.szarytki.pl\/wp-content\/uploads\/2020\/11\/Kolednicy09-1-550x413.jpg 550w, https:\/\/www.krakow.szarytki.pl\/wp-content\/uploads\/2020\/11\/Kolednicy09-1-768x576.jpg 768w, https:\/\/www.krakow.szarytki.pl\/wp-content\/uploads\/2020\/11\/Kolednicy09-1-100x75.jpg 100w, https:\/\/www.krakow.szarytki.pl\/wp-content\/uploads\/2020\/11\/Kolednicy09-1-700x525.jpg 700w\" sizes=\"auto, (max-width:767px) 700px, (max-width:960px) 100vw, 960px\" \/><\/a><\/figure><\/li><li class=\"blocks-gallery-item\"><figure><a href=\"https:\/\/www.krakow.szarytki.pl\/wp-content\/uploads\/2020\/11\/Kolednicy13-1.jpg\"><img loading=\"lazy\" decoding=\"async\" width=\"1024\" height=\"576\" src=\"https:\/\/www.krakow.szarytki.pl\/wp-content\/uploads\/2020\/11\/Kolednicy13-1-1024x576.jpg\" alt=\"\" data-id=\"10213\" data-full-url=\"https:\/\/www.krakow.szarytki.pl\/wp-content\/uploads\/2020\/11\/Kolednicy13-1.jpg\" data-link=\"https:\/\/www.krakow.szarytki.pl\/?attachment_id=10213\" class=\"wp-image-10213\" srcset=\"https:\/\/www.krakow.szarytki.pl\/wp-content\/uploads\/2020\/11\/Kolednicy13-1-1024x576.jpg 1024w, https:\/\/www.krakow.szarytki.pl\/wp-content\/uploads\/2020\/11\/Kolednicy13-1-550x309.jpg 550w, https:\/\/www.krakow.szarytki.pl\/wp-content\/uploads\/2020\/11\/Kolednicy13-1-768x432.jpg 768w, https:\/\/www.krakow.szarytki.pl\/wp-content\/uploads\/2020\/11\/Kolednicy13-1-1536x864.jpg 1536w, https:\/\/www.krakow.szarytki.pl\/wp-content\/uploads\/2020\/11\/Kolednicy13-1-133x75.jpg 133w, https:\/\/www.krakow.szarytki.pl\/wp-content\/uploads\/2020\/11\/Kolednicy13-1-1200x675.jpg 1200w, https:\/\/www.krakow.szarytki.pl\/wp-content\/uploads\/2020\/11\/Kolednicy13-1-700x394.jpg 700w, https:\/\/www.krakow.szarytki.pl\/wp-content\/uploads\/2020\/11\/Kolednicy13-1.jpg 2048w\" sizes=\"auto, (max-width:767px) 700px, (max-width:1024px) 100vw, 1024px\" \/><\/a><\/figure><\/li><li class=\"blocks-gallery-item\"><figure><a href=\"https:\/\/www.krakow.szarytki.pl\/wp-content\/uploads\/2020\/11\/Kolednicy15-1.jpg\"><img loading=\"lazy\" decoding=\"async\" width=\"850\" height=\"637\" src=\"https:\/\/www.krakow.szarytki.pl\/wp-content\/uploads\/2020\/11\/Kolednicy15-1.jpg\" alt=\"\" data-id=\"10215\" data-full-url=\"https:\/\/www.krakow.szarytki.pl\/wp-content\/uploads\/2020\/11\/Kolednicy15-1.jpg\" data-link=\"https:\/\/www.krakow.szarytki.pl\/?attachment_id=10215\" class=\"wp-image-10215\" srcset=\"https:\/\/www.krakow.szarytki.pl\/wp-content\/uploads\/2020\/11\/Kolednicy15-1.jpg 850w, https:\/\/www.krakow.szarytki.pl\/wp-content\/uploads\/2020\/11\/Kolednicy15-1-550x412.jpg 550w, https:\/\/www.krakow.szarytki.pl\/wp-content\/uploads\/2020\/11\/Kolednicy15-1-768x576.jpg 768w, https:\/\/www.krakow.szarytki.pl\/wp-content\/uploads\/2020\/11\/Kolednicy15-1-100x75.jpg 100w, https:\/\/www.krakow.szarytki.pl\/wp-content\/uploads\/2020\/11\/Kolednicy15-1-700x525.jpg 700w\" sizes=\"auto, (max-width:767px) 700px, (max-width:850px) 100vw, 850px\" \/><\/a><\/figure><\/li><li class=\"blocks-gallery-item\"><figure><a href=\"https:\/\/www.krakow.szarytki.pl\/wp-content\/uploads\/2020\/11\/Kolednicy16-1.jpg\"><img loading=\"lazy\" decoding=\"async\" width=\"850\" height=\"638\" src=\"https:\/\/www.krakow.szarytki.pl\/wp-content\/uploads\/2020\/11\/Kolednicy16-1.jpg\" alt=\"\" data-id=\"10216\" data-full-url=\"https:\/\/www.krakow.szarytki.pl\/wp-content\/uploads\/2020\/11\/Kolednicy16-1.jpg\" data-link=\"https:\/\/www.krakow.szarytki.pl\/?attachment_id=10216\" class=\"wp-image-10216\" srcset=\"https:\/\/www.krakow.szarytki.pl\/wp-content\/uploads\/2020\/11\/Kolednicy16-1.jpg 850w, https:\/\/www.krakow.szarytki.pl\/wp-content\/uploads\/2020\/11\/Kolednicy16-1-550x413.jpg 550w, https:\/\/www.krakow.szarytki.pl\/wp-content\/uploads\/2020\/11\/Kolednicy16-1-768x576.jpg 768w, https:\/\/www.krakow.szarytki.pl\/wp-content\/uploads\/2020\/11\/Kolednicy16-1-100x75.jpg 100w, https:\/\/www.krakow.szarytki.pl\/wp-content\/uploads\/2020\/11\/Kolednicy16-1-700x525.jpg 700w\" sizes=\"auto, (max-width:767px) 700px, (max-width:850px) 100vw, 850px\" \/><\/a><\/figure><\/li><li class=\"blocks-gallery-item\"><figure><a href=\"https:\/\/www.krakow.szarytki.pl\/wp-content\/uploads\/2020\/11\/Kolednicy17-1.jpg\"><img loading=\"lazy\" decoding=\"async\" width=\"850\" height=\"638\" src=\"https:\/\/www.krakow.szarytki.pl\/wp-content\/uploads\/2020\/11\/Kolednicy17-1.jpg\" alt=\"\" data-id=\"10217\" data-full-url=\"https:\/\/www.krakow.szarytki.pl\/wp-content\/uploads\/2020\/11\/Kolednicy17-1.jpg\" data-link=\"https:\/\/www.krakow.szarytki.pl\/?attachment_id=10217\" class=\"wp-image-10217\" srcset=\"https:\/\/www.krakow.szarytki.pl\/wp-content\/uploads\/2020\/11\/Kolednicy17-1.jpg 850w, https:\/\/www.krakow.szarytki.pl\/wp-content\/uploads\/2020\/11\/Kolednicy17-1-550x413.jpg 550w, https:\/\/www.krakow.szarytki.pl\/wp-content\/uploads\/2020\/11\/Kolednicy17-1-768x576.jpg 768w, https:\/\/www.krakow.szarytki.pl\/wp-content\/uploads\/2020\/11\/Kolednicy17-1-100x75.jpg 100w, https:\/\/www.krakow.szarytki.pl\/wp-content\/uploads\/2020\/11\/Kolednicy17-1-700x525.jpg 700w\" sizes=\"auto, (max-width:767px) 700px, (max-width:850px) 100vw, 850px\" \/><\/a><\/figure><\/li><li class=\"blocks-gallery-item\"><figure><a href=\"https:\/\/www.krakow.szarytki.pl\/wp-content\/uploads\/2020\/11\/Kolednicy18-1.jpg\"><img loading=\"lazy\" decoding=\"async\" width=\"615\" height=\"820\" src=\"https:\/\/www.krakow.szarytki.pl\/wp-content\/uploads\/2020\/11\/Kolednicy18-1.jpg\" alt=\"\" data-id=\"10218\" data-full-url=\"https:\/\/www.krakow.szarytki.pl\/wp-content\/uploads\/2020\/11\/Kolednicy18-1.jpg\" data-link=\"https:\/\/www.krakow.szarytki.pl\/?attachment_id=10218\" class=\"wp-image-10218\" srcset=\"https:\/\/www.krakow.szarytki.pl\/wp-content\/uploads\/2020\/11\/Kolednicy18-1.jpg 615w, https:\/\/www.krakow.szarytki.pl\/wp-content\/uploads\/2020\/11\/Kolednicy18-1-413x550.jpg 413w, https:\/\/www.krakow.szarytki.pl\/wp-content\/uploads\/2020\/11\/Kolednicy18-1-56x75.jpg 56w\" sizes=\"auto, (max-width:767px) 615px, 615px\" \/><\/a><\/figure><\/li><\/ul><\/figure>\n\n\n\n<p><\/p>\n","protected":false},"excerpt":{"rendered":"<p>Hej kol\u0119da, kol\u0119da, hej kol\u0119dy to czas&#8230;&#8230; Staropolskim zwyczajem szarytki wyruszy\u0142y z kol\u0119d\u0105,<\/p>\n","protected":false},"author":5,"featured_media":10193,"comment_status":"closed","ping_status":"closed","sticky":false,"template":"","format":"standard","meta":{"footnotes":""},"categories":[19,43],"tags":[],"class_list":["post-5301","post","type-post","status-publish","format-standard","has-post-thumbnail","hentry","category-gorzow-wlkp","category-skwierzyna"],"_links":{"self":[{"href":"https:\/\/www.krakow.szarytki.pl\/index.php?rest_route=\/wp\/v2\/posts\/5301","targetHints":{"allow":["GET"]}}],"collection":[{"href":"https:\/\/www.krakow.szarytki.pl\/index.php?rest_route=\/wp\/v2\/posts"}],"about":[{"href":"https:\/\/www.krakow.szarytki.pl\/index.php?rest_route=\/wp\/v2\/types\/post"}],"author":[{"embeddable":true,"href":"https:\/\/www.krakow.szarytki.pl\/index.php?rest_route=\/wp\/v2\/users\/5"}],"replies":[{"embeddable":true,"href":"https:\/\/www.krakow.szarytki.pl\/index.php?rest_route=%2Fwp%2Fv2%2Fcomments&post=5301"}],"version-history":[{"count":0,"href":"https:\/\/www.krakow.szarytki.pl\/index.php?rest_route=\/wp\/v2\/posts\/5301\/revisions"}],"wp:featuredmedia":[{"embeddable":true,"href":"https:\/\/www.krakow.szarytki.pl\/index.php?rest_route=\/wp\/v2\/media\/10193"}],"wp:attachment":[{"href":"https:\/\/www.krakow.szarytki.pl\/index.php?rest_route=%2Fwp%2Fv2%2Fmedia&parent=5301"}],"wp:term":[{"taxonomy":"category","embeddable":true,"href":"https:\/\/www.krakow.szarytki.pl\/index.php?rest_route=%2Fwp%2Fv2%2Fcategories&post=5301"},{"taxonomy":"post_tag","embeddable":true,"href":"https:\/\/www.krakow.szarytki.pl\/index.php?rest_route=%2Fwp%2Fv2%2Ftags&post=5301"}],"curies":[{"name":"wp","href":"https:\/\/api.w.org\/{rel}","templated":true}]}}