{"id":5272,"date":"2018-12-28T14:45:44","date_gmt":"2018-12-28T13:45:44","guid":{"rendered":"http:\/\/www.krakow.szarytki.pl\/?p=5272"},"modified":"2020-11-30T14:42:16","modified_gmt":"2020-11-30T13:42:16","slug":"wigilia-w-gorzowie","status":"publish","type":"post","link":"https:\/\/www.krakow.szarytki.pl\/?p=5272","title":{"rendered":"Wigilia w Gorzowie"},"content":{"rendered":"<p>Spotkania wigilijne dla podopiecznych &#8222;Centrum \u015bw. Katarzyny&#8221; to ju\u017c tradycja. Na dzisiejsze spotkanie<!--more--> przysz\u0142o 60 os\u00f3b, kt\u00f3re na co dzie\u0144 korzystaj\u0105 z naszej sto\u0142\u00f3wki. Oni s\u0105 w pewnym sensie &#8222;naszymi bliskimi&#8221;, a z bliskimi zasiada si\u0119 do wigilijnego sto\u0142u. Przed Wigili\u0105, by\u0142a wsp\u00f3lna modlitwa, odczytanie Ewangelii \u015bw. ,\u017cyczenia Ksi\u0119dza Proboszcza i wsp\u00f3lne prze\u0142amanie si\u0119 op\u0142atkiem. Wieczerza wigilijna i wsp\u00f3lne \u015bpiewanie kol\u0119d. W tym roku zaszczyci\u0142a nas tak\u017ce Telewizja Gorzowska.<\/p>\n\n\n<figure class=\"wp-block-gallery columns-3 is-cropped wp-block-gallery-1 is-layout-flex wp-block-gallery-is-layout-flex\"><ul class=\"blocks-gallery-grid\"><li class=\"blocks-gallery-item\"><figure><a href=\"https:\/\/www.krakow.szarytki.pl\/wp-content\/uploads\/2020\/11\/48397495_2148122122104305_3659675241317138432_n.jpg\"><img loading=\"lazy\" decoding=\"async\" width=\"1024\" height=\"768\" src=\"https:\/\/www.krakow.szarytki.pl\/wp-content\/uploads\/2020\/11\/48397495_2148122122104305_3659675241317138432_n.jpg\" alt=\"\" data-id=\"10178\" data-full-url=\"https:\/\/www.krakow.szarytki.pl\/wp-content\/uploads\/2020\/11\/48397495_2148122122104305_3659675241317138432_n.jpg\" data-link=\"https:\/\/www.krakow.szarytki.pl\/?attachment_id=10178\" class=\"wp-image-10178\" srcset=\"https:\/\/www.krakow.szarytki.pl\/wp-content\/uploads\/2020\/11\/48397495_2148122122104305_3659675241317138432_n.jpg 1024w, https:\/\/www.krakow.szarytki.pl\/wp-content\/uploads\/2020\/11\/48397495_2148122122104305_3659675241317138432_n-550x413.jpg 550w, https:\/\/www.krakow.szarytki.pl\/wp-content\/uploads\/2020\/11\/48397495_2148122122104305_3659675241317138432_n-768x576.jpg 768w, https:\/\/www.krakow.szarytki.pl\/wp-content\/uploads\/2020\/11\/48397495_2148122122104305_3659675241317138432_n-100x75.jpg 100w, https:\/\/www.krakow.szarytki.pl\/wp-content\/uploads\/2020\/11\/48397495_2148122122104305_3659675241317138432_n-960x720.jpg 960w, https:\/\/www.krakow.szarytki.pl\/wp-content\/uploads\/2020\/11\/48397495_2148122122104305_3659675241317138432_n-700x525.jpg 700w\" sizes=\"auto, (max-width:767px) 700px, (max-width:1024px) 100vw, 1024px\" \/><\/a><\/figure><\/li><li class=\"blocks-gallery-item\"><figure><a href=\"https:\/\/www.krakow.szarytki.pl\/wp-content\/uploads\/2020\/11\/DSC06275.jpg\"><img loading=\"lazy\" decoding=\"async\" width=\"1024\" height=\"768\" src=\"https:\/\/www.krakow.szarytki.pl\/wp-content\/uploads\/2020\/11\/DSC06275.jpg\" alt=\"\" data-id=\"10179\" data-full-url=\"https:\/\/www.krakow.szarytki.pl\/wp-content\/uploads\/2020\/11\/DSC06275.jpg\" data-link=\"https:\/\/www.krakow.szarytki.pl\/?attachment_id=10179\" class=\"wp-image-10179\" srcset=\"https:\/\/www.krakow.szarytki.pl\/wp-content\/uploads\/2020\/11\/DSC06275.jpg 1024w, https:\/\/www.krakow.szarytki.pl\/wp-content\/uploads\/2020\/11\/DSC06275-550x413.jpg 550w, https:\/\/www.krakow.szarytki.pl\/wp-content\/uploads\/2020\/11\/DSC06275-768x576.jpg 768w, https:\/\/www.krakow.szarytki.pl\/wp-content\/uploads\/2020\/11\/DSC06275-100x75.jpg 100w, https:\/\/www.krakow.szarytki.pl\/wp-content\/uploads\/2020\/11\/DSC06275-960x720.jpg 960w, https:\/\/www.krakow.szarytki.pl\/wp-content\/uploads\/2020\/11\/DSC06275-700x525.jpg 700w\" sizes=\"auto, (max-width:767px) 700px, (max-width:1024px) 100vw, 1024px\" \/><\/a><\/figure><\/li><li class=\"blocks-gallery-item\"><figure><a href=\"https:\/\/www.krakow.szarytki.pl\/wp-content\/uploads\/2020\/11\/DSC06280.jpg\"><img loading=\"lazy\" decoding=\"async\" width=\"1024\" height=\"768\" src=\"https:\/\/www.krakow.szarytki.pl\/wp-content\/uploads\/2020\/11\/DSC06280.jpg\" alt=\"\" data-id=\"10180\" data-full-url=\"https:\/\/www.krakow.szarytki.pl\/wp-content\/uploads\/2020\/11\/DSC06280.jpg\" data-link=\"https:\/\/www.krakow.szarytki.pl\/?attachment_id=10180\" class=\"wp-image-10180\" srcset=\"https:\/\/www.krakow.szarytki.pl\/wp-content\/uploads\/2020\/11\/DSC06280.jpg 1024w, https:\/\/www.krakow.szarytki.pl\/wp-content\/uploads\/2020\/11\/DSC06280-550x413.jpg 550w, https:\/\/www.krakow.szarytki.pl\/wp-content\/uploads\/2020\/11\/DSC06280-768x576.jpg 768w, https:\/\/www.krakow.szarytki.pl\/wp-content\/uploads\/2020\/11\/DSC06280-100x75.jpg 100w, https:\/\/www.krakow.szarytki.pl\/wp-content\/uploads\/2020\/11\/DSC06280-960x720.jpg 960w, https:\/\/www.krakow.szarytki.pl\/wp-content\/uploads\/2020\/11\/DSC06280-700x525.jpg 700w\" sizes=\"auto, (max-width:767px) 700px, (max-width:1024px) 100vw, 1024px\" \/><\/a><\/figure><\/li><li class=\"blocks-gallery-item\"><figure><a href=\"https:\/\/www.krakow.szarytki.pl\/wp-content\/uploads\/2020\/11\/DSC06287.jpg\"><img loading=\"lazy\" decoding=\"async\" width=\"1024\" height=\"768\" src=\"https:\/\/www.krakow.szarytki.pl\/wp-content\/uploads\/2020\/11\/DSC06287.jpg\" alt=\"\" data-id=\"10181\" data-full-url=\"https:\/\/www.krakow.szarytki.pl\/wp-content\/uploads\/2020\/11\/DSC06287.jpg\" data-link=\"https:\/\/www.krakow.szarytki.pl\/?attachment_id=10181\" class=\"wp-image-10181\" srcset=\"https:\/\/www.krakow.szarytki.pl\/wp-content\/uploads\/2020\/11\/DSC06287.jpg 1024w, https:\/\/www.krakow.szarytki.pl\/wp-content\/uploads\/2020\/11\/DSC06287-550x413.jpg 550w, https:\/\/www.krakow.szarytki.pl\/wp-content\/uploads\/2020\/11\/DSC06287-768x576.jpg 768w, https:\/\/www.krakow.szarytki.pl\/wp-content\/uploads\/2020\/11\/DSC06287-100x75.jpg 100w, https:\/\/www.krakow.szarytki.pl\/wp-content\/uploads\/2020\/11\/DSC06287-960x720.jpg 960w, https:\/\/www.krakow.szarytki.pl\/wp-content\/uploads\/2020\/11\/DSC06287-700x525.jpg 700w\" sizes=\"auto, (max-width:767px) 700px, (max-width:1024px) 100vw, 1024px\" \/><\/a><\/figure><\/li><li class=\"blocks-gallery-item\"><figure><a href=\"https:\/\/www.krakow.szarytki.pl\/wp-content\/uploads\/2020\/11\/DSC06314.jpg\"><img loading=\"lazy\" decoding=\"async\" width=\"1024\" height=\"768\" src=\"https:\/\/www.krakow.szarytki.pl\/wp-content\/uploads\/2020\/11\/DSC06314.jpg\" alt=\"\" data-id=\"10183\" data-full-url=\"https:\/\/www.krakow.szarytki.pl\/wp-content\/uploads\/2020\/11\/DSC06314.jpg\" data-link=\"https:\/\/www.krakow.szarytki.pl\/?attachment_id=10183\" class=\"wp-image-10183\" srcset=\"https:\/\/www.krakow.szarytki.pl\/wp-content\/uploads\/2020\/11\/DSC06314.jpg 1024w, https:\/\/www.krakow.szarytki.pl\/wp-content\/uploads\/2020\/11\/DSC06314-550x413.jpg 550w, https:\/\/www.krakow.szarytki.pl\/wp-content\/uploads\/2020\/11\/DSC06314-768x576.jpg 768w, https:\/\/www.krakow.szarytki.pl\/wp-content\/uploads\/2020\/11\/DSC06314-100x75.jpg 100w, https:\/\/www.krakow.szarytki.pl\/wp-content\/uploads\/2020\/11\/DSC06314-960x720.jpg 960w, https:\/\/www.krakow.szarytki.pl\/wp-content\/uploads\/2020\/11\/DSC06314-700x525.jpg 700w\" sizes=\"auto, (max-width:767px) 700px, (max-width:1024px) 100vw, 1024px\" \/><\/a><\/figure><\/li><li class=\"blocks-gallery-item\"><figure><a href=\"https:\/\/www.krakow.szarytki.pl\/wp-content\/uploads\/2020\/11\/DSC06315.jpg\"><img loading=\"lazy\" decoding=\"async\" width=\"1024\" height=\"768\" src=\"https:\/\/www.krakow.szarytki.pl\/wp-content\/uploads\/2020\/11\/DSC06315.jpg\" alt=\"\" data-id=\"10184\" data-full-url=\"https:\/\/www.krakow.szarytki.pl\/wp-content\/uploads\/2020\/11\/DSC06315.jpg\" data-link=\"https:\/\/www.krakow.szarytki.pl\/?attachment_id=10184\" class=\"wp-image-10184\" srcset=\"https:\/\/www.krakow.szarytki.pl\/wp-content\/uploads\/2020\/11\/DSC06315.jpg 1024w, https:\/\/www.krakow.szarytki.pl\/wp-content\/uploads\/2020\/11\/DSC06315-550x413.jpg 550w, https:\/\/www.krakow.szarytki.pl\/wp-content\/uploads\/2020\/11\/DSC06315-768x576.jpg 768w, https:\/\/www.krakow.szarytki.pl\/wp-content\/uploads\/2020\/11\/DSC06315-100x75.jpg 100w, https:\/\/www.krakow.szarytki.pl\/wp-content\/uploads\/2020\/11\/DSC06315-960x720.jpg 960w, https:\/\/www.krakow.szarytki.pl\/wp-content\/uploads\/2020\/11\/DSC06315-700x525.jpg 700w\" sizes=\"auto, (max-width:767px) 700px, (max-width:1024px) 100vw, 1024px\" \/><\/a><\/figure><\/li><li class=\"blocks-gallery-item\"><figure><a href=\"https:\/\/www.krakow.szarytki.pl\/wp-content\/uploads\/2020\/11\/DSC06328.jpg\"><img loading=\"lazy\" decoding=\"async\" width=\"1024\" height=\"768\" src=\"https:\/\/www.krakow.szarytki.pl\/wp-content\/uploads\/2020\/11\/DSC06328.jpg\" alt=\"\" data-id=\"10185\" data-full-url=\"https:\/\/www.krakow.szarytki.pl\/wp-content\/uploads\/2020\/11\/DSC06328.jpg\" data-link=\"https:\/\/www.krakow.szarytki.pl\/?attachment_id=10185\" class=\"wp-image-10185\" srcset=\"https:\/\/www.krakow.szarytki.pl\/wp-content\/uploads\/2020\/11\/DSC06328.jpg 1024w, https:\/\/www.krakow.szarytki.pl\/wp-content\/uploads\/2020\/11\/DSC06328-550x413.jpg 550w, https:\/\/www.krakow.szarytki.pl\/wp-content\/uploads\/2020\/11\/DSC06328-768x576.jpg 768w, https:\/\/www.krakow.szarytki.pl\/wp-content\/uploads\/2020\/11\/DSC06328-100x75.jpg 100w, https:\/\/www.krakow.szarytki.pl\/wp-content\/uploads\/2020\/11\/DSC06328-960x720.jpg 960w, https:\/\/www.krakow.szarytki.pl\/wp-content\/uploads\/2020\/11\/DSC06328-700x525.jpg 700w\" sizes=\"auto, (max-width:767px) 700px, (max-width:1024px) 100vw, 1024px\" \/><\/a><\/figure><\/li><li class=\"blocks-gallery-item\"><figure><a href=\"https:\/\/www.krakow.szarytki.pl\/wp-content\/uploads\/2020\/11\/DSC06330.jpg\"><img loading=\"lazy\" decoding=\"async\" width=\"1024\" height=\"768\" src=\"https:\/\/www.krakow.szarytki.pl\/wp-content\/uploads\/2020\/11\/DSC06330.jpg\" alt=\"\" data-id=\"10186\" data-full-url=\"https:\/\/www.krakow.szarytki.pl\/wp-content\/uploads\/2020\/11\/DSC06330.jpg\" data-link=\"https:\/\/www.krakow.szarytki.pl\/?attachment_id=10186\" class=\"wp-image-10186\" srcset=\"https:\/\/www.krakow.szarytki.pl\/wp-content\/uploads\/2020\/11\/DSC06330.jpg 1024w, https:\/\/www.krakow.szarytki.pl\/wp-content\/uploads\/2020\/11\/DSC06330-550x413.jpg 550w, https:\/\/www.krakow.szarytki.pl\/wp-content\/uploads\/2020\/11\/DSC06330-768x576.jpg 768w, https:\/\/www.krakow.szarytki.pl\/wp-content\/uploads\/2020\/11\/DSC06330-100x75.jpg 100w, https:\/\/www.krakow.szarytki.pl\/wp-content\/uploads\/2020\/11\/DSC06330-960x720.jpg 960w, https:\/\/www.krakow.szarytki.pl\/wp-content\/uploads\/2020\/11\/DSC06330-700x525.jpg 700w\" sizes=\"auto, (max-width:767px) 700px, (max-width:1024px) 100vw, 1024px\" \/><\/a><\/figure><\/li><li class=\"blocks-gallery-item\"><figure><a href=\"https:\/\/www.krakow.szarytki.pl\/wp-content\/uploads\/2020\/11\/DSC06337.jpg\"><img loading=\"lazy\" decoding=\"async\" width=\"1024\" height=\"768\" src=\"https:\/\/www.krakow.szarytki.pl\/wp-content\/uploads\/2020\/11\/DSC06337.jpg\" alt=\"\" data-id=\"10187\" data-full-url=\"https:\/\/www.krakow.szarytki.pl\/wp-content\/uploads\/2020\/11\/DSC06337.jpg\" data-link=\"https:\/\/www.krakow.szarytki.pl\/?attachment_id=10187\" class=\"wp-image-10187\" srcset=\"https:\/\/www.krakow.szarytki.pl\/wp-content\/uploads\/2020\/11\/DSC06337.jpg 1024w, https:\/\/www.krakow.szarytki.pl\/wp-content\/uploads\/2020\/11\/DSC06337-550x413.jpg 550w, https:\/\/www.krakow.szarytki.pl\/wp-content\/uploads\/2020\/11\/DSC06337-768x576.jpg 768w, https:\/\/www.krakow.szarytki.pl\/wp-content\/uploads\/2020\/11\/DSC06337-100x75.jpg 100w, https:\/\/www.krakow.szarytki.pl\/wp-content\/uploads\/2020\/11\/DSC06337-960x720.jpg 960w, https:\/\/www.krakow.szarytki.pl\/wp-content\/uploads\/2020\/11\/DSC06337-700x525.jpg 700w\" sizes=\"auto, (max-width:767px) 700px, (max-width:1024px) 100vw, 1024px\" \/><\/a><\/figure><\/li><\/ul><\/figure>\n","protected":false},"excerpt":{"rendered":"<p>Spotkania wigilijne dla podopiecznych &#8222;Centrum \u015bw. Katarzyny&#8221; to ju\u017c tradycja. Na dzisiejsze spotkanie<\/p>\n","protected":false},"author":5,"featured_media":5279,"comment_status":"closed","ping_status":"closed","sticky":false,"template":"","format":"standard","meta":{"footnotes":""},"categories":[19],"tags":[],"class_list":["post-5272","post","type-post","status-publish","format-standard","has-post-thumbnail","hentry","category-gorzow-wlkp"],"_links":{"self":[{"href":"https:\/\/www.krakow.szarytki.pl\/index.php?rest_route=\/wp\/v2\/posts\/5272","targetHints":{"allow":["GET"]}}],"collection":[{"href":"https:\/\/www.krakow.szarytki.pl\/index.php?rest_route=\/wp\/v2\/posts"}],"about":[{"href":"https:\/\/www.krakow.szarytki.pl\/index.php?rest_route=\/wp\/v2\/types\/post"}],"author":[{"embeddable":true,"href":"https:\/\/www.krakow.szarytki.pl\/index.php?rest_route=\/wp\/v2\/users\/5"}],"replies":[{"embeddable":true,"href":"https:\/\/www.krakow.szarytki.pl\/index.php?rest_route=%2Fwp%2Fv2%2Fcomments&post=5272"}],"version-history":[{"count":0,"href":"https:\/\/www.krakow.szarytki.pl\/index.php?rest_route=\/wp\/v2\/posts\/5272\/revisions"}],"wp:featuredmedia":[{"embeddable":true,"href":"https:\/\/www.krakow.szarytki.pl\/index.php?rest_route=\/wp\/v2\/media\/5279"}],"wp:attachment":[{"href":"https:\/\/www.krakow.szarytki.pl\/index.php?rest_route=%2Fwp%2Fv2%2Fmedia&parent=5272"}],"wp:term":[{"taxonomy":"category","embeddable":true,"href":"https:\/\/www.krakow.szarytki.pl\/index.php?rest_route=%2Fwp%2Fv2%2Fcategories&post=5272"},{"taxonomy":"post_tag","embeddable":true,"href":"https:\/\/www.krakow.szarytki.pl\/index.php?rest_route=%2Fwp%2Fv2%2Ftags&post=5272"}],"curies":[{"name":"wp","href":"https:\/\/api.w.org\/{rel}","templated":true}]}}