{"id":5133,"date":"2018-11-13T15:41:34","date_gmt":"2018-11-13T14:41:34","guid":{"rendered":"http:\/\/www.krakow.szarytki.pl\/?p=5133"},"modified":"2022-01-06T21:08:41","modified_gmt":"2022-01-06T20:08:41","slug":"dla-niepodleglej","status":"publish","type":"post","link":"https:\/\/www.krakow.szarytki.pl\/?p=5133","title":{"rendered":"Dla Niepodleg\u0142ej"},"content":{"rendered":"<p>W pi\u0105tek, 9 listopada odby\u0142a si\u0119 w naszym przedszkolu akademia\u00a0patriotyczna. Tym samym<!--more--> w\u0142\u0105czyli\u015bmy si\u0119 w pi\u0119kn\u0105 inicjatyw\u0119 MEN i wsp\u00f3lnie za\u015bpiewali\u015bmy hymn pa\u0144stwowy w ramach \u015bwi\u0119towania 100 \u00a0rocznicy odzyskania przez Polsk\u0119 niepodleg\u0142o\u015bci. W podnios\u0142ej atmosferze dzieci recytowa\u0142y wiersze oraz \u015bpiewa\u0142y patriotyczne piosenki. \u00a0Na koniec akademii odby\u0142o si\u0119 rozstrzygni\u0119cie konkursu patriotycznego\u00a0<em>Jestem Polakiem.<\/em> Ten uroczysty dzie\u0144, kt\u00f3ry zdarzy\u0107 si\u0119 mo\u017ce tylko raz w dziejach narodu, zapisze si\u0119 w historii naszego Przedszkola jako wyj\u0105tkowe wspomnienie. Prezentujemy Hymn Polski w wykonaniu dzieci.<\/p>\n<p><iframe loading=\"lazy\" title=\"Przedszkolaki dla Niepodleg\u0142ej\" width=\"1220\" height=\"686\" src=\"https:\/\/www.youtube.com\/embed\/uCY3ex4z0uM?feature=oembed\" frameborder=\"0\" allow=\"accelerometer; autoplay; clipboard-write; encrypted-media; gyroscope; picture-in-picture\" allowfullscreen><\/iframe><\/p>\n","protected":false},"excerpt":{"rendered":"<p>W pi\u0105tek, 9 listopada odby\u0142a si\u0119 w naszym przedszkolu akademia\u00a0patriotyczna. Tym samym<\/p>\n","protected":false},"author":5,"featured_media":5135,"comment_status":"closed","ping_status":"closed","sticky":false,"template":"","format":"standard","meta":{"footnotes":""},"categories":[19],"tags":[],"class_list":["post-5133","post","type-post","status-publish","format-standard","has-post-thumbnail","hentry","category-gorzow-wlkp"],"_links":{"self":[{"href":"https:\/\/www.krakow.szarytki.pl\/index.php?rest_route=\/wp\/v2\/posts\/5133","targetHints":{"allow":["GET"]}}],"collection":[{"href":"https:\/\/www.krakow.szarytki.pl\/index.php?rest_route=\/wp\/v2\/posts"}],"about":[{"href":"https:\/\/www.krakow.szarytki.pl\/index.php?rest_route=\/wp\/v2\/types\/post"}],"author":[{"embeddable":true,"href":"https:\/\/www.krakow.szarytki.pl\/index.php?rest_route=\/wp\/v2\/users\/5"}],"replies":[{"embeddable":true,"href":"https:\/\/www.krakow.szarytki.pl\/index.php?rest_route=%2Fwp%2Fv2%2Fcomments&post=5133"}],"version-history":[{"count":0,"href":"https:\/\/www.krakow.szarytki.pl\/index.php?rest_route=\/wp\/v2\/posts\/5133\/revisions"}],"wp:featuredmedia":[{"embeddable":true,"href":"https:\/\/www.krakow.szarytki.pl\/index.php?rest_route=\/wp\/v2\/media\/5135"}],"wp:attachment":[{"href":"https:\/\/www.krakow.szarytki.pl\/index.php?rest_route=%2Fwp%2Fv2%2Fmedia&parent=5133"}],"wp:term":[{"taxonomy":"category","embeddable":true,"href":"https:\/\/www.krakow.szarytki.pl\/index.php?rest_route=%2Fwp%2Fv2%2Fcategories&post=5133"},{"taxonomy":"post_tag","embeddable":true,"href":"https:\/\/www.krakow.szarytki.pl\/index.php?rest_route=%2Fwp%2Fv2%2Ftags&post=5133"}],"curies":[{"name":"wp","href":"https:\/\/api.w.org\/{rel}","templated":true}]}}