{"id":5127,"date":"2018-11-13T10:29:13","date_gmt":"2018-11-13T09:29:13","guid":{"rendered":"http:\/\/www.krakow.szarytki.pl\/?p=5127"},"modified":"2020-12-01T15:19:48","modified_gmt":"2020-12-01T14:19:48","slug":"sesja-o-bl-marcie","status":"publish","type":"post","link":"https:\/\/www.krakow.szarytki.pl\/?p=5127","title":{"rendered":"Sesja o B\u0142. Marcie"},"content":{"rendered":"<p align=\"justify\">W dniu 3 listopada czciciele b\u0142. Marty Wieckiej mieli mo\u017cliwo\u015b\u0107 uczestniczy\u0107 w sesji o B\u0142ogos\u0142awionej<!--more--> zorganizowanej w domu prowincjalnym w Krakowie. 10 lat po uroczysto\u015bci beatyfikacji mo\u017cna by\u0142o nie tylko od\u015bwie\u017cy\u0107 znajomo\u015b\u0107 biografii oraz duchowego profilu siostry Marty, ale tak\u017ce pozna\u0107 nowe szczeg\u00f3\u0142y i ciekawostki z ni\u0105 zwi\u0105zane, w tym us\u0142ysze\u0107 o owocach jej kultu na terenie Ukrainy.<\/p>\n<p align=\"justify\">Po projekcji programu TVP sprzed beatyfikacji, siostra Archiwistka Beata Wide\u0142ka przedstawi\u0142a szczeg\u00f3\u0142y z \u017cycia b\u0142. Marty i jej rodziny, wy\u0142aniaj\u0105ce si\u0119 g\u0142\u00f3wnie z zapisk\u00f3w jej brata ks. Jana Wieckiego. Drug\u0105 konferencj\u0119 po\u015bwi\u0119con\u0105 duchowo\u015bci s. Marty wyg\u0142osi\u0142 ks. Siergiej Pawlisz CM, kt\u00f3ry pielgrzymowa\u0142 razem z relikwiami B\u0142ogos\u0142awionej po ca\u0142ej Ukrainie. Trzecia konferencja w\/w kap\u0142ana dotyczy\u0142a w\u0142a\u015bnie przebiegu tej peregrynacji. Kolejnym prelegentem tego dnia by\u0142 ks. Arcybiskup Mieczys\u0142aw Mokrzycki \u2013 Metropolita Lwowski. Zg\u0142\u0119bi\u0142 on znaczenie \u017cycia konsekrowanego na przyk\u0142adzie b\u0142ogos\u0142awionej Szarytki. Kulminacj\u0119 spotkania stanowi\u0142a uroczysta Eucharystia, kt\u00f3rej przewodniczy\u0142 ksi\u0105dz Arcybiskup w licznej koncelebrze.<\/p>\n\n\n<figure class=\"wp-block-gallery columns-3 is-cropped wp-block-gallery-1 is-layout-flex wp-block-gallery-is-layout-flex\"><ul class=\"blocks-gallery-grid\"><li class=\"blocks-gallery-item\"><figure><a href=\"https:\/\/www.krakow.szarytki.pl\/wp-content\/uploads\/2020\/12\/DSCN3590.jpg\"><img loading=\"lazy\" decoding=\"async\" width=\"850\" height=\"637\" src=\"https:\/\/www.krakow.szarytki.pl\/wp-content\/uploads\/2020\/12\/DSCN3590.jpg\" alt=\"\" data-id=\"10311\" data-full-url=\"https:\/\/www.krakow.szarytki.pl\/wp-content\/uploads\/2020\/12\/DSCN3590.jpg\" data-link=\"https:\/\/www.krakow.szarytki.pl\/?attachment_id=10311\" class=\"wp-image-10311\" srcset=\"https:\/\/www.krakow.szarytki.pl\/wp-content\/uploads\/2020\/12\/DSCN3590.jpg 850w, https:\/\/www.krakow.szarytki.pl\/wp-content\/uploads\/2020\/12\/DSCN3590-550x412.jpg 550w, https:\/\/www.krakow.szarytki.pl\/wp-content\/uploads\/2020\/12\/DSCN3590-768x576.jpg 768w, https:\/\/www.krakow.szarytki.pl\/wp-content\/uploads\/2020\/12\/DSCN3590-100x75.jpg 100w, https:\/\/www.krakow.szarytki.pl\/wp-content\/uploads\/2020\/12\/DSCN3590-700x525.jpg 700w\" sizes=\"auto, (max-width:767px) 700px, (max-width:850px) 100vw, 850px\" \/><\/a><\/figure><\/li><li class=\"blocks-gallery-item\"><figure><a href=\"https:\/\/www.krakow.szarytki.pl\/wp-content\/uploads\/2020\/12\/DSCN3591.jpg\"><img loading=\"lazy\" decoding=\"async\" width=\"850\" height=\"637\" src=\"https:\/\/www.krakow.szarytki.pl\/wp-content\/uploads\/2020\/12\/DSCN3591.jpg\" alt=\"\" data-id=\"10312\" data-full-url=\"https:\/\/www.krakow.szarytki.pl\/wp-content\/uploads\/2020\/12\/DSCN3591.jpg\" data-link=\"https:\/\/www.krakow.szarytki.pl\/?attachment_id=10312\" class=\"wp-image-10312\" srcset=\"https:\/\/www.krakow.szarytki.pl\/wp-content\/uploads\/2020\/12\/DSCN3591.jpg 850w, https:\/\/www.krakow.szarytki.pl\/wp-content\/uploads\/2020\/12\/DSCN3591-550x412.jpg 550w, https:\/\/www.krakow.szarytki.pl\/wp-content\/uploads\/2020\/12\/DSCN3591-768x576.jpg 768w, https:\/\/www.krakow.szarytki.pl\/wp-content\/uploads\/2020\/12\/DSCN3591-100x75.jpg 100w, https:\/\/www.krakow.szarytki.pl\/wp-content\/uploads\/2020\/12\/DSCN3591-700x525.jpg 700w\" sizes=\"auto, (max-width:767px) 700px, (max-width:850px) 100vw, 850px\" \/><\/a><\/figure><\/li><li class=\"blocks-gallery-item\"><figure><a href=\"https:\/\/www.krakow.szarytki.pl\/wp-content\/uploads\/2020\/12\/DSCN3624.jpg\"><img loading=\"lazy\" decoding=\"async\" width=\"850\" height=\"637\" src=\"https:\/\/www.krakow.szarytki.pl\/wp-content\/uploads\/2020\/12\/DSCN3624.jpg\" alt=\"\" data-id=\"10313\" data-full-url=\"https:\/\/www.krakow.szarytki.pl\/wp-content\/uploads\/2020\/12\/DSCN3624.jpg\" data-link=\"https:\/\/www.krakow.szarytki.pl\/?attachment_id=10313\" class=\"wp-image-10313\" srcset=\"https:\/\/www.krakow.szarytki.pl\/wp-content\/uploads\/2020\/12\/DSCN3624.jpg 850w, https:\/\/www.krakow.szarytki.pl\/wp-content\/uploads\/2020\/12\/DSCN3624-550x412.jpg 550w, https:\/\/www.krakow.szarytki.pl\/wp-content\/uploads\/2020\/12\/DSCN3624-768x576.jpg 768w, https:\/\/www.krakow.szarytki.pl\/wp-content\/uploads\/2020\/12\/DSCN3624-100x75.jpg 100w, https:\/\/www.krakow.szarytki.pl\/wp-content\/uploads\/2020\/12\/DSCN3624-700x525.jpg 700w\" sizes=\"auto, (max-width:767px) 700px, (max-width:850px) 100vw, 850px\" \/><\/a><\/figure><\/li><li class=\"blocks-gallery-item\"><figure><a href=\"https:\/\/www.krakow.szarytki.pl\/wp-content\/uploads\/2020\/12\/DSCN3630.jpg\"><img loading=\"lazy\" decoding=\"async\" width=\"850\" height=\"637\" src=\"https:\/\/www.krakow.szarytki.pl\/wp-content\/uploads\/2020\/12\/DSCN3630.jpg\" alt=\"\" data-id=\"10314\" data-full-url=\"https:\/\/www.krakow.szarytki.pl\/wp-content\/uploads\/2020\/12\/DSCN3630.jpg\" data-link=\"https:\/\/www.krakow.szarytki.pl\/?attachment_id=10314\" class=\"wp-image-10314\" srcset=\"https:\/\/www.krakow.szarytki.pl\/wp-content\/uploads\/2020\/12\/DSCN3630.jpg 850w, https:\/\/www.krakow.szarytki.pl\/wp-content\/uploads\/2020\/12\/DSCN3630-550x412.jpg 550w, https:\/\/www.krakow.szarytki.pl\/wp-content\/uploads\/2020\/12\/DSCN3630-768x576.jpg 768w, https:\/\/www.krakow.szarytki.pl\/wp-content\/uploads\/2020\/12\/DSCN3630-100x75.jpg 100w, https:\/\/www.krakow.szarytki.pl\/wp-content\/uploads\/2020\/12\/DSCN3630-700x525.jpg 700w\" sizes=\"auto, (max-width:767px) 700px, (max-width:850px) 100vw, 850px\" \/><\/a><\/figure><\/li><li class=\"blocks-gallery-item\"><figure><a href=\"https:\/\/www.krakow.szarytki.pl\/wp-content\/uploads\/2020\/12\/DSCN3631.jpg\"><img loading=\"lazy\" decoding=\"async\" width=\"637\" height=\"850\" src=\"https:\/\/www.krakow.szarytki.pl\/wp-content\/uploads\/2020\/12\/DSCN3631.jpg\" alt=\"\" data-id=\"10315\" data-full-url=\"https:\/\/www.krakow.szarytki.pl\/wp-content\/uploads\/2020\/12\/DSCN3631.jpg\" data-link=\"https:\/\/www.krakow.szarytki.pl\/?attachment_id=10315\" class=\"wp-image-10315\" srcset=\"https:\/\/www.krakow.szarytki.pl\/wp-content\/uploads\/2020\/12\/DSCN3631.jpg 637w, https:\/\/www.krakow.szarytki.pl\/wp-content\/uploads\/2020\/12\/DSCN3631-412x550.jpg 412w, https:\/\/www.krakow.szarytki.pl\/wp-content\/uploads\/2020\/12\/DSCN3631-56x75.jpg 56w\" sizes=\"auto, (max-width:767px) 637px, 637px\" \/><\/a><\/figure><\/li><li class=\"blocks-gallery-item\"><figure><a href=\"https:\/\/www.krakow.szarytki.pl\/wp-content\/uploads\/2020\/12\/DSCN3644.jpg\"><img loading=\"lazy\" decoding=\"async\" width=\"850\" height=\"637\" src=\"https:\/\/www.krakow.szarytki.pl\/wp-content\/uploads\/2020\/12\/DSCN3644.jpg\" alt=\"\" data-id=\"10316\" data-full-url=\"https:\/\/www.krakow.szarytki.pl\/wp-content\/uploads\/2020\/12\/DSCN3644.jpg\" data-link=\"https:\/\/www.krakow.szarytki.pl\/?attachment_id=10316\" class=\"wp-image-10316\" srcset=\"https:\/\/www.krakow.szarytki.pl\/wp-content\/uploads\/2020\/12\/DSCN3644.jpg 850w, https:\/\/www.krakow.szarytki.pl\/wp-content\/uploads\/2020\/12\/DSCN3644-550x412.jpg 550w, https:\/\/www.krakow.szarytki.pl\/wp-content\/uploads\/2020\/12\/DSCN3644-768x576.jpg 768w, https:\/\/www.krakow.szarytki.pl\/wp-content\/uploads\/2020\/12\/DSCN3644-100x75.jpg 100w, https:\/\/www.krakow.szarytki.pl\/wp-content\/uploads\/2020\/12\/DSCN3644-700x525.jpg 700w\" sizes=\"auto, (max-width:767px) 700px, (max-width:850px) 100vw, 850px\" \/><\/a><\/figure><\/li><li class=\"blocks-gallery-item\"><figure><a href=\"https:\/\/www.krakow.szarytki.pl\/wp-content\/uploads\/2020\/12\/DSCN3688.jpg\"><img loading=\"lazy\" decoding=\"async\" width=\"637\" height=\"850\" src=\"https:\/\/www.krakow.szarytki.pl\/wp-content\/uploads\/2020\/12\/DSCN3688.jpg\" alt=\"\" data-id=\"10317\" data-full-url=\"https:\/\/www.krakow.szarytki.pl\/wp-content\/uploads\/2020\/12\/DSCN3688.jpg\" data-link=\"https:\/\/www.krakow.szarytki.pl\/?attachment_id=10317\" class=\"wp-image-10317\" srcset=\"https:\/\/www.krakow.szarytki.pl\/wp-content\/uploads\/2020\/12\/DSCN3688.jpg 637w, https:\/\/www.krakow.szarytki.pl\/wp-content\/uploads\/2020\/12\/DSCN3688-412x550.jpg 412w, https:\/\/www.krakow.szarytki.pl\/wp-content\/uploads\/2020\/12\/DSCN3688-56x75.jpg 56w\" sizes=\"auto, (max-width:767px) 637px, 637px\" \/><\/a><\/figure><\/li><li class=\"blocks-gallery-item\"><figure><a href=\"https:\/\/www.krakow.szarytki.pl\/wp-content\/uploads\/2020\/12\/DSCN3703.jpg\"><img loading=\"lazy\" decoding=\"async\" width=\"850\" height=\"637\" src=\"https:\/\/www.krakow.szarytki.pl\/wp-content\/uploads\/2020\/12\/DSCN3703.jpg\" alt=\"\" data-id=\"10318\" data-full-url=\"https:\/\/www.krakow.szarytki.pl\/wp-content\/uploads\/2020\/12\/DSCN3703.jpg\" data-link=\"https:\/\/www.krakow.szarytki.pl\/?attachment_id=10318\" class=\"wp-image-10318\" srcset=\"https:\/\/www.krakow.szarytki.pl\/wp-content\/uploads\/2020\/12\/DSCN3703.jpg 850w, https:\/\/www.krakow.szarytki.pl\/wp-content\/uploads\/2020\/12\/DSCN3703-550x412.jpg 550w, https:\/\/www.krakow.szarytki.pl\/wp-content\/uploads\/2020\/12\/DSCN3703-768x576.jpg 768w, https:\/\/www.krakow.szarytki.pl\/wp-content\/uploads\/2020\/12\/DSCN3703-100x75.jpg 100w, https:\/\/www.krakow.szarytki.pl\/wp-content\/uploads\/2020\/12\/DSCN3703-700x525.jpg 700w\" sizes=\"auto, (max-width:767px) 700px, (max-width:850px) 100vw, 850px\" \/><\/a><\/figure><\/li><li class=\"blocks-gallery-item\"><figure><a href=\"https:\/\/www.krakow.szarytki.pl\/wp-content\/uploads\/2020\/12\/DSCN3704.jpg\"><img loading=\"lazy\" decoding=\"async\" width=\"850\" height=\"637\" src=\"https:\/\/www.krakow.szarytki.pl\/wp-content\/uploads\/2020\/12\/DSCN3704.jpg\" alt=\"\" data-id=\"10319\" data-full-url=\"https:\/\/www.krakow.szarytki.pl\/wp-content\/uploads\/2020\/12\/DSCN3704.jpg\" data-link=\"https:\/\/www.krakow.szarytki.pl\/?attachment_id=10319\" class=\"wp-image-10319\" srcset=\"https:\/\/www.krakow.szarytki.pl\/wp-content\/uploads\/2020\/12\/DSCN3704.jpg 850w, https:\/\/www.krakow.szarytki.pl\/wp-content\/uploads\/2020\/12\/DSCN3704-550x412.jpg 550w, https:\/\/www.krakow.szarytki.pl\/wp-content\/uploads\/2020\/12\/DSCN3704-768x576.jpg 768w, https:\/\/www.krakow.szarytki.pl\/wp-content\/uploads\/2020\/12\/DSCN3704-100x75.jpg 100w, https:\/\/www.krakow.szarytki.pl\/wp-content\/uploads\/2020\/12\/DSCN3704-700x525.jpg 700w\" sizes=\"auto, (max-width:767px) 700px, (max-width:850px) 100vw, 850px\" \/><\/a><\/figure><\/li><\/ul><\/figure>\n","protected":false},"excerpt":{"rendered":"<p>W dniu 3 listopada czciciele b\u0142. Marty Wieckiej mieli mo\u017cliwo\u015b\u0107 uczestniczy\u0107 w sesji o B\u0142ogos\u0142awionej<\/p>\n","protected":false},"author":5,"featured_media":5117,"comment_status":"closed","ping_status":"closed","sticky":false,"template":"","format":"standard","meta":{"footnotes":""},"categories":[16],"tags":[],"class_list":["post-5127","post","type-post","status-publish","format-standard","has-post-thumbnail","hentry","category-krakow"],"_links":{"self":[{"href":"https:\/\/www.krakow.szarytki.pl\/index.php?rest_route=\/wp\/v2\/posts\/5127","targetHints":{"allow":["GET"]}}],"collection":[{"href":"https:\/\/www.krakow.szarytki.pl\/index.php?rest_route=\/wp\/v2\/posts"}],"about":[{"href":"https:\/\/www.krakow.szarytki.pl\/index.php?rest_route=\/wp\/v2\/types\/post"}],"author":[{"embeddable":true,"href":"https:\/\/www.krakow.szarytki.pl\/index.php?rest_route=\/wp\/v2\/users\/5"}],"replies":[{"embeddable":true,"href":"https:\/\/www.krakow.szarytki.pl\/index.php?rest_route=%2Fwp%2Fv2%2Fcomments&post=5127"}],"version-history":[{"count":0,"href":"https:\/\/www.krakow.szarytki.pl\/index.php?rest_route=\/wp\/v2\/posts\/5127\/revisions"}],"wp:featuredmedia":[{"embeddable":true,"href":"https:\/\/www.krakow.szarytki.pl\/index.php?rest_route=\/wp\/v2\/media\/5117"}],"wp:attachment":[{"href":"https:\/\/www.krakow.szarytki.pl\/index.php?rest_route=%2Fwp%2Fv2%2Fmedia&parent=5127"}],"wp:term":[{"taxonomy":"category","embeddable":true,"href":"https:\/\/www.krakow.szarytki.pl\/index.php?rest_route=%2Fwp%2Fv2%2Fcategories&post=5127"},{"taxonomy":"post_tag","embeddable":true,"href":"https:\/\/www.krakow.szarytki.pl\/index.php?rest_route=%2Fwp%2Fv2%2Ftags&post=5127"}],"curies":[{"name":"wp","href":"https:\/\/api.w.org\/{rel}","templated":true}]}}