{"id":5000,"date":"2018-10-09T14:01:28","date_gmt":"2018-10-09T12:01:28","guid":{"rendered":"http:\/\/www.krakow.szarytki.pl\/?p=5000"},"modified":"2020-12-01T15:36:43","modified_gmt":"2020-12-01T14:36:43","slug":"zjazd-wmm","status":"publish","type":"post","link":"https:\/\/www.krakow.szarytki.pl\/?p=5000","title":{"rendered":"Zjazd WMM"},"content":{"rendered":"<p align=\"justify\">Doroczny Zjazd Wincenty\u0144skiej m\u0142odzie\u017cy Maryjnej Prowincji Krakowskiej odby\u0142 si\u0119 w sobot\u0119 29 wrze\u015bnia.<!--more--> Wed\u0142ug oblicze\u0144 uczestniczy\u0142o w nim 320 os\u00f3b. Oczywi\u015bcie w centrum spotkania by\u0142a Eucharystia. Grupa z D\u0105browy poprowadzi\u0142a procesj\u0119, skupiaj\u0105c uwag\u0119 wszystkich na Duchu \u015awi\u0119tym. Po\u0142\u0105czone si\u0142y grup z Powi\u015bla ubogaci\u0142y liturgi\u0119 \u015bpiewem. Obecny by\u0142 Dyrektor WMM w Polsce \u2013 ks. Maciej Musielak, kt\u00f3ry udzieli\u0142\u00a0 b\u0142ogos\u0142awie\u0144stwa Animatorom i Kandydatom. Nast\u0119pnie grupa WMM z Krakowa (par. b\u0142. Anieli Salawy) zaprezentowa\u0142a przedstawienie pt: \u201eNiebieska sukienka\u201d o swojej Patronce. Po cz\u0119\u015bci oficjalnej uczestnicy byli podzieleni na grupy wiekowe: M\u0142odzie\u017c s\u0142ucha\u0142a konferencji ks. Paw\u0142a Szyma\u0144skiego, przybli\u017caj\u0105cej prawd\u0119, \u017ce JEDEN JEST DUCH, LECZ RO\u017bNE DARY \u0141ASKI. Uczniowie klas IV-VI przedstawiali za pomoc\u0105 pantomimy r\u00f3\u017cne sceny ewangeliczne, a dzieci pod okiem postulantek i kleryk\u00f3w uczestniczy\u0142y w konkurencjach na boisku. Kolejnym punktem w programie by\u0142 posi\u0142ek \u2013 kie\u0142baska z grilla i burgery, kt\u00f3re rozchodzi\u0142y si\u0119 jak ciep\u0142e bu\u0142eczki. Ca\u0142o\u015b\u0107 u\u015bwietni\u0142 koncert Kleryk\u00f3w Zgromadzenia Misji \u2013 LAZARY\u015aCI, kt\u00f3rzy wielu porwali do ta\u0144ca\u2026<\/p>\n","protected":false},"excerpt":{"rendered":"<p>Doroczny Zjazd Wincenty\u0144skiej m\u0142odzie\u017cy Maryjnej Prowincji Krakowskiej odby\u0142 si\u0119 w sobot\u0119 29 wrze\u015bnia.<\/p>\n","protected":false},"author":5,"featured_media":5017,"comment_status":"closed","ping_status":"closed","sticky":false,"template":"","format":"standard","meta":{"footnotes":""},"categories":[16,39],"tags":[],"class_list":["post-5000","post","type-post","status-publish","format-standard","has-post-thumbnail","hentry","category-krakow","category-stowarzyszenie-wmm"],"_links":{"self":[{"href":"https:\/\/www.krakow.szarytki.pl\/index.php?rest_route=\/wp\/v2\/posts\/5000","targetHints":{"allow":["GET"]}}],"collection":[{"href":"https:\/\/www.krakow.szarytki.pl\/index.php?rest_route=\/wp\/v2\/posts"}],"about":[{"href":"https:\/\/www.krakow.szarytki.pl\/index.php?rest_route=\/wp\/v2\/types\/post"}],"author":[{"embeddable":true,"href":"https:\/\/www.krakow.szarytki.pl\/index.php?rest_route=\/wp\/v2\/users\/5"}],"replies":[{"embeddable":true,"href":"https:\/\/www.krakow.szarytki.pl\/index.php?rest_route=%2Fwp%2Fv2%2Fcomments&post=5000"}],"version-history":[{"count":0,"href":"https:\/\/www.krakow.szarytki.pl\/index.php?rest_route=\/wp\/v2\/posts\/5000\/revisions"}],"wp:featuredmedia":[{"embeddable":true,"href":"https:\/\/www.krakow.szarytki.pl\/index.php?rest_route=\/wp\/v2\/media\/5017"}],"wp:attachment":[{"href":"https:\/\/www.krakow.szarytki.pl\/index.php?rest_route=%2Fwp%2Fv2%2Fmedia&parent=5000"}],"wp:term":[{"taxonomy":"category","embeddable":true,"href":"https:\/\/www.krakow.szarytki.pl\/index.php?rest_route=%2Fwp%2Fv2%2Fcategories&post=5000"},{"taxonomy":"post_tag","embeddable":true,"href":"https:\/\/www.krakow.szarytki.pl\/index.php?rest_route=%2Fwp%2Fv2%2Ftags&post=5000"}],"curies":[{"name":"wp","href":"https:\/\/api.w.org\/{rel}","templated":true}]}}