{"id":4838,"date":"2018-08-16T11:11:55","date_gmt":"2018-08-16T09:11:55","guid":{"rendered":"http:\/\/www.krakow.szarytki.pl\/?p=4838"},"modified":"2020-12-02T09:37:25","modified_gmt":"2020-12-02T08:37:25","slug":"kilka-slow-po-pielgrzymce","status":"publish","type":"post","link":"https:\/\/www.krakow.szarytki.pl\/?p=4838","title":{"rendered":"Kilka s\u0142\u00f3w po PPK&#8230;"},"content":{"rendered":"<p style=\"text-align: justify;\">Po raz szesnasty dane mi by\u0142o uczestniczy\u0107 w pieszej pielgrzymce na Jasn\u0105 G\u00f3r\u0119 i oczywi\u015bcie wr\u00f3ci\u0142am z niej bardzo,<!--more--> bardzo szcz\u0119\u015bliwa. Cho\u0107 lekko zm\u0119czona, ale bez b\u0105bli, opalona, no i co najwa\u017cniejsze z \u201ena\u0142adowanym akumulatorem\u201d na to, co przede mn\u0105\u2026 Cho\u0107 ostrzegano nas przed wielkimi upa\u0142ami i burzami, ale nie by\u0142o a\u017c tak \u017ale, a powiedzia\u0142abym nawet, \u017ce by\u0142o super, bo od czasu do czasu ch\u0142odzi\u0142 nas mi\u0142y wiaterek, polewa\u0142 deszczyk lub mi\u0142osierni ludzie \u201eszlaufem\u201d.<\/p>\n<p style=\"text-align: justify;\">Has\u0142em tegorocznej XXXVIII Pielgrzymki Krakowskiej by\u0142y s\u0142owa:<em> \u201eJeste\u015bmy nape\u0142nieni Duchem \u015awi\u0119tym\u201d<\/em> i musz\u0119 przyzna\u0107, \u017ce dzi\u0119ki codziennym konferencjom naszych Ksi\u0119\u017cy Misjonarzy (a mieli\u015bmy ich w grupie a\u017c czterech !), a jeszcze bardziej dzi\u0119ki kilkunastominutowej ciszy po ka\u017cdej z nich, mogli\u015bmy nie tylko na nowo u\u015bwiadomi\u0107 sobie wielko\u015b\u0107 tego daru, ale i nim autentycznie si\u0119 ucieszy\u0107.<\/p>\n<p style=\"text-align: justify;\">A w\u0142a\u015bciwie to chcia\u0142abym si\u0119 pochwali\u0107 nasz\u0105 grup\u0105, bo by\u0142a ona wg mnie grup\u0105 \u201ez\u0142otego \u015brodka\u201d i to pod ka\u017cdym wzgl\u0119dem. A wi\u0119c nie za g\u0142o\u015bna i nie za cicha (bo i ciszy i \u015bpiewu by\u0142o w odpowiedniej ilo\u015bci), nie za du\u017ca i nie za ma\u0142a (bo 90 os\u00f3b to tak w sam raz by si\u0119 pozna\u0107 i stworzy\u0107 mi\u0142\u0105, rodzinn\u0105 atmosfer\u0119), bior\u0105c pod uwag\u0119 \u015bredni\u0105 wieku grupy \u2013 by\u0142a to grupa \u201em\u0142odzie\u017cowa\u201d, a r\u00f3wnocze\u015bnie by\u0142o w niej wszystkiego \u201epo trochu\u201d, bo by\u0142y i dzieci i osoby starsze, no i cudowna m\u0142odzie\u017c. Proporcja duchownych i \u015bwieckich w grupie \u2013 te\u017c bardzo dobra, bo na 15 os\u00f3b duchownych (4 ksi\u0119\u017cy, 7 kleryk\u00f3w i 4 siostry) przypada\u0142o 75 os\u00f3b \u015bwieckich. Modlitwy, \u015bpiewu oraz \u201eczasu dla siostry i brata\u201d by\u0142o \u2013 w sam raz. Nawet tempo marszu by\u0142o OK, tzn. nie za szybkie i nie za wolne.<\/p>\n<p style=\"text-align: justify;\">Co w tym roku by\u0142o szczeg\u00f3lnego w pielgrzymce? Odpowiem kr\u00f3tko: duch patriotyzmu\u2026 mo\u017cna go by\u0142o zobaczy\u0107, us\u0142ysze\u0107 i poczu\u0107. To oczywi\u015bcie za spraw\u0105 jubileuszu 100-lecia odzyskania niepodleg\u0142o\u015bci. A barwy bia\u0142o-czerwone, zw\u0142aszcza przy wej\u015bciu na Jasn\u0105 G\u00f3r\u0119, by\u0142y wszechobecne\u2026 i Chwa\u0142a Panu za to!<\/p>\n<p style=\"text-align: justify;\">Jakie zdanie najbardziej zosta\u0142o mi w pami\u0119ci? S\u0142owa bpa Grzegorza Rysia, \u017ce pielgrzymka jest po to, by dotkn\u0105\u0107 Jezusa sercem.<\/p>\n<p style=\"text-align: justify;\">A jaki pi\u0119kny \u201eobrazek\u201d z pielgrzymki pozostaje w mym sercu? \u2013 To \u201eco\u015b\u201d, co od kilku lat sta\u0142o si\u0119 wizyt\u00f3wk\u0105 naszej grupy, tzn. widok naszych dzieci podbiegaj\u0105cych do ka\u017cdej osoby stoj\u0105cej na poboczu (a ju\u017c obowi\u0105zkowo do ka\u017cdego dziecka) i rozdaj\u0105cych Cudowne Medaliki wraz z ulotkami. To tacy \u201emali Aposto\u0142owie\u201d, kt\u00f3rzy za ka\u017cdym razem i nas ewangelizuj\u0105 swoj\u0105 dzieci\u0119c\u0105, prost\u0105 wiar\u0105, swoim zapa\u0142em i rado\u015bci\u0105.<\/p>\n<p style=\"text-align: justify;\">Na koniec tej kr\u00f3tkiej refleksji popielgrzymkowej nie pozostaje mi nic innego, jak tylko wyrazi\u0107 moj\u0105 wdzi\u0119czno\u015b\u0107 Bogu za nasz\u0105 pi\u0119kn\u0105 i woln\u0105 Ojczyzn\u0119, za Jasn\u0105 G\u00f3r\u0119 i za mo\u017cliwo\u015b\u0107 pielgrzymowania, a Maryi \u2013 naszej Najlepszej Matce \u2013 za dar Jej czu\u0142ej, macierzy\u0144skiej opieki nad naszym narodem.<\/p>\n<p style=\"text-align: justify;\">No i zapraszam na wsp\u00f3lne w\u0119drowanie za rok \u2026<\/p>\n<p style=\"text-align: right;\"><em>s. Sabina Zelek<\/em><\/p>\n<p style=\"text-align: right;\"><em>Siostra Mi\u0142osierdzia<\/em><\/p>\n<p style=\"text-align: right;\">\n","protected":false},"excerpt":{"rendered":"<p>Po raz szesnasty dane mi by\u0142o uczestniczy\u0107 w pieszej pielgrzymce na Jasn\u0105 G\u00f3r\u0119 i oczywi\u015bcie wr\u00f3ci\u0142am z niej bardzo,<\/p>\n","protected":false},"author":5,"featured_media":4856,"comment_status":"closed","ping_status":"closed","sticky":false,"template":"","format":"standard","meta":{"footnotes":""},"categories":[9],"tags":[],"class_list":["post-4838","post","type-post","status-publish","format-standard","has-post-thumbnail","hentry","category-wydarzenia"],"_links":{"self":[{"href":"https:\/\/www.krakow.szarytki.pl\/index.php?rest_route=\/wp\/v2\/posts\/4838","targetHints":{"allow":["GET"]}}],"collection":[{"href":"https:\/\/www.krakow.szarytki.pl\/index.php?rest_route=\/wp\/v2\/posts"}],"about":[{"href":"https:\/\/www.krakow.szarytki.pl\/index.php?rest_route=\/wp\/v2\/types\/post"}],"author":[{"embeddable":true,"href":"https:\/\/www.krakow.szarytki.pl\/index.php?rest_route=\/wp\/v2\/users\/5"}],"replies":[{"embeddable":true,"href":"https:\/\/www.krakow.szarytki.pl\/index.php?rest_route=%2Fwp%2Fv2%2Fcomments&post=4838"}],"version-history":[{"count":0,"href":"https:\/\/www.krakow.szarytki.pl\/index.php?rest_route=\/wp\/v2\/posts\/4838\/revisions"}],"wp:featuredmedia":[{"embeddable":true,"href":"https:\/\/www.krakow.szarytki.pl\/index.php?rest_route=\/wp\/v2\/media\/4856"}],"wp:attachment":[{"href":"https:\/\/www.krakow.szarytki.pl\/index.php?rest_route=%2Fwp%2Fv2%2Fmedia&parent=4838"}],"wp:term":[{"taxonomy":"category","embeddable":true,"href":"https:\/\/www.krakow.szarytki.pl\/index.php?rest_route=%2Fwp%2Fv2%2Fcategories&post=4838"},{"taxonomy":"post_tag","embeddable":true,"href":"https:\/\/www.krakow.szarytki.pl\/index.php?rest_route=%2Fwp%2Fv2%2Ftags&post=4838"}],"curies":[{"name":"wp","href":"https:\/\/api.w.org\/{rel}","templated":true}]}}