{"id":4630,"date":"2018-07-29T17:05:04","date_gmt":"2018-07-29T15:05:04","guid":{"rendered":"http:\/\/www.krakow.szarytki.pl\/?p=4630"},"modified":"2020-12-02T09:35:56","modified_gmt":"2020-12-02T08:35:56","slug":"nocne-odwiedziny","status":"publish","type":"post","link":"https:\/\/www.krakow.szarytki.pl\/?p=4630","title":{"rendered":"Nocne odwiedziny"},"content":{"rendered":"<p>W sobot\u0119 14 lipca, w Domu Prowincjalnym prze\u017cywa\u0142y\u015bmy Czuwanie Maryjne z okazji 188. rocznicy lipcowego spotkania Maryi\u00a0<!--more--> z seminarzystk\u0105 Katarzyn\u0105 Labour\u00e9. Wiecz\u00f3r modlitewny rozpocz\u0105\u0142 r\u00f3\u017caniec z procesj\u0105 po ogrodzie. Nabo\u017ce\u0144stwo prowadzi\u0142 o. Dyrektor Bogdan Zapotoczny.<br \/>\nPo r\u00f3\u017ca\u0144cu mog\u0142y\u015bmy rozwa\u017cy\u0107 przes\u0142anie Matki Bo\u017cej pokazane w formie modlitewnej medytacji. Po kr\u00f3tkiej przerwie pomodli\u0142y\u015bmy si\u0119 nowenn\u0105 do Matki Bo\u017cej od Cudownego Medalika zawierzaj\u0105c Jej wszystkie intencje z\u0142o\u017cone tego dnia w koszu. Ca\u0142o\u015b\u0107 zwie\u0144czy\u0142a uroczysta Eucharystia. Ten wiecz\u00f3r pozwoli\u0142 nam na nowo spojrze\u0107 na przes\u0142anie Maryi dane \u015bw. Katarzynie i umocni\u0142 w nas nabo\u017ce\u0144stwo do Niepokalanej.<\/p>\n","protected":false},"excerpt":{"rendered":"<p>W sobot\u0119 14 lipca, w Domu Prowincjalnym prze\u017cywa\u0142y\u015bmy Czuwanie Maryjne z okazji 188. rocznicy lipcowego spotkania Maryi\u00a0<\/p>\n","protected":false},"author":5,"featured_media":4631,"comment_status":"closed","ping_status":"closed","sticky":false,"template":"","format":"standard","meta":{"footnotes":""},"categories":[16],"tags":[],"class_list":["post-4630","post","type-post","status-publish","format-standard","has-post-thumbnail","hentry","category-krakow"],"_links":{"self":[{"href":"https:\/\/www.krakow.szarytki.pl\/index.php?rest_route=\/wp\/v2\/posts\/4630","targetHints":{"allow":["GET"]}}],"collection":[{"href":"https:\/\/www.krakow.szarytki.pl\/index.php?rest_route=\/wp\/v2\/posts"}],"about":[{"href":"https:\/\/www.krakow.szarytki.pl\/index.php?rest_route=\/wp\/v2\/types\/post"}],"author":[{"embeddable":true,"href":"https:\/\/www.krakow.szarytki.pl\/index.php?rest_route=\/wp\/v2\/users\/5"}],"replies":[{"embeddable":true,"href":"https:\/\/www.krakow.szarytki.pl\/index.php?rest_route=%2Fwp%2Fv2%2Fcomments&post=4630"}],"version-history":[{"count":0,"href":"https:\/\/www.krakow.szarytki.pl\/index.php?rest_route=\/wp\/v2\/posts\/4630\/revisions"}],"wp:featuredmedia":[{"embeddable":true,"href":"https:\/\/www.krakow.szarytki.pl\/index.php?rest_route=\/wp\/v2\/media\/4631"}],"wp:attachment":[{"href":"https:\/\/www.krakow.szarytki.pl\/index.php?rest_route=%2Fwp%2Fv2%2Fmedia&parent=4630"}],"wp:term":[{"taxonomy":"category","embeddable":true,"href":"https:\/\/www.krakow.szarytki.pl\/index.php?rest_route=%2Fwp%2Fv2%2Fcategories&post=4630"},{"taxonomy":"post_tag","embeddable":true,"href":"https:\/\/www.krakow.szarytki.pl\/index.php?rest_route=%2Fwp%2Fv2%2Ftags&post=4630"}],"curies":[{"name":"wp","href":"https:\/\/api.w.org\/{rel}","templated":true}]}}