{"id":4611,"date":"2018-07-27T10:51:33","date_gmt":"2018-07-27T08:51:33","guid":{"rendered":"http:\/\/www.krakow.szarytki.pl\/?p=4611"},"modified":"2020-12-02T09:35:07","modified_gmt":"2020-12-02T08:35:07","slug":"wakacje-w-hajworonie","status":"publish","type":"post","link":"https:\/\/www.krakow.szarytki.pl\/?p=4611","title":{"rendered":"Wakacje w Hajworonie"},"content":{"rendered":"<p>Lato zawsze kojarzy si\u0119 nam z wakacjami- por\u0105 odpoczynku. Dla dzieci to szczeg\u00f3lnie wa\u017cne, aby nabra\u0107 si\u0142\u2026<!--more--><\/p>\n<p>W tym roku wyruszyli\u015bmy z Ba\u0142ty na wypoczynek w mie\u015bcie Hajworon. Tam nas przywita\u0142 o. Tadeusz. Wygodne pokoje, trampoliny, basen, bardzo dobre \u015bniadania, obiady i kolacje; fajny program przygotowany przez s. Kseni\u0119. Rano dzieci budzi\u0142y si\u0119 z \u00a0weso\u0142\u0105 muzyk\u0105, potem gimnastyka, \u015bniadanie, praca w grupach, Msza \u015awi\u0119ta, obiad, basen, dobry podwieczorek, prace r\u0119czne, gry, zabawy, wycieczki, dyskoteki, filmy\u2026 wszystko to da\u0142o dzieciom du\u017co rado\u015bci.<\/p>\n<p>By\u0142 tak\u017ce czas na modlitw\u0119, w ko\u0144cu to wakacje z Bogiem! Podczas adoracji dzieci szczerze dzi\u0119kowa\u0142y za wszystko, co otrzyma\u0142y od Boga. Prawd\u0105 jest to, co m\u00f3wi Jezus: \u201eJe\u015bli si\u0119 nie staniecie tacy, jak dzieci, nie wejdziecie do Kr\u00f3lestwa Niebieskiego\u201d.<\/p>\n<p>Wierzymy, \u017ce do\u015bwiadczenie, jakie zdoby\u0142 ka\u017cdy z nas, zostanie z nami na d\u0142ugo. Dzi\u0119kujemy Bogu i ofiarodawcom, dzi\u0119ki kt\u00f3rym ten wypoczynek m\u00f3g\u0142 si\u0119 odby\u0107.<\/p>\n","protected":false},"excerpt":{"rendered":"<p>Lato zawsze kojarzy si\u0119 nam z wakacjami- por\u0105 odpoczynku. Dla dzieci to szczeg\u00f3lnie wa\u017cne, aby nabra\u0107 si\u0142\u2026<\/p>\n","protected":false},"author":5,"featured_media":4640,"comment_status":"closed","ping_status":"closed","sticky":false,"template":"","format":"standard","meta":{"footnotes":""},"categories":[17],"tags":[],"class_list":["post-4611","post","type-post","status-publish","format-standard","has-post-thumbnail","hentry","category-balta"],"_links":{"self":[{"href":"https:\/\/www.krakow.szarytki.pl\/index.php?rest_route=\/wp\/v2\/posts\/4611","targetHints":{"allow":["GET"]}}],"collection":[{"href":"https:\/\/www.krakow.szarytki.pl\/index.php?rest_route=\/wp\/v2\/posts"}],"about":[{"href":"https:\/\/www.krakow.szarytki.pl\/index.php?rest_route=\/wp\/v2\/types\/post"}],"author":[{"embeddable":true,"href":"https:\/\/www.krakow.szarytki.pl\/index.php?rest_route=\/wp\/v2\/users\/5"}],"replies":[{"embeddable":true,"href":"https:\/\/www.krakow.szarytki.pl\/index.php?rest_route=%2Fwp%2Fv2%2Fcomments&post=4611"}],"version-history":[{"count":0,"href":"https:\/\/www.krakow.szarytki.pl\/index.php?rest_route=\/wp\/v2\/posts\/4611\/revisions"}],"wp:featuredmedia":[{"embeddable":true,"href":"https:\/\/www.krakow.szarytki.pl\/index.php?rest_route=\/wp\/v2\/media\/4640"}],"wp:attachment":[{"href":"https:\/\/www.krakow.szarytki.pl\/index.php?rest_route=%2Fwp%2Fv2%2Fmedia&parent=4611"}],"wp:term":[{"taxonomy":"category","embeddable":true,"href":"https:\/\/www.krakow.szarytki.pl\/index.php?rest_route=%2Fwp%2Fv2%2Fcategories&post=4611"},{"taxonomy":"post_tag","embeddable":true,"href":"https:\/\/www.krakow.szarytki.pl\/index.php?rest_route=%2Fwp%2Fv2%2Ftags&post=4611"}],"curies":[{"name":"wp","href":"https:\/\/api.w.org\/{rel}","templated":true}]}}