{"id":4599,"date":"2018-07-27T10:23:52","date_gmt":"2018-07-27T08:23:52","guid":{"rendered":"http:\/\/www.krakow.szarytki.pl\/?p=4599"},"modified":"2020-12-02T09:34:22","modified_gmt":"2020-12-02T08:34:22","slug":"maryja-w-goscinie","status":"publish","type":"post","link":"https:\/\/www.krakow.szarytki.pl\/?p=4599","title":{"rendered":"Maryja w go\u015bcinie"},"content":{"rendered":"<p>Od stycznia tego roku w naszej wiosce \u2013 K\u0105tach- trwa peregrynacja figurki Matki Bo\u017cej Pani Fatimskiej.<!--more--><\/p>\n<p>Ka\u017cdego dnia Maryja nawiedza kolejne domy i rodziny.<\/p>\n<p>Ten szczeg\u00f3lny czas rozpoczyna wieczorna Msza \u015bw. w ko\u015bciele parafialnym, gdzie po ko\u0144cowym b\u0142ogos\u0142awie\u0144stwie przedstawiciel rodziny otrzymuje od ks. Proboszcza pami\u0105tkowe zdj\u0119cie figurki. Nast\u0119pnie idzie si\u0119 do s\u0105siad\u00f3w, aby \u201ezabra\u0107\u201d do siebie Matk\u0119 Bo\u017c\u0105. Przywitanie, wieczorne modlitwy i ca\u0142y nast\u0119pny dzie\u0144 ka\u017cda rodzina prze\u017cywa na sw\u00f3j spos\u00f3b, ale mo\u017cna te\u017c pos\u0142u\u017cy\u0107 si\u0119 materia\u0142ami przygotowanymi przez ksi\u0119dza.<\/p>\n<p>Wieczorem, po Mszy \u015bw. przychodz\u0105 nast\u0119pni s\u0105siedzi, by znowu do siebie wzi\u0105\u0107 figurk\u0119.<\/p>\n<p>I tak, 23.07 to szcz\u0119\u015bcie spotka\u0142o nasz\u0105 wsp\u00f3lnot\u0119. Rado\u015bnie, z cichym \u015bpiewem pie\u015bni Maryjnych po drodze, przynios\u0142y\u015bmy figurk\u0119 Matki Bo\u017cej do naszej kaplicy. To jak prze\u017cy\u0142y\u015bmy indywidualne modlitwy pozostanie w naszych sercach, ale modlitw\u0119 r\u00f3\u017ca\u0144cow\u0105 ofiarowa\u0142y\u015bmy za Prowincj\u0119, o nowe powo\u0142ania, za naszych Ubogich. Bardzo szybko min\u0105\u0142 ten szczeg\u00f3lny Dzie\u0144.<\/p>\n<p>Wieczorem Matka Bo\u017ca \u201eposz\u0142a\u201d do naszych Gospodarzy, a my zosta\u0142y\u015bmy pe\u0142ne wdzi\u0119czno\u015bci i ufno\u015bci.<\/p>\n<p>Maryjo, Pani Fatimska dzi\u0119kujemy, \u017ce nas NAWIEDZI\u0141A\u015a!<\/p>\n<p>Siostry z K\u0105t\u00f3w<\/p>\n","protected":false},"excerpt":{"rendered":"<p>Od stycznia tego roku w naszej wiosce \u2013 K\u0105tach- trwa peregrynacja figurki Matki Bo\u017cej Pani Fatimskiej.<\/p>\n","protected":false},"author":5,"featured_media":4641,"comment_status":"closed","ping_status":"closed","sticky":false,"template":"","format":"standard","meta":{"footnotes":""},"categories":[38],"tags":[],"class_list":["post-4599","post","type-post","status-publish","format-standard","has-post-thumbnail","hentry","category-katy"],"_links":{"self":[{"href":"https:\/\/www.krakow.szarytki.pl\/index.php?rest_route=\/wp\/v2\/posts\/4599","targetHints":{"allow":["GET"]}}],"collection":[{"href":"https:\/\/www.krakow.szarytki.pl\/index.php?rest_route=\/wp\/v2\/posts"}],"about":[{"href":"https:\/\/www.krakow.szarytki.pl\/index.php?rest_route=\/wp\/v2\/types\/post"}],"author":[{"embeddable":true,"href":"https:\/\/www.krakow.szarytki.pl\/index.php?rest_route=\/wp\/v2\/users\/5"}],"replies":[{"embeddable":true,"href":"https:\/\/www.krakow.szarytki.pl\/index.php?rest_route=%2Fwp%2Fv2%2Fcomments&post=4599"}],"version-history":[{"count":0,"href":"https:\/\/www.krakow.szarytki.pl\/index.php?rest_route=\/wp\/v2\/posts\/4599\/revisions"}],"wp:featuredmedia":[{"embeddable":true,"href":"https:\/\/www.krakow.szarytki.pl\/index.php?rest_route=\/wp\/v2\/media\/4641"}],"wp:attachment":[{"href":"https:\/\/www.krakow.szarytki.pl\/index.php?rest_route=%2Fwp%2Fv2%2Fmedia&parent=4599"}],"wp:term":[{"taxonomy":"category","embeddable":true,"href":"https:\/\/www.krakow.szarytki.pl\/index.php?rest_route=%2Fwp%2Fv2%2Fcategories&post=4599"},{"taxonomy":"post_tag","embeddable":true,"href":"https:\/\/www.krakow.szarytki.pl\/index.php?rest_route=%2Fwp%2Fv2%2Ftags&post=4599"}],"curies":[{"name":"wp","href":"https:\/\/api.w.org\/{rel}","templated":true}]}}