{"id":4484,"date":"2018-07-04T09:41:01","date_gmt":"2018-07-04T07:41:01","guid":{"rendered":"http:\/\/www.krakow.szarytki.pl\/?p=4484"},"modified":"2020-12-02T09:29:23","modified_gmt":"2020-12-02T08:29:23","slug":"poprostu-vincentiana","status":"publish","type":"post","link":"https:\/\/www.krakow.szarytki.pl\/?p=4484","title":{"rendered":"Po prostu Vincentiana!"},"content":{"rendered":"<p align=\"justify\">W dniach&nbsp;27-29 czerwca 2018 w Piekarach k\/Krakowa, mia\u0142a miejsce 33. edycja Przegl\u0105du Piosenki Religijnej<!--more--> VINCENTIANA. Nasza m\u0142odzie\u017c, g\u0142\u00f3wnie z WMM dzia\u0142aj\u0105cej przy Parafii \u015bw. Jadwigi Kr\u00f3lowej w Nowym Targu, wzi\u0119\u0142a udzia\u0142 w Przegl\u0105dzie po raz pierwszy jako zesp\u00f3\u0142 \u201epoProstu\u201d.<a href=\"https:\/\/www.krakow.szarytki.pl\/wp-content\/uploads\/2018\/07\/vincentiana_Laureaci.jpg\"><img loading=\"lazy\" decoding=\"async\" class=\"alignright wp-image-4486\" src=\"https:\/\/www.krakow.szarytki.pl\/wp-content\/uploads\/2018\/07\/vincentiana_Laureaci.jpg\" alt=\"\" width=\"450\" height=\"299\"><\/a><\/p>\n<p align=\"justify\">By\u0142 to dla nas wspania\u0142y czas: dobra muzyka, \u015bwietna zabawy w gronie starych i nowych przyjaci\u00f3\u0142, ale przede wszystkim&nbsp;by\u0142y to chwile spotkania z Maryj\u0105, kt\u00f3ra nieustannie, ca\u0142ym swoim \u017cyciem wskazuje na Swojego Syna i prowadzi do Niego. Niespodziank\u0105 i wielk\u0105 rado\u015bci\u0105 by\u0142a dla nas Nagroda Publiczno\u015bci, kt\u00f3r\u0105 zdobyli\u015bmy, oraz przyznanie naszemu zespo\u0142owi Nagrody G\u0142\u00f3wnej. Te wyr\u00f3\u017cnienia s\u0105 dla nas wyzwaniem, aby nasz zesp\u00f3\u0142 rozwija\u0142 si\u0119 na Chwa\u0142\u0119 Pana!<\/p>\n<p style=\"text-align: right;\"><em>S. Iwona z M\u0142odzie\u017c\u0105 <\/em><br \/>\n<em>Nowy Targ<\/em><\/p>\n<p>&nbsp;<\/p>\n<p><a href=\"https:\/\/www.krakow.szarytki.pl\/wp-content\/uploads\/2018\/07\/poProstu-Vincentiana.jpg\"><img loading=\"lazy\" decoding=\"async\" class=\"aligncenter wp-image-4485\" src=\"https:\/\/www.krakow.szarytki.pl\/wp-content\/uploads\/2018\/07\/poProstu-Vincentiana.jpg\" alt=\"\" width=\"490\" height=\"327\"><\/a><\/p>\n<p>Poni\u017cej, dzi\u0119ki video zrealizowanemu przez&nbsp; <a href=\"http:\/\/time2time.pl\/\">Time2Time <\/a> mo\u017cemy cho\u0107 troch\u0119 zasmakowa\u0107 atmosfery Vincentiany:<\/p>\n<p><iframe loading=\"lazy\" src=\"https:\/\/www.youtube.com\/embed\/kFb35kvX5DA?rel=0\" allowfullscreen=\"allowfullscreen\" width=\"560\" height=\"315\" frameborder=\"0\"><\/iframe><\/p>\n<p>A oto wyst\u0119p zespo\u0142u z Nowego Targu:<br \/>\n<iframe loading=\"lazy\" src=\"https:\/\/www.youtube.com\/embed\/C-Vbo4bNmQw?rel=0\" allowfullscreen=\"allowfullscreen\" width=\"560\" height=\"315\" frameborder=\"0\"><\/iframe><\/p>\n<p>&nbsp;<\/p>\n","protected":false},"excerpt":{"rendered":"<p>W dniach&nbsp;27-29 czerwca 2018 w Piekarach k\/Krakowa, mia\u0142a miejsce 33. edycja Przegl\u0105du Piosenki Religijnej<\/p>\n","protected":false},"author":5,"featured_media":4536,"comment_status":"closed","ping_status":"closed","sticky":false,"template":"","format":"standard","meta":{"footnotes":""},"categories":[34,9],"tags":[],"class_list":["post-4484","post","type-post","status-publish","format-standard","has-post-thumbnail","hentry","category-nowy-targ","category-wydarzenia"],"_links":{"self":[{"href":"https:\/\/www.krakow.szarytki.pl\/index.php?rest_route=\/wp\/v2\/posts\/4484","targetHints":{"allow":["GET"]}}],"collection":[{"href":"https:\/\/www.krakow.szarytki.pl\/index.php?rest_route=\/wp\/v2\/posts"}],"about":[{"href":"https:\/\/www.krakow.szarytki.pl\/index.php?rest_route=\/wp\/v2\/types\/post"}],"author":[{"embeddable":true,"href":"https:\/\/www.krakow.szarytki.pl\/index.php?rest_route=\/wp\/v2\/users\/5"}],"replies":[{"embeddable":true,"href":"https:\/\/www.krakow.szarytki.pl\/index.php?rest_route=%2Fwp%2Fv2%2Fcomments&post=4484"}],"version-history":[{"count":0,"href":"https:\/\/www.krakow.szarytki.pl\/index.php?rest_route=\/wp\/v2\/posts\/4484\/revisions"}],"wp:featuredmedia":[{"embeddable":true,"href":"https:\/\/www.krakow.szarytki.pl\/index.php?rest_route=\/wp\/v2\/media\/4536"}],"wp:attachment":[{"href":"https:\/\/www.krakow.szarytki.pl\/index.php?rest_route=%2Fwp%2Fv2%2Fmedia&parent=4484"}],"wp:term":[{"taxonomy":"category","embeddable":true,"href":"https:\/\/www.krakow.szarytki.pl\/index.php?rest_route=%2Fwp%2Fv2%2Fcategories&post=4484"},{"taxonomy":"post_tag","embeddable":true,"href":"https:\/\/www.krakow.szarytki.pl\/index.php?rest_route=%2Fwp%2Fv2%2Ftags&post=4484"}],"curies":[{"name":"wp","href":"https:\/\/api.w.org\/{rel}","templated":true}]}}