{"id":4202,"date":"2018-05-08T22:36:22","date_gmt":"2018-05-08T20:36:22","guid":{"rendered":"http:\/\/www.krakow.szarytki.pl\/?p=4202"},"modified":"2020-12-02T08:49:03","modified_gmt":"2020-12-02T07:49:03","slug":"ludwika-i-duch-sw","status":"publish","type":"post","link":"https:\/\/www.krakow.szarytki.pl\/?p=4202","title":{"rendered":"Ludwika i Duch \u015aw."},"content":{"rendered":"<p align=\"justify\">5 maja, na kilka dni przed uroczysto\u015bci\u0105 \u015bw. Ludwiki, odby\u0142a si\u0119 w naszym domu prowincjalnym w Krakowie sesja<!--more--> zatytu\u0142owana: \u201eDuch \u015awi\u0119ty w \u017byciu \u015bw. Ludwiki de Marillac\u201d. Prowadz\u0105ca \u2013 siostra Stanis\u0142awa Krasucka, kt\u00f3ra sp\u0119dzi\u0142a w kolebce zgromadzenia kilkana\u015bcie lat, wskaza\u0142a na trzy \u201eprzej\u015bcia\u201d Ducha \u015awi\u0119tego w \u017cyciu wsp\u00f3\u0142za\u0142o\u017cycielki szarytek, kt\u00f3re ukszta\u0142towa\u0142y jej duchowo\u015b\u0107:<\/p>\n<p><a href=\"https:\/\/www.krakow.szarytki.pl\/wp-content\/uploads\/2018\/05\/Swiatlo.jpg\"><img loading=\"lazy\" decoding=\"async\" class=\"alignnone wp-image-4200 size-full\" title=\"Oryginalny r\u0119kopis &quot;\u015awiat\u0142a Pi\u0119\u0107dziesi\u0105tnicy&quot;\" src=\"https:\/\/www.krakow.szarytki.pl\/wp-content\/uploads\/2018\/05\/Swiatlo-2.jpg\" alt=\"\" width=\"250\" height=\"365\" srcset=\"https:\/\/www.krakow.szarytki.pl\/wp-content\/uploads\/2018\/05\/Swiatlo-2.jpg 250w, https:\/\/www.krakow.szarytki.pl\/wp-content\/uploads\/2018\/05\/Swiatlo-2-100x146.jpg 100w, https:\/\/www.krakow.szarytki.pl\/wp-content\/uploads\/2018\/05\/Swiatlo-2-34x50.jpg 34w, https:\/\/www.krakow.szarytki.pl\/wp-content\/uploads\/2018\/05\/Swiatlo-2-51x75.jpg 51w\" sizes=\"auto, (max-width:767px) 250px, 250px\" \/><\/a><\/p>\n<p align=\"justify\">1. W dniu Zes\u0142ania Ducha \u015awi\u0119tego w 1623 r. Ludwika prze\u017cy\u0142a niezwyk\u0142e wydarzenie, kt\u00f3re nazwa\u0142a \u201e\u015awiat\u0142em\u201d. W tym dniu zako\u0144czy\u0142a si\u0119 jej noc mistyczna trwaj\u0105ca dwa lata. B\u00f3g da\u0142 jej wtedy pozna\u0107, i\u017c musi pozosta\u0107 z m\u0119\u017cem. Zrozumia\u0142a te\u017c, \u017ce przyjdzie czas, kiedy b\u0119dzie mog\u0142a ca\u0142kowicie po\u015bwi\u0119ci\u0107 si\u0119 Bogu, \u017ce wraz z innymi osobami b\u0119dzie s\u0142u\u017cy\u0107 bli\u017anim potrzebuj\u0105cym pomocy. B\u00f3g wyzwoli\u0142 j\u0105 wtedy od wszelkich rozterek duchowych i nape\u0142ni\u0142 \u015bwiat\u0142em. Wskaza\u0142 tak\u017ce kierownika duchowego, kt\u00f3rym mia\u0142 zosta\u0107 Wincenty a Paulo. Otrzymane \u201e\u015awiat\u0142o\u201d pozwoli\u0142o jej ca\u0142kowicie zaufa\u0107 Bogu i Jego opatrzno\u015bci. W swoich notatkach zapisa\u0142a: <i>\u201eW\u0142a\u015bnie w tym dniu Bo\u017ca dobro\u0107 przepe\u0142ni\u0142a moje serce pokojem i wskaza\u0142a mi zasady, kt\u00f3rymi, mimo moich niewierno\u015bci, zawsze si\u0119 kierowa\u0142am\u201d.<\/i><\/p>\n<p align=\"justify\">2. 5 lutego 1630 roku, kiedy udawa\u0142a si\u0119 wizytacje Bractw Mi\u0142osierdzia, Ludwika chcia\u0142a uczci\u0107 rocznic\u0119 swojego \u015blubu uczestnicz\u0105c we Mszy \u015aw. Po przyj\u0119ciu Komunii \u015awi\u0119tej prze\u017cy\u0142a do\u015bwiadczenie mistycznych za\u015blubin z Chrystusem, o kt\u00f3rych nieco p\u00f3\u017aniej opowiedzia\u0142a w s\u0142owach: \u201e<i>wydaje mi si\u0119, \u017ce nasz Pan podda\u0142 mi my\u015bl, bym Go przyj\u0119\u0142a za Oblubie\u0144ca mojej duszy\u201d.<\/i><\/p>\n<p align=\"justify\">3. W wigili\u0119 Zes\u0142ania Ducha \u015awi\u0119tego 1642 r. mia\u0142o miejsce niezwyk\u0142e wydarzenie: w chwil\u0119 po wyj\u015bciu Ludwiki z sali zebra\u0144 Pa\u0144 Mi\u0142osierdzia zawali\u0142 si\u0119 tam sufit. Dzi\u0119ki odwo\u0142aniu zebrania unikni\u0119to nieszcz\u0119\u015bcia \u2013 mog\u0142o tam straci\u0107 \u017cycie wiele os\u00f3b. W rodzinie wincenty\u0144skiej dzi\u0119kowano za ten znak Bo\u017cej opieki, natomiast dla \u015bw. Ludwiki by\u0142 punktem zwrotnym, dzi\u0119ki kt\u00f3remu obchody Pi\u0119\u0107dziesi\u0105tnicy sta\u0142y si\u0119 jednymi z najwa\u017cniejszych.<\/p>\n<p align=\"justify\">Duchowo\u015b\u0107 \u015bw. Ludwiki niekt\u00f3rzy autorzy nazywaj\u0105 \u201epneumatologiczn\u0105\u201d ze wzgl\u0119du na niezwyk\u0142e jak na owe czasu dowarto\u015bciowanie roli Trzeciej Osoby Boskiej. Zapisa\u0142a podczas rekolekcji w 1657 r. swoj\u0105 modlitw\u0119 do Ducha \u015aw., kt\u00f3ry pozwoli\u0142 jej duszy wydosta\u0107 si\u0119 z ciemnego tunelu ku realizacji plan\u00f3w Bo\u017cych w mi\u0142o\u015bci i oddaniu:<\/p>\n<blockquote>\n<p align=\"justify\">\u201e<i>Duchu \u015awi\u0119ty! Tylko Ty mo\u017cesz nam da\u0107 zrozumienie <\/i><i>wielko\u015bci <\/i><i>tajemnicy, kt\u00f3ra \u2013 je\u015bli mo\u017cna tak powiedzie\u0107 \u2013 ukazuje niecierpliwo\u015b\u0107 Boga, <\/i><i>lub raczej by przybli\u017cy\u0142a si\u0119 realizacja planu Bo\u017cego odno\u015bnie natury ludzkiej celem udoskonalenia jedno\u015bci, kt\u00f3r\u0105 Wszechmoc Bo\u017ca pragnie w niej urzeczywistni\u0107\u201d.<\/i><\/p>\n<\/blockquote>\n<p align=\"justify\"><a href=\"https:\/\/www.krakow.szarytki.pl\/wp-content\/uploads\/2018\/05\/Ludwika-de-Marillac.jpg\"><img loading=\"lazy\" decoding=\"async\" class=\"aligncenter size-full wp-image-4201\" src=\"https:\/\/www.krakow.szarytki.pl\/wp-content\/uploads\/2018\/05\/Ludwika-de-Marillac.jpg\" alt=\"\" width=\"600\" height=\"450\" \/><\/a><\/p>\n","protected":false},"excerpt":{"rendered":"<p>5 maja, na kilka dni przed uroczysto\u015bci\u0105 \u015bw. Ludwiki, odby\u0142a si\u0119 w naszym domu prowincjalnym w Krakowie sesja<\/p>\n","protected":false},"author":5,"featured_media":4201,"comment_status":"closed","ping_status":"closed","sticky":false,"template":"","format":"standard","meta":{"footnotes":""},"categories":[16,25],"tags":[],"class_list":["post-4202","post","type-post","status-publish","format-standard","has-post-thumbnail","hentry","category-krakow","category-duchowosc"],"_links":{"self":[{"href":"https:\/\/www.krakow.szarytki.pl\/index.php?rest_route=\/wp\/v2\/posts\/4202","targetHints":{"allow":["GET"]}}],"collection":[{"href":"https:\/\/www.krakow.szarytki.pl\/index.php?rest_route=\/wp\/v2\/posts"}],"about":[{"href":"https:\/\/www.krakow.szarytki.pl\/index.php?rest_route=\/wp\/v2\/types\/post"}],"author":[{"embeddable":true,"href":"https:\/\/www.krakow.szarytki.pl\/index.php?rest_route=\/wp\/v2\/users\/5"}],"replies":[{"embeddable":true,"href":"https:\/\/www.krakow.szarytki.pl\/index.php?rest_route=%2Fwp%2Fv2%2Fcomments&post=4202"}],"version-history":[{"count":0,"href":"https:\/\/www.krakow.szarytki.pl\/index.php?rest_route=\/wp\/v2\/posts\/4202\/revisions"}],"wp:featuredmedia":[{"embeddable":true,"href":"https:\/\/www.krakow.szarytki.pl\/index.php?rest_route=\/wp\/v2\/media\/4201"}],"wp:attachment":[{"href":"https:\/\/www.krakow.szarytki.pl\/index.php?rest_route=%2Fwp%2Fv2%2Fmedia&parent=4202"}],"wp:term":[{"taxonomy":"category","embeddable":true,"href":"https:\/\/www.krakow.szarytki.pl\/index.php?rest_route=%2Fwp%2Fv2%2Fcategories&post=4202"},{"taxonomy":"post_tag","embeddable":true,"href":"https:\/\/www.krakow.szarytki.pl\/index.php?rest_route=%2Fwp%2Fv2%2Ftags&post=4202"}],"curies":[{"name":"wp","href":"https:\/\/api.w.org\/{rel}","templated":true}]}}