{"id":4146,"date":"2018-05-04T16:48:14","date_gmt":"2018-05-04T14:48:14","guid":{"rendered":"http:\/\/www.krakow.szarytki.pl\/?p=4146"},"modified":"2020-12-02T08:44:49","modified_gmt":"2020-12-02T07:44:49","slug":"ziarno","status":"publish","type":"post","link":"https:\/\/www.krakow.szarytki.pl\/?p=4146","title":{"rendered":"Ziarno"},"content":{"rendered":"<p>O tym, \u017ce Wincenty\u0144ska M\u0142odzie\u017c Maryjna jest tw\u00f3rcza, nie trzeba nikogo przekonywa\u0107.<!--more--> Z okazji 25-lecia istnienia Stowarzyszenia w \u017bywcu, tutejsza grupa przygotowa\u0142a wraz z Siostrami przedstawienie pt. &#8222;Ziarno&#8221;. Zapraszamy do obejrzenia&#8230;<\/p>\n<p><iframe loading=\"lazy\" title=\"przedstawienie , ziarno\" width=\"1220\" height=\"686\" src=\"https:\/\/www.youtube.com\/embed\/siAF7tDfU_A?feature=oembed\" frameborder=\"0\" allow=\"accelerometer; autoplay; encrypted-media; gyroscope; picture-in-picture\" allowfullscreen><\/iframe><\/p>\n","protected":false},"excerpt":{"rendered":"<p>O tym, \u017ce Wincenty\u0144ska M\u0142odzie\u017c Maryjna jest tw\u00f3rcza, nie trzeba nikogo przekonywa\u0107.<\/p>\n","protected":false},"author":5,"featured_media":4195,"comment_status":"closed","ping_status":"closed","sticky":false,"template":"","format":"standard","meta":{"footnotes":""},"categories":[24],"tags":[],"class_list":["post-4146","post","type-post","status-publish","format-standard","has-post-thumbnail","hentry","category-zywiec"],"_links":{"self":[{"href":"https:\/\/www.krakow.szarytki.pl\/index.php?rest_route=\/wp\/v2\/posts\/4146","targetHints":{"allow":["GET"]}}],"collection":[{"href":"https:\/\/www.krakow.szarytki.pl\/index.php?rest_route=\/wp\/v2\/posts"}],"about":[{"href":"https:\/\/www.krakow.szarytki.pl\/index.php?rest_route=\/wp\/v2\/types\/post"}],"author":[{"embeddable":true,"href":"https:\/\/www.krakow.szarytki.pl\/index.php?rest_route=\/wp\/v2\/users\/5"}],"replies":[{"embeddable":true,"href":"https:\/\/www.krakow.szarytki.pl\/index.php?rest_route=%2Fwp%2Fv2%2Fcomments&post=4146"}],"version-history":[{"count":0,"href":"https:\/\/www.krakow.szarytki.pl\/index.php?rest_route=\/wp\/v2\/posts\/4146\/revisions"}],"wp:featuredmedia":[{"embeddable":true,"href":"https:\/\/www.krakow.szarytki.pl\/index.php?rest_route=\/wp\/v2\/media\/4195"}],"wp:attachment":[{"href":"https:\/\/www.krakow.szarytki.pl\/index.php?rest_route=%2Fwp%2Fv2%2Fmedia&parent=4146"}],"wp:term":[{"taxonomy":"category","embeddable":true,"href":"https:\/\/www.krakow.szarytki.pl\/index.php?rest_route=%2Fwp%2Fv2%2Fcategories&post=4146"},{"taxonomy":"post_tag","embeddable":true,"href":"https:\/\/www.krakow.szarytki.pl\/index.php?rest_route=%2Fwp%2Fv2%2Ftags&post=4146"}],"curies":[{"name":"wp","href":"https:\/\/api.w.org\/{rel}","templated":true}]}}