{"id":4085,"date":"2018-04-30T10:40:25","date_gmt":"2018-04-30T08:40:25","guid":{"rendered":"http:\/\/www.krakow.szarytki.pl\/?p=4085"},"modified":"2020-12-01T19:56:30","modified_gmt":"2020-12-01T18:56:30","slug":"oddane-bogu","status":"publish","type":"post","link":"https:\/\/www.krakow.szarytki.pl\/?p=4085","title":{"rendered":"Oddane Bogu"},"content":{"rendered":"<p><strong><em>\u201eMi\u0142o\u015b\u0107 Chrystusa Ukrzy\u017cowanego przynagla nas\u201d<\/em><\/strong><\/p>\n<p>Przynagla nas do p\u00f3j\u015bcia za Jezusem, <!--more-->by przyjmuj\u0105c Jego mi\u0142o\u015b\u0107, dzieli\u0107 si\u0119 ni\u0105 z innymi, zw\u0142aszcza z tymi, kt\u00f3rzy tej mi\u0142o\u015bci najbardziej potrzebuj\u0105, kt\u00f3rzy do\u015bwiadczaj\u0105 w swym \u017cyciu jej braku, w kt\u00f3rych zosta\u0142a ona poraniona.\u00a0 Odpowiadaj\u0105c na mi\u0142o\u015b\u0107 Jezusa, w Uroczysto\u015b\u0107 Zwiastowania Pa\u0144skiego, odnowi\u0142y\u015bmy poprzez \u015bluby swoj\u0105 przynale\u017cno\u015b\u0107 do Chrystusa. Podczas porannej Mszy \u015bwi\u0119tej, kt\u00f3rej przewodniczy\u0142 ks. proboszcz J\u00f3zef Sowa, w \u0142\u0105czno\u015bci z ca\u0142ym Zgromadzeniem Si\u00f3str Mi\u0142osierdzia, z\u0142o\u017cy\u0142y\u015bmy swe \u017cycie w r\u0119ce Jezusa i Maryi.<\/p>\n<p>Niech B\u00f3g b\u0119dzie uwielbiony za \u0142ask\u0119 powo\u0142ania!<\/p>\n","protected":false},"excerpt":{"rendered":"<p>\u201eMi\u0142o\u015b\u0107 Chrystusa Ukrzy\u017cowanego przynagla nas\u201d Przynagla nas do p\u00f3j\u015bcia za Jezusem,<\/p>\n","protected":false},"author":5,"featured_media":4087,"comment_status":"closed","ping_status":"closed","sticky":false,"template":"","format":"standard","meta":{"footnotes":""},"categories":[4],"tags":[],"class_list":["post-4085","post","type-post","status-publish","format-standard","has-post-thumbnail","hentry","category-bobrek"],"_links":{"self":[{"href":"https:\/\/www.krakow.szarytki.pl\/index.php?rest_route=\/wp\/v2\/posts\/4085","targetHints":{"allow":["GET"]}}],"collection":[{"href":"https:\/\/www.krakow.szarytki.pl\/index.php?rest_route=\/wp\/v2\/posts"}],"about":[{"href":"https:\/\/www.krakow.szarytki.pl\/index.php?rest_route=\/wp\/v2\/types\/post"}],"author":[{"embeddable":true,"href":"https:\/\/www.krakow.szarytki.pl\/index.php?rest_route=\/wp\/v2\/users\/5"}],"replies":[{"embeddable":true,"href":"https:\/\/www.krakow.szarytki.pl\/index.php?rest_route=%2Fwp%2Fv2%2Fcomments&post=4085"}],"version-history":[{"count":0,"href":"https:\/\/www.krakow.szarytki.pl\/index.php?rest_route=\/wp\/v2\/posts\/4085\/revisions"}],"wp:featuredmedia":[{"embeddable":true,"href":"https:\/\/www.krakow.szarytki.pl\/index.php?rest_route=\/wp\/v2\/media\/4087"}],"wp:attachment":[{"href":"https:\/\/www.krakow.szarytki.pl\/index.php?rest_route=%2Fwp%2Fv2%2Fmedia&parent=4085"}],"wp:term":[{"taxonomy":"category","embeddable":true,"href":"https:\/\/www.krakow.szarytki.pl\/index.php?rest_route=%2Fwp%2Fv2%2Fcategories&post=4085"},{"taxonomy":"post_tag","embeddable":true,"href":"https:\/\/www.krakow.szarytki.pl\/index.php?rest_route=%2Fwp%2Fv2%2Ftags&post=4085"}],"curies":[{"name":"wp","href":"https:\/\/api.w.org\/{rel}","templated":true}]}}