{"id":4049,"date":"2018-04-25T16:11:28","date_gmt":"2018-04-25T14:11:28","guid":{"rendered":"http:\/\/www.krakow.szarytki.pl\/?p=4049"},"modified":"2020-12-01T19:54:40","modified_gmt":"2020-12-01T18:54:40","slug":"blogoslawiona-pielegniarka","status":"publish","type":"post","link":"https:\/\/www.krakow.szarytki.pl\/?p=4049","title":{"rendered":"Beatyfikacja P. Hanny"},"content":{"rendered":"<p align=\"justify\">Niekt\u00f3re z naszych si\u00f3str mia\u0142y szcz\u0119\u015bcie osobi\u015bcie spotka\u0107 si\u0119 z Hann\u0105 Chrzanowsk\u0105, kt\u00f3ra w najbli\u017csz\u0105 sobot\u0119 <!--more-->zostanie og\u0142oszona <strong>b\u0142ogos\u0142awion\u0105<\/strong>. Ju\u017c we wczesnej m\u0142odo\u015bci ta przysz\u0142a instruktorka piel\u0119gniarstwa w\u0142\u0105cza\u0142a si\u0119 w prace charytatywne Stowarzyszenia Panien Ekonomek \u015bw. Wincentego a Paulo, wi\u0119c prawdopodobnie mia\u0142a wtedy kontakt z siostrami mi\u0142osierdzia.<\/p>\n<p><a href=\"https:\/\/www.krakow.szarytki.pl\/wp-content\/uploads\/2018\/04\/Portret-kolor-400.jpg\"><img loading=\"lazy\" decoding=\"async\" class=\"alignright wp-image-4052\" src=\"https:\/\/www.krakow.szarytki.pl\/wp-content\/uploads\/2018\/04\/Portret-kolor-400.jpg\" alt=\"\" width=\"300\" height=\"507\"><\/a><\/p>\n<p align=\"justify\">Konkretne jednak wspomnienia \u017cyj\u0105cych dzi\u015b si\u00f3str dotycz\u0105 lat 60-tych i 70-tych XX w., kiedy pani Hanna, dobrze znaj\u0105ca opuszczenie chorych, przy wsparciu kardyna\u0142a Wojty\u0142y zorganizowa\u0142a w Krakowie <strong>piel\u0119gniarstwo parafialne<\/strong>, w ramach kt\u00f3rego \u015bwieccy i zakonni wolontariusze nie\u015bli pomoc chorym i niepe\u0142nosprawnym w ich \u015brodowisku.<\/p>\n<p>Siostra Teresa Ptaszek wspomina:<\/p>\n<blockquote>\n<p align=\"justify\"><em>\u201eZ pani\u0105 Chrzanowsk\u0105 zetkn\u0119\u0142am si\u0119, gdy jako postulantka odwiedza\u0142am ubogich w parafii Bo\u017cego Cia\u0142a w Krakowie. Pani Hanna przy parafii sprawowa\u0142a piecz\u0119 nad chorymi i nad siostrami, kt\u00f3re opiekowa\u0142y si\u0119 potrzebuj\u0105cymi w ich domach. Spotyka\u0142am si\u0119 z ni\u0105 zdaj\u0105c sprawozdania o stanie chorych. Pami\u0119tam, \u017ce ju\u017c wtedy \u017cywi\u0142am przekonanie, \u017ce pani Chrzanowska jest kim\u015b wielkim i \u015bwi\u0119tym. <\/em><\/p>\n<p align=\"justify\"><em>Co zapami\u0119ta\u0142am z tamtych spotka\u0144 i rozm\u00f3w? Pani Hanna bardzo uwa\u017cnie s\u0142ucha\u0142a i nigdy nie przerywa\u0142a, gdy opowiada\u0142am jej o chorych. Cierpliwie t\u0142umaczy\u0142a, \u017ce ludzie chorzy musz\u0105 by\u0107 starannie obs\u0142u\u017ceni. By\u0142a wymagaj\u0105ca i bardzo sumienna. Zale\u017ca\u0142o jej bardzo na dobrej obs\u0142udze chorych, ale te\u017c bardzo zale\u017ca\u0142o jej na siostrach, kt\u00f3re pracowa\u0142y przy chorych. Poniewa\u017c by\u0142y\u015bmy dopiero postulantkami, ona wci\u0105\u017c pyta\u0142a nas, czy dobrze si\u0119 czujemy, czy nam nie trzeba jakiej\u015b pomocy, czy nie ma czego\u015b, z czym nie umiemy sobie poradzi\u0107&#8230;<\/em>\u201d<\/p>\n<\/blockquote>\n<p align=\"justify\">Hanna Chrzanowska, rozwijaj\u0105c szeroko zakrojon\u0105 dzia\u0142alno\u015b\u0107 spo\u0142eczn\u0105, postrzega\u0142a ka\u017cdego podopiecznego ca\u0142o\u015bciowo, dba\u0142a o jego potrzeby fizyczne, psychiczne i spo\u0142eczne, a potrzeby duchowe zaspokaja\u0142a organizuj\u0105c jako pierwsza w Polsce w 1964 r. rekolekcje wyjazdowe dla chorych w Trzebini, gdzie nauki g\u0142osi\u0142 m. in. ks. kard. Wojty\u0142a. Propagowa\u0142a zwyczaj odprawiania Mszy \u015bw. w domu chorego, a tak\u017ce wieczerzy wigilijnej dla tego \u015brodowiska. Dzia\u0142alno\u015b\u0107 ta, a jeszcze bardziej jej \u017cyczliwo\u015b\u0107 i szacunek dla godno\u015bci cz\u0142owieka, przywraca\u0142y chorym rado\u015b\u0107 i dodawa\u0142y si\u0142 do niesienia codziennych krzy\u017cy. Jej chrze\u015bcija\u0144ski, pe\u0142en mi\u0142o\u015bci stosunek do chorych by\u0142 zara\u017aliwy. Z jej wiedzy i do\u015bwiadczenia, ale jeszcze bardziej z osobistego przyk\u0142adu, skorzysta\u0142o wiele os\u00f3b podejmuj\u0105cych pi\u0119kn\u0105 s\u0142u\u017cb\u0119 wobec chorych \u2013 w\u015br\u00f3d nich tak\u017ce osoby konsekrowane\u2026<\/p>\n<p>&nbsp;<\/p>\n<div id=\"attachment_4054\" style=\"width: 770px\" class=\"wp-caption aligncenter\"><a href=\"https:\/\/www.krakow.szarytki.pl\/wp-content\/uploads\/2018\/04\/Kurs_Chrzanowska.jpg\"><img loading=\"lazy\" decoding=\"async\" aria-describedby=\"caption-attachment-4054\" class=\"wp-image-4054\" src=\"https:\/\/www.krakow.szarytki.pl\/wp-content\/uploads\/2018\/04\/Kurs_Chrzanowska.jpg\" alt=\"\" width=\"760\" height=\"514\"><\/a><p id=\"caption-attachment-4054\" class=\"wp-caption-text\">Kurs dla si\u00f3str zakonnych prowadzony przez Hann\u0119 Chrzanowsk\u0105 (w \u015brodku). Pi\u0105ta od lewej (z ty\u0142u) stoi s. Barbara Marciniak SM<\/p><\/div>\n","protected":false},"excerpt":{"rendered":"<p>Niekt\u00f3re z naszych si\u00f3str mia\u0142y szcz\u0119\u015bcie osobi\u015bcie spotka\u0107 si\u0119 z Hann\u0105 Chrzanowsk\u0105, kt\u00f3ra w najbli\u017csz\u0105 sobot\u0119<\/p>\n","protected":false},"author":5,"featured_media":10410,"comment_status":"closed","ping_status":"closed","sticky":false,"template":"","format":"standard","meta":{"footnotes":""},"categories":[5,9],"tags":[],"class_list":["post-4049","post","type-post","status-publish","format-standard","has-post-thumbnail","hentry","category-migawki-z-historii","category-wydarzenia"],"_links":{"self":[{"href":"https:\/\/www.krakow.szarytki.pl\/index.php?rest_route=\/wp\/v2\/posts\/4049","targetHints":{"allow":["GET"]}}],"collection":[{"href":"https:\/\/www.krakow.szarytki.pl\/index.php?rest_route=\/wp\/v2\/posts"}],"about":[{"href":"https:\/\/www.krakow.szarytki.pl\/index.php?rest_route=\/wp\/v2\/types\/post"}],"author":[{"embeddable":true,"href":"https:\/\/www.krakow.szarytki.pl\/index.php?rest_route=\/wp\/v2\/users\/5"}],"replies":[{"embeddable":true,"href":"https:\/\/www.krakow.szarytki.pl\/index.php?rest_route=%2Fwp%2Fv2%2Fcomments&post=4049"}],"version-history":[{"count":0,"href":"https:\/\/www.krakow.szarytki.pl\/index.php?rest_route=\/wp\/v2\/posts\/4049\/revisions"}],"wp:featuredmedia":[{"embeddable":true,"href":"https:\/\/www.krakow.szarytki.pl\/index.php?rest_route=\/wp\/v2\/media\/10410"}],"wp:attachment":[{"href":"https:\/\/www.krakow.szarytki.pl\/index.php?rest_route=%2Fwp%2Fv2%2Fmedia&parent=4049"}],"wp:term":[{"taxonomy":"category","embeddable":true,"href":"https:\/\/www.krakow.szarytki.pl\/index.php?rest_route=%2Fwp%2Fv2%2Fcategories&post=4049"},{"taxonomy":"post_tag","embeddable":true,"href":"https:\/\/www.krakow.szarytki.pl\/index.php?rest_route=%2Fwp%2Fv2%2Ftags&post=4049"}],"curies":[{"name":"wp","href":"https:\/\/api.w.org\/{rel}","templated":true}]}}