{"id":4040,"date":"2018-04-23T21:40:28","date_gmt":"2018-04-23T19:40:28","guid":{"rendered":"http:\/\/www.krakow.szarytki.pl\/?p=4040"},"modified":"2020-12-01T19:49:27","modified_gmt":"2020-12-01T18:49:27","slug":"gorzowskie-sluby","status":"publish","type":"post","link":"https:\/\/www.krakow.szarytki.pl\/?p=4040","title":{"rendered":"Gorzowskie \u015aluby"},"content":{"rendered":"<p align=\"justify\">Podobnie jak na ca\u0142ym \u015bwiecie, w Uroczysto\u015b\u0107 Zwiastowania Pa\u0144skiego tak\u017ce w Gorzowie Wielkopolskim <!--more-->szarytki odnowi\u0142y swoje \u015bluby. Zgromadzenie realizuje sw\u00f3j charyzmat w tym mie\u015bcie poprzez duchow\u0105 i materialn\u0105 pomoc ludziom ubogim w Centrum \u015aw. Katarzyny, w Ko\u015bciele pw. Podwy\u017cszenia Krzy\u017ca \u015awi\u0119tego, w Przedszkolu \u201eWincenty\u0144skie Dzieci\u201d oraz w katechizacji dzieci i m\u0142odzie\u017cy.<\/p>\n<p align=\"justify\">Mszy \u015bw. z odnowieniem \u015blub\u00f3w, w kt\u00f3rej uczestniczy\u0142y tak\u017ce siostry ze wsp\u00f3lnoty w Skwierzynie, przewodniczy\u0142 bp Pawe\u0142 Socha oraz ks. Dominik Orlicki, wikariusz parafii. Podczas kazania ksi\u0105dz biskup, kt\u00f3ry jako Misjonarz nale\u017cy do tej samej Rodziny Wincenty\u0144skiej, przypomnia\u0142 osoby za\u0142o\u017cycieli Zgromadzenia Si\u00f3str Mi\u0142osierdzia, kt\u00f3rzy opatrzno\u015bciowo wpisali do regu\u0142y coroczn\u0105 renowacj\u0119 \u015blub\u00f3w. W akcie tym siostry, tak jak Maryja, ponawiaj\u0105 swoje osobiste, intymne \u201efiat\u201d wobec Jezusa Chrystusa \u2013 swojego Oblubie\u0144ca.<\/p>\n<p align=\"justify\">Biskup Senior przypomnia\u0142 tajemnic\u0119 boskiej mi\u0142o\u015bci trynitarnej, w kt\u00f3r\u0105 siostry \u015bwiadomie wesz\u0142y przez \u015bluby \u015bwi\u0119te. Wspomnia\u0142 s\u0142owa \u015bw. Paw\u0142a: <em>\u201eB\u00f3g, kt\u00f3ry rozkaza\u0142 ciemno\u015bciom, by zaja\u015bnia\u0142y \u015bwiat\u0142em, zab\u0142ysn\u0105\u0142 w naszych sercach, by ol\u015bni\u0107 nas jasno\u015bci\u0105 poznania chwa\u0142y Bo\u017cej na obliczu Chrystusa\u201d (2 Kor 4,6). Czyli po prostu zostali\u015bmy jakby ol\u015bnieni tajemnic\u0105 Chrystusa i Jego Chwa\u0142\u0105, Jego Mi\u0142o\u015bci\u0105 do nas i do wszystkich, kt\u00f3rych On wybra\u0142 i ukocha\u0142.<\/em><\/p>\n<p align=\"justify\">Jego Ekscelencja przypomnia\u0142 mistyk\u0119 wincenty\u0144sk\u0105: <em>\u201eSiostry Mi\u0142osierdzia na\u015bladuj\u0105 Maryj\u0119,&#8230; kiedy odwiedzaj\u0105 chorych w domach, pomagaj\u0105 Ubogim wszystkich kategorii, tak\u017ce tym dzieciom, kt\u00f3re tutaj si\u0119 bawi\u0105, czy dzieciom, kt\u00f3re katechizuj\u0105. Wszyscy oni s\u0105 Ubodzy i potrzebuj\u0105cy Chrystusa i Jego Mi\u0142o\u015bci. I st\u0105d ka\u017cdy, do kogo posy\u0142a nas Chrystus, jest w\u0142a\u015bnie tym chorym, nagim, czy wtr\u0105conym do wi\u0119zienia, czy zniewa\u017conym, nies\u0142usznie skazanym na \u015bmier\u0107. Tajemnic\u0119 Chrystusa w Ubogich odkrywamy na drodze wiary&#8230;\u201d.<\/em><\/p>\n<p align=\"justify\">Ks. biskup \u017cyczy\u0142 siostrom wierno\u015bci pe\u0142nym rado\u015bci i zawierzenia \u015blubom zgodnie z charyzmatem Ksi\u0119dza Wincentego. Tego dnia wsp\u00f3lnota mia\u0142a r\u00f3wnie\u017c okazj\u0119, by z\u0142o\u017cy\u0107 Dostojnemu Jubilatowi najlepsze \u017cyczenia z okazji 6o-lecia Kap\u0142a\u0144stwa oraz 45-lecia sakry biskupiej, co uczyni\u0142a wy\u015bpiewuj\u0105c \u201e<em>Plurimos Annos<\/em>\u201d\u2026<\/p>\n","protected":false},"excerpt":{"rendered":"<p>Podobnie jak na ca\u0142ym \u015bwiecie, w Uroczysto\u015b\u0107 Zwiastowania Pa\u0144skiego tak\u017ce w Gorzowie Wielkopolskim<\/p>\n","protected":false},"author":5,"featured_media":4038,"comment_status":"closed","ping_status":"closed","sticky":false,"template":"","format":"standard","meta":{"footnotes":""},"categories":[19],"tags":[],"class_list":["post-4040","post","type-post","status-publish","format-standard","has-post-thumbnail","hentry","category-gorzow-wlkp"],"_links":{"self":[{"href":"https:\/\/www.krakow.szarytki.pl\/index.php?rest_route=\/wp\/v2\/posts\/4040","targetHints":{"allow":["GET"]}}],"collection":[{"href":"https:\/\/www.krakow.szarytki.pl\/index.php?rest_route=\/wp\/v2\/posts"}],"about":[{"href":"https:\/\/www.krakow.szarytki.pl\/index.php?rest_route=\/wp\/v2\/types\/post"}],"author":[{"embeddable":true,"href":"https:\/\/www.krakow.szarytki.pl\/index.php?rest_route=\/wp\/v2\/users\/5"}],"replies":[{"embeddable":true,"href":"https:\/\/www.krakow.szarytki.pl\/index.php?rest_route=%2Fwp%2Fv2%2Fcomments&post=4040"}],"version-history":[{"count":0,"href":"https:\/\/www.krakow.szarytki.pl\/index.php?rest_route=\/wp\/v2\/posts\/4040\/revisions"}],"wp:featuredmedia":[{"embeddable":true,"href":"https:\/\/www.krakow.szarytki.pl\/index.php?rest_route=\/wp\/v2\/media\/4038"}],"wp:attachment":[{"href":"https:\/\/www.krakow.szarytki.pl\/index.php?rest_route=%2Fwp%2Fv2%2Fmedia&parent=4040"}],"wp:term":[{"taxonomy":"category","embeddable":true,"href":"https:\/\/www.krakow.szarytki.pl\/index.php?rest_route=%2Fwp%2Fv2%2Fcategories&post=4040"},{"taxonomy":"post_tag","embeddable":true,"href":"https:\/\/www.krakow.szarytki.pl\/index.php?rest_route=%2Fwp%2Fv2%2Ftags&post=4040"}],"curies":[{"name":"wp","href":"https:\/\/api.w.org\/{rel}","templated":true}]}}