{"id":3823,"date":"2018-03-28T10:59:22","date_gmt":"2018-03-28T08:59:22","guid":{"rendered":"http:\/\/www.krakow.szarytki.pl\/?p=3823"},"modified":"2020-12-01T19:43:25","modified_gmt":"2020-12-01T18:43:25","slug":"matka-soborowa","status":"publish","type":"post","link":"https:\/\/www.krakow.szarytki.pl\/?p=3823","title":{"rendered":"Matka soborowa"},"content":{"rendered":"<p align=\"justify\"><span lang=\"pl-PL\"><a href=\"https:\/\/www.krakow.szarytki.pl\/wp-content\/uploads\/2018\/03\/M.-Guillemin.jpg\"><img loading=\"lazy\" decoding=\"async\" class=\"alignright wp-image-3828\" src=\"https:\/\/www.krakow.szarytki.pl\/wp-content\/uploads\/2018\/03\/M.-Guillemin.jpg\" alt=\"\" width=\"380\" height=\"556\"><\/a>Dzi\u015b mija dok\u0142adnie 50 lat od \u015bmierci Matki Zuzanny Guillemin. Uznawana jest ona powszechnie za kobiet\u0119 wyprzedzaj\u0105c\u0105<\/span><!--more--><span lang=\"pl-PL\">swoj\u0105 epok\u0119,&nbsp;<\/span><span lang=\"pl-PL\">za osob\u0119 o profetycznym, dalekosi\u0119\u017cnym spojrzeniu\u2026 Nie ba\u0142a si\u0119 rzuci\u0107 nam wyzwania, aby\u015bmy stawa\u0142y si\u0119 tym, kim jeste\u015bmy i niestrudzenie wzywa\u0142a do odnowy, a r\u00f3wnocze\u015bnie by\u0142a kobiet\u0105 bardzo zakochan\u0105 w Bogu i wiern\u0105 Ko\u015bcio\u0142owi.<\/span><\/p>\n<p><a href=\"https:\/\/www.krakow.szarytki.pl\/wp-content\/uploads\/2018\/03\/Audytorzy2.jpg\"><img loading=\"lazy\" decoding=\"async\" class=\"wp-image-3812\" src=\"https:\/\/www.krakow.szarytki.pl\/wp-content\/uploads\/2018\/03\/Audytorzy2.jpg\" alt=\"\" width=\"380\" height=\"290\"><\/a><\/p>\n<p align=\"justify\"><span lang=\"pl-PL\">Zuzann<\/span><span lang=\"pl-PL\">a Guillemin zosta\u0142a mianowana audytork\u0105 Soboru Watyka\u0144skiego II. Zaproszenie kobiet do udzia\u0142u w nim sta\u0142o si\u0119<\/span><span lang=\"pl-PL\"> prze\u0142omem obalaj\u0105cym stereotypy panuj\u0105ce w Ko\u015bciele blisko 2 tys. lat. P<\/span><span lang=\"pl-PL\">rze\u0142o\u017cona generalna szarytek, najwi\u0119kszego na \u015bwiecie zgromadzenia \u017ce\u0144skiego skupiaj\u0105cego w owym czasie ponad 45 tys. cz\u0142onki\u0144, wydawa\u0142a si\u0119 by\u0107 kandydatk\u0105 niejako <\/span>\u201e<span lang=\"pl-PL\">z urz\u0119du\u201d. Sta\u0142a si\u0119 jedn\u0105 <\/span><span lang=\"pl-PL\">z grona dwudziestu trzech kobiet przyby\u0142ych na Sob\u00f3r z czternastu kraj\u00f3w (w ich liczbie <\/span><span lang=\"pl-PL\">dziesi\u0119\u0107 kobiet konsekrowanych).<br \/>\n<\/span><\/p>\n<p align=\"justify\"><span lang=\"pl-PL\">Aggiornamento dla Matki Guillemin nie by\u0142o jedynie zewn\u0119trznym przystosowaniem, cho\u0107 to jej w\u0142a\u015bnie przypad\u0142o wdra\u017canie nowego stroju i zerwanie w 1964 r. z efektownym bia\u0142ym kornetem \u2013 utrwalonym symbolem si\u00f3str mi\u0142osierdzia. Pozosta\u0142a wierna inspiracji Soboru podkre\u015blaj\u0105cego, \u017ce <\/span><em><span lang=\"pl-PL\">\u201erado\u015b\u0107 i nadzieja, smutek i l\u0119k ludzi w naszych czasach, szczeg\u00f3lnie ubogich i wszelkich uci\u015bnionych, s\u0105 r\u00f3wnie\u017c rado\u015bci\u0105 i nadziej\u0105, smutkiem i l\u0119kiem uczni\u00f3w Chrystusa\u201d <\/span><\/em><span lang=\"pl-PL\"> (Gaudium et spes, 1). <\/span><\/p>\n<p align=\"justify\"><span lang=\"pl-PL\">Wzywa\u0142a nas do pe\u0142nego \u017cycia powo\u0142aniem w odpowiedzi na potrzeby wsp\u00f3\u0142czesnych ludzi, do przystosowania naszej pos\u0142ugi do zmieniaj\u0105cych si\u0119 potrzeb i okoliczno\u015bci. Twierdzi\u0142a, \u017ce:<\/span><\/p>\n<blockquote>\n<p align=\"justify\"><em><span lang=\"pl-PL\"> \u201e<\/span><span lang=\"pl-PL\">prawdziwe mi\u0142osierdzie w naszym stuleciu polega nie tyle na niesieniu ulgi, co na zrozumieniu i podtrzymywaniu wysi\u0142ku na rzecz wyzwolenia, kt\u00f3re dotyczy klas i grup mniejszo\u015bciowych\u201d.<\/span><\/em><\/p>\n<\/blockquote>\n<p align=\"justify\"><span lang=\"pl-PL\"> Niestrudzenie przynagla\u0142a do ofiarowania siebie samych, napominaj\u0105c, \u017ce nie ma miejsca na przeci\u0119tno\u015b\u0107. <\/span><span lang=\"pl-PL\">Pisa\u0142a do si\u00f3str:<\/span><\/p>\n<blockquote>\n<p align=\"justify\"><em><span lang=\"pl-PL\">\u201eNie s\u0142u\u017cy si\u0119 Ubogim jedynie przez oddanie jakiej\u015b us\u0142ugi, jakiej\u015b pomocy, jakiego\u015b pouczenia\u2026 Trzeba w to w\u0142o\u017cy\u0107 ca\u0142\u0105 siebie, ze wszystkim, co si\u0119 ma najlepszego w sercu, poj\u0119tym tu w swym sensie najwznio\u015blejszym, jako o\u015brodek naszego \u017cycia wewn\u0119trznego i naszej woli. Nie tylko czas i zaj\u0119cia, ale ca\u0142a nasza istota anga\u017cuje si\u0119 w s\u0142u\u017cb\u0119 Chrystusowi \u017cyj\u0105cemu w Ubogim\u201d<\/span><span lang=\"pl-PL\"> (List z 2 lutego 1968).<\/span><\/em><\/p>\n<\/blockquote>\n<table align=\"center\">\n<tbody>\n<tr>\n<td><a href=\"https:\/\/www.krakow.szarytki.pl\/wp-content\/uploads\/2018\/03\/M.Guillemin_powitanie.jpg\"><img loading=\"lazy\" decoding=\"async\" class=\"wp-image-3816\" src=\"https:\/\/www.krakow.szarytki.pl\/wp-content\/uploads\/2018\/03\/M.Guillemin_powitanie.jpg\" alt=\"\" width=\"350\" height=\"466\"><\/a><\/td>\n<td><a href=\"https:\/\/www.krakow.szarytki.pl\/wp-content\/uploads\/2018\/03\/M.-Guillemin_ogrodek.jpg\"><img loading=\"lazy\" decoding=\"async\" class=\"wp-image-3819\" src=\"https:\/\/www.krakow.szarytki.pl\/wp-content\/uploads\/2018\/03\/M.-Guillemin_ogrodek.jpg\" alt=\"\" width=\"292\" height=\"466\"><\/a><\/td>\n<\/tr>\n<\/tbody>\n<\/table>\n<p align=\"justify\"><span lang=\"pl-PL\">Cho\u0107 swoim do\u015bwiadczeniem i bogactwem ducha dzieli\u0142a si\u0119 z biskupami (konferencja po posiedzeniu Soboru), z prze\u0142o\u017conymi zgromadze\u0144 zak<\/span><span lang=\"pl-PL\">onnych (by\u0142a Radn\u0105 Mi\u0119dzynarodowej Unii Wy\u017cszych Prze\u0142o\u017conych, a w 1968 mianowana konsultorem \u015awi\u0119tej Kongregacji ds. Zakon\u00f3w), z lud\u017ami Ko\u015bcio\u0142a (od 1967 konsultor Papieskiej Komisji \u201eIustitia et Pax\u201d), to dla naszego zgromadzenia pozosta\u0142a prze\u0142o\u017con\u0105 obdarzon\u0105 zmys\u0142em praktycznym i poczuciem realizmu. Oby\u015bmy umia\u0142y podejmowa\u0107 \u201ekroki\u201d, jakie nam zaproponowa\u0142a, by:<\/span><\/p>\n<blockquote>\n<p align=\"left\"><em><strong>\u201e\u2026 <span lang=\"pl-PL\">przej\u015b\u0107:<\/span><\/strong><\/em><\/p>\n<p align=\"left\"><em><strong><span lang=\"pl-PL\">od sytuacji posiadania &#8211; do sytuacji r\u00f3wno\u015bci,<\/span><\/strong><\/em><\/p>\n<p align=\"left\"><em><strong><span lang=\"pl-PL\">od pozycji w\u0142adzy &#8211; do pozycji wsp\u00f3\u0142pracy,<\/span><\/strong><\/em><\/p>\n<p align=\"left\"><em><strong><span lang=\"pl-PL\">od kompleksu wy\u017cszo\u015bci zakonnej &#8211; do poczucia braterstwa,<\/span><\/strong><\/em><\/p>\n<p align=\"left\"><em><strong><span lang=\"pl-PL\">od kompleksu ni\u017cszo\u015bci ludzkiej &#8211; do \u015bmia\u0142ego uczestnictwa w \u017cyciu,<\/span><\/strong><\/em><\/p>\n<p align=\"left\"><em><strong><span lang=\"pl-PL\">od troski o przemian\u0119 moraln\u0105 &#8211; do troski o misj\u0119\u201d<\/span><\/strong><\/em><\/p>\n<\/blockquote>\n<p><span id=\"Ramka4\" dir=\"ltr\">&nbsp;&nbsp;&nbsp;<em> &nbsp; &nbsp; &nbsp; &nbsp; &nbsp; &nbsp; &nbsp; &nbsp; &nbsp; &nbsp; &nbsp; &nbsp; <\/em><\/span><em><span lang=\"pl-PL\">(Matka Guillemin o siostrach zakonnych do biskup\u00f3w francuskich w Rzymie, 26-10-1964)<\/span><\/em><\/p>\n","protected":false},"excerpt":{"rendered":"<p>Dzi\u015b mija dok\u0142adnie 50 lat od \u015bmierci Matki Zuzanny Guillemin. Uznawana jest ona powszechnie za kobiet\u0119 wyprzedzaj\u0105c\u0105<\/p>\n","protected":false},"author":5,"featured_media":10390,"comment_status":"closed","ping_status":"closed","sticky":false,"template":"","format":"standard","meta":{"footnotes":""},"categories":[5],"tags":[],"class_list":["post-3823","post","type-post","status-publish","format-standard","has-post-thumbnail","hentry","category-migawki-z-historii"],"_links":{"self":[{"href":"https:\/\/www.krakow.szarytki.pl\/index.php?rest_route=\/wp\/v2\/posts\/3823","targetHints":{"allow":["GET"]}}],"collection":[{"href":"https:\/\/www.krakow.szarytki.pl\/index.php?rest_route=\/wp\/v2\/posts"}],"about":[{"href":"https:\/\/www.krakow.szarytki.pl\/index.php?rest_route=\/wp\/v2\/types\/post"}],"author":[{"embeddable":true,"href":"https:\/\/www.krakow.szarytki.pl\/index.php?rest_route=\/wp\/v2\/users\/5"}],"replies":[{"embeddable":true,"href":"https:\/\/www.krakow.szarytki.pl\/index.php?rest_route=%2Fwp%2Fv2%2Fcomments&post=3823"}],"version-history":[{"count":0,"href":"https:\/\/www.krakow.szarytki.pl\/index.php?rest_route=\/wp\/v2\/posts\/3823\/revisions"}],"wp:featuredmedia":[{"embeddable":true,"href":"https:\/\/www.krakow.szarytki.pl\/index.php?rest_route=\/wp\/v2\/media\/10390"}],"wp:attachment":[{"href":"https:\/\/www.krakow.szarytki.pl\/index.php?rest_route=%2Fwp%2Fv2%2Fmedia&parent=3823"}],"wp:term":[{"taxonomy":"category","embeddable":true,"href":"https:\/\/www.krakow.szarytki.pl\/index.php?rest_route=%2Fwp%2Fv2%2Fcategories&post=3823"},{"taxonomy":"post_tag","embeddable":true,"href":"https:\/\/www.krakow.szarytki.pl\/index.php?rest_route=%2Fwp%2Fv2%2Ftags&post=3823"}],"curies":[{"name":"wp","href":"https:\/\/api.w.org\/{rel}","templated":true}]}}