{"id":3716,"date":"2018-03-21T16:09:07","date_gmt":"2018-03-21T15:09:07","guid":{"rendered":"http:\/\/www.krakow.szarytki.pl\/?p=3716"},"modified":"2020-09-11T16:12:53","modified_gmt":"2020-09-11T14:12:53","slug":"watykanski-szpital","status":"publish","type":"post","link":"https:\/\/www.krakow.szarytki.pl\/?p=3716","title":{"rendered":"Watyka\u0144ski szpital"},"content":{"rendered":"<p>Rzymski Szpital Bambino Ges\u00f9 to pierwszy szpital pediatryczny we W\u0142oszech. Powsta\u0142 w\u00a01869 r.<!--more--> i\u00a0od samego pocz\u0105tku pracowa\u0142y w nim siostry mi\u0142osierdzia. W\u00a01924 r. szpital zosta\u0142 przekazany pod zarz\u0105d Watykanu. Jest to renomowana plac\u00f3wka, kt\u00f3rej \u017cycie i\u00a0zdrowie zawdzi\u0119czaj\u0105 tysi\u0105ce dzieci r\u00f3\u017cnych narodowo\u015bci i kultur. Plac\u00f3wka specjalizuje si\u0119 przede wszystkim w onkologii i transplantologii dzieci\u0119cej.<\/p>\n<p>Obecnie nadal pos\u0142uguj\u0105 tam szarytki, z kt\u00f3rych jedn\u0105 jest s. Stanis\u0142awa pochodz\u0105ca z Ochotnicy Dolnej. Poni\u017cej umieszczamy kilka jej zdj\u0119\u0107 z ma\u0142ymi pacjentami. Za kilka miesi\u0119cy prac\u0119 w rzymskim szpitalu ma podj\u0105\u0107 druga Polka \u2013 siostra Katarzyna, kt\u00f3ra niegdy\u015b pos\u0142ugiwa\u0142a w Szpitalu Dzieci\u0119cym im. \u015bw. Ludwika w Krakowie.<\/p>\n<p><a href=\"https:\/\/www.krakow.szarytki.pl\/?p=3230\">\u015awiadectwo siostry Stanis\u0142awy o charyzmacie<\/a><\/p>\n","protected":false},"excerpt":{"rendered":"<p>Rzymski Szpital Bambino Ges\u00f9 to pierwszy szpital pediatryczny we W\u0142oszech. Powsta\u0142 w\u00a01869 r.<\/p>\n","protected":false},"author":5,"featured_media":3727,"comment_status":"closed","ping_status":"closed","sticky":false,"template":"","format":"standard","meta":{"footnotes":""},"categories":[15],"tags":[],"class_list":["post-3716","post","type-post","status-publish","format-standard","has-post-thumbnail","hentry","category-rzym"],"_links":{"self":[{"href":"https:\/\/www.krakow.szarytki.pl\/index.php?rest_route=\/wp\/v2\/posts\/3716","targetHints":{"allow":["GET"]}}],"collection":[{"href":"https:\/\/www.krakow.szarytki.pl\/index.php?rest_route=\/wp\/v2\/posts"}],"about":[{"href":"https:\/\/www.krakow.szarytki.pl\/index.php?rest_route=\/wp\/v2\/types\/post"}],"author":[{"embeddable":true,"href":"https:\/\/www.krakow.szarytki.pl\/index.php?rest_route=\/wp\/v2\/users\/5"}],"replies":[{"embeddable":true,"href":"https:\/\/www.krakow.szarytki.pl\/index.php?rest_route=%2Fwp%2Fv2%2Fcomments&post=3716"}],"version-history":[{"count":0,"href":"https:\/\/www.krakow.szarytki.pl\/index.php?rest_route=\/wp\/v2\/posts\/3716\/revisions"}],"wp:featuredmedia":[{"embeddable":true,"href":"https:\/\/www.krakow.szarytki.pl\/index.php?rest_route=\/wp\/v2\/media\/3727"}],"wp:attachment":[{"href":"https:\/\/www.krakow.szarytki.pl\/index.php?rest_route=%2Fwp%2Fv2%2Fmedia&parent=3716"}],"wp:term":[{"taxonomy":"category","embeddable":true,"href":"https:\/\/www.krakow.szarytki.pl\/index.php?rest_route=%2Fwp%2Fv2%2Fcategories&post=3716"},{"taxonomy":"post_tag","embeddable":true,"href":"https:\/\/www.krakow.szarytki.pl\/index.php?rest_route=%2Fwp%2Fv2%2Ftags&post=3716"}],"curies":[{"name":"wp","href":"https:\/\/api.w.org\/{rel}","templated":true}]}}