{"id":3656,"date":"2018-03-19T09:30:54","date_gmt":"2018-03-19T08:30:54","guid":{"rendered":"http:\/\/www.krakow.szarytki.pl\/?p=3656"},"modified":"2020-12-01T19:28:20","modified_gmt":"2020-12-01T18:28:20","slug":"szkola-animatora","status":"publish","type":"post","link":"https:\/\/www.krakow.szarytki.pl\/?p=3656","title":{"rendered":"Szko\u0142a Animatora"},"content":{"rendered":"<p>W marcu, przedstawicielki Wincenty\u0144skiej M\u0142odzie\u017cy Maryjnej spotka\u0142y si\u0119 w Krakowie, aby podj\u0105\u0107<!--more--> kolejne kroki w formacji do pos\u0142ugi dzieciom i m\u0142odym w swoich grupach. Zobaczcie jak by\u0142o \ud83d\ude42<\/p>\n<p><iframe loading=\"lazy\" title=\"Szko\u0142a Animatora\" width=\"1220\" height=\"686\" src=\"https:\/\/www.youtube.com\/embed\/WzohijTvg4g?feature=oembed\" frameborder=\"0\" allow=\"accelerometer; autoplay; clipboard-write; encrypted-media; gyroscope; picture-in-picture\" allowfullscreen><\/iframe><\/p>\n","protected":false},"excerpt":{"rendered":"<p>W marcu, przedstawicielki Wincenty\u0144skiej M\u0142odzie\u017cy Maryjnej spotka\u0142y si\u0119 w Krakowie, aby podj\u0105\u0107<\/p>\n","protected":false},"author":5,"featured_media":3695,"comment_status":"closed","ping_status":"closed","sticky":false,"template":"","format":"standard","meta":{"footnotes":""},"categories":[13,39],"tags":[],"class_list":["post-3656","post","type-post","status-publish","format-standard","has-post-thumbnail","hentry","category-powolaniowe","category-stowarzyszenie-wmm"],"_links":{"self":[{"href":"https:\/\/www.krakow.szarytki.pl\/index.php?rest_route=\/wp\/v2\/posts\/3656","targetHints":{"allow":["GET"]}}],"collection":[{"href":"https:\/\/www.krakow.szarytki.pl\/index.php?rest_route=\/wp\/v2\/posts"}],"about":[{"href":"https:\/\/www.krakow.szarytki.pl\/index.php?rest_route=\/wp\/v2\/types\/post"}],"author":[{"embeddable":true,"href":"https:\/\/www.krakow.szarytki.pl\/index.php?rest_route=\/wp\/v2\/users\/5"}],"replies":[{"embeddable":true,"href":"https:\/\/www.krakow.szarytki.pl\/index.php?rest_route=%2Fwp%2Fv2%2Fcomments&post=3656"}],"version-history":[{"count":0,"href":"https:\/\/www.krakow.szarytki.pl\/index.php?rest_route=\/wp\/v2\/posts\/3656\/revisions"}],"wp:featuredmedia":[{"embeddable":true,"href":"https:\/\/www.krakow.szarytki.pl\/index.php?rest_route=\/wp\/v2\/media\/3695"}],"wp:attachment":[{"href":"https:\/\/www.krakow.szarytki.pl\/index.php?rest_route=%2Fwp%2Fv2%2Fmedia&parent=3656"}],"wp:term":[{"taxonomy":"category","embeddable":true,"href":"https:\/\/www.krakow.szarytki.pl\/index.php?rest_route=%2Fwp%2Fv2%2Fcategories&post=3656"},{"taxonomy":"post_tag","embeddable":true,"href":"https:\/\/www.krakow.szarytki.pl\/index.php?rest_route=%2Fwp%2Fv2%2Ftags&post=3656"}],"curies":[{"name":"wp","href":"https:\/\/api.w.org\/{rel}","templated":true}]}}