{"id":3392,"date":"2018-01-19T10:12:49","date_gmt":"2018-01-19T09:12:49","guid":{"rendered":"http:\/\/www.krakow.szarytki.pl\/?p=3392"},"modified":"2020-12-01T19:20:42","modified_gmt":"2020-12-01T18:20:42","slug":"3392","status":"publish","type":"post","link":"https:\/\/www.krakow.szarytki.pl\/?p=3392","title":{"rendered":"By\u0142em w wi\u0119zieniu&#8230;"},"content":{"rendered":"<p><strong>Kol\u0119dowanie w Areszcie \u015aledczym na Montelupich w Krakowie<\/strong><\/p>\n<p><strong>&nbsp;<\/strong><\/p>\n<p>Dnia 13 stycznia 2018 roku wraz z grup\u0105 naszych Si\u00f3str<!--more-->  oraz Wolontariuszy wzi\u0119\u0142y\u015bmy udzia\u0142 w kol\u0119dzie dla wi\u0119\u017ani\u00f3w w krakowskim Areszcie \u015aledczym przy ul. Montelupich. Ca\u0142ej akcji przewodniczy\u0142 Ksi\u0105dz CM Antoni Stachura. Po przej\u015bciu kontroli wi\u0119ziennej mogli\u015bmy rozpocz\u0105\u0107 kol\u0119dowanie\u2026<\/p>\n<p>Pierwsze kroki skierowali\u015bmy w stron\u0119 Kaplicy, w kt\u00f3rej Ksi\u0105dz Kapelan poprowadzi\u0142 modlitw\u0119 z relikwiami \u015bw. Jana Paw\u0142a II. Przez kilka godzin nasza grupa, z kol\u0119d\u0105 na ustach, przechodzi\u0142a z celi do celi nios\u0105c Dobr\u0105 Nowin\u0119. Ka\u017cdy z osadzonych, je\u017celi tylko wyrazi\u0142 tak\u0105 wol\u0119, m\u00f3g\u0142 uca\u0142owa\u0107 relikwie, a tak\u017ce otrzyma\u0107 B\u0142ogos\u0142awie\u0144stwo\u2026<\/p>\n<p>By\u0142o to nasze pierwsze zderzenie z wi\u0119zieniem. Ten czas zostawia w nas wielkie przemy\u015blenia, a w pami\u0119ci i modlitwie pozostaj\u0105 wszyscy tam spotkani.<\/p>\n<p><em>Siostra Seminarzystka Renata \u0106wik<\/em><\/p>\n<p><em>&nbsp;<\/em><\/p>\n<p><em>Link do tego wydarzenia <\/em><\/p>\n<p><a href=\"http:\/\/krakow.naszemiasto.pl\/artykul\/krakow-spotkanie-mikolajkowe-w-areszcie-sledczym-przy-ul,4375627,artgal,t,id,tm.html\"><em>http:\/\/krakow.naszemiasto.pl\/artykul\/krakow-spotkanie-mikolajkowe-w-areszcie-sledczym-przy-ul,4375627,artgal,t,id,tm.html<\/em><\/a><\/p>\n<p>&nbsp;<\/p>\n<p>[foogallery id=&#8221;3393&#8243;]<\/p>\n","protected":false},"excerpt":{"rendered":"<p>Kol\u0119dowanie w Areszcie \u015aledczym na Montelupich w Krakowie &nbsp; Dnia 13 stycznia 2018 roku wraz z grup\u0105 naszych Si\u00f3str<\/p>\n","protected":false},"author":5,"featured_media":3398,"comment_status":"closed","ping_status":"closed","sticky":false,"template":"","format":"standard","meta":{"footnotes":""},"categories":[7],"tags":[],"class_list":["post-3392","post","type-post","status-publish","format-standard","has-post-thumbnail","hentry","category-seminarium"],"_links":{"self":[{"href":"https:\/\/www.krakow.szarytki.pl\/index.php?rest_route=\/wp\/v2\/posts\/3392","targetHints":{"allow":["GET"]}}],"collection":[{"href":"https:\/\/www.krakow.szarytki.pl\/index.php?rest_route=\/wp\/v2\/posts"}],"about":[{"href":"https:\/\/www.krakow.szarytki.pl\/index.php?rest_route=\/wp\/v2\/types\/post"}],"author":[{"embeddable":true,"href":"https:\/\/www.krakow.szarytki.pl\/index.php?rest_route=\/wp\/v2\/users\/5"}],"replies":[{"embeddable":true,"href":"https:\/\/www.krakow.szarytki.pl\/index.php?rest_route=%2Fwp%2Fv2%2Fcomments&post=3392"}],"version-history":[{"count":0,"href":"https:\/\/www.krakow.szarytki.pl\/index.php?rest_route=\/wp\/v2\/posts\/3392\/revisions"}],"wp:featuredmedia":[{"embeddable":true,"href":"https:\/\/www.krakow.szarytki.pl\/index.php?rest_route=\/wp\/v2\/media\/3398"}],"wp:attachment":[{"href":"https:\/\/www.krakow.szarytki.pl\/index.php?rest_route=%2Fwp%2Fv2%2Fmedia&parent=3392"}],"wp:term":[{"taxonomy":"category","embeddable":true,"href":"https:\/\/www.krakow.szarytki.pl\/index.php?rest_route=%2Fwp%2Fv2%2Fcategories&post=3392"},{"taxonomy":"post_tag","embeddable":true,"href":"https:\/\/www.krakow.szarytki.pl\/index.php?rest_route=%2Fwp%2Fv2%2Ftags&post=3392"}],"curies":[{"name":"wp","href":"https:\/\/api.w.org\/{rel}","templated":true}]}}