{"id":14378,"date":"2023-11-04T22:17:51","date_gmt":"2023-11-04T21:17:51","guid":{"rendered":"https:\/\/www.krakow.szarytki.pl\/?p=14378"},"modified":"2023-11-17T22:20:47","modified_gmt":"2023-11-17T21:20:47","slug":"sesja-formacyjna","status":"publish","type":"post","link":"https:\/\/www.krakow.szarytki.pl\/?p=14378","title":{"rendered":"Sesja formacyjna"},"content":{"rendered":"\n<p><\/p>\n\n\n\n<p><\/p>\n\n\n\n<p><\/p>\n","protected":false},"excerpt":{"rendered":"<p>Sesja formacyjna pod has\u0142em: \u201eWierz\u0119 w Ko\u015bci\u00f3\u0142 Chrystusowy\u201d&#8230;<\/p>\n","protected":false},"author":5,"featured_media":14373,"comment_status":"closed","ping_status":"closed","sticky":false,"template":"","format":"standard","meta":{"footnotes":""},"categories":[16,44,9],"tags":[],"class_list":["post-14378","post","type-post","status-publish","format-standard","has-post-thumbnail","hentry","category-krakow","category-formacja","category-wydarzenia"],"_links":{"self":[{"href":"https:\/\/www.krakow.szarytki.pl\/index.php?rest_route=\/wp\/v2\/posts\/14378","targetHints":{"allow":["GET"]}}],"collection":[{"href":"https:\/\/www.krakow.szarytki.pl\/index.php?rest_route=\/wp\/v2\/posts"}],"about":[{"href":"https:\/\/www.krakow.szarytki.pl\/index.php?rest_route=\/wp\/v2\/types\/post"}],"author":[{"embeddable":true,"href":"https:\/\/www.krakow.szarytki.pl\/index.php?rest_route=\/wp\/v2\/users\/5"}],"replies":[{"embeddable":true,"href":"https:\/\/www.krakow.szarytki.pl\/index.php?rest_route=%2Fwp%2Fv2%2Fcomments&post=14378"}],"version-history":[{"count":1,"href":"https:\/\/www.krakow.szarytki.pl\/index.php?rest_route=\/wp\/v2\/posts\/14378\/revisions"}],"predecessor-version":[{"id":14379,"href":"https:\/\/www.krakow.szarytki.pl\/index.php?rest_route=\/wp\/v2\/posts\/14378\/revisions\/14379"}],"wp:featuredmedia":[{"embeddable":true,"href":"https:\/\/www.krakow.szarytki.pl\/index.php?rest_route=\/wp\/v2\/media\/14373"}],"wp:attachment":[{"href":"https:\/\/www.krakow.szarytki.pl\/index.php?rest_route=%2Fwp%2Fv2%2Fmedia&parent=14378"}],"wp:term":[{"taxonomy":"category","embeddable":true,"href":"https:\/\/www.krakow.szarytki.pl\/index.php?rest_route=%2Fwp%2Fv2%2Fcategories&post=14378"},{"taxonomy":"post_tag","embeddable":true,"href":"https:\/\/www.krakow.szarytki.pl\/index.php?rest_route=%2Fwp%2Fv2%2Ftags&post=14378"}],"curies":[{"name":"wp","href":"https:\/\/api.w.org\/{rel}","templated":true}]}}