{"id":14232,"date":"2023-10-09T20:22:05","date_gmt":"2023-10-09T18:22:05","guid":{"rendered":"https:\/\/www.krakow.szarytki.pl\/?p=14232"},"modified":"2023-10-19T20:46:49","modified_gmt":"2023-10-19T18:46:49","slug":"pielgrzymka-siostr-okregu-lwowskiego-do-sniatyna","status":"publish","type":"post","link":"https:\/\/www.krakow.szarytki.pl\/?p=14232","title":{"rendered":"Pielgrzymka do \u015aniatyna"},"content":{"rendered":"\n<p><\/p>\n\n\n\n<p><\/p>\n\n\n\n<p><\/p>\n","protected":false},"excerpt":{"rendered":"<p>Siostry okr\u0119gu lwowskiego wybra\u0142y si\u0119 na pielgrzymk\u0119 do miejsca, gdzie \u017cy\u0142a i s\u0142u\u017cy\u0142a oraz odda\u0142a swoje \u017cycie z mi\u0142o\u015bci do bli\u017aniego b\u0142. s. Marta Wiecka&#8230;<\/p>\n","protected":false},"author":5,"featured_media":14233,"comment_status":"closed","ping_status":"closed","sticky":false,"template":"","format":"standard","meta":{"footnotes":""},"categories":[30,27,9],"tags":[],"class_list":["post-14232","post","type-post","status-publish","format-standard","has-post-thumbnail","hentry","category-sniatyn-centrum-bl-m-wieckiej","category-swiadectwa","category-wydarzenia"],"_links":{"self":[{"href":"https:\/\/www.krakow.szarytki.pl\/index.php?rest_route=\/wp\/v2\/posts\/14232","targetHints":{"allow":["GET"]}}],"collection":[{"href":"https:\/\/www.krakow.szarytki.pl\/index.php?rest_route=\/wp\/v2\/posts"}],"about":[{"href":"https:\/\/www.krakow.szarytki.pl\/index.php?rest_route=\/wp\/v2\/types\/post"}],"author":[{"embeddable":true,"href":"https:\/\/www.krakow.szarytki.pl\/index.php?rest_route=\/wp\/v2\/users\/5"}],"replies":[{"embeddable":true,"href":"https:\/\/www.krakow.szarytki.pl\/index.php?rest_route=%2Fwp%2Fv2%2Fcomments&post=14232"}],"version-history":[{"count":2,"href":"https:\/\/www.krakow.szarytki.pl\/index.php?rest_route=\/wp\/v2\/posts\/14232\/revisions"}],"predecessor-version":[{"id":14281,"href":"https:\/\/www.krakow.szarytki.pl\/index.php?rest_route=\/wp\/v2\/posts\/14232\/revisions\/14281"}],"wp:featuredmedia":[{"embeddable":true,"href":"https:\/\/www.krakow.szarytki.pl\/index.php?rest_route=\/wp\/v2\/media\/14233"}],"wp:attachment":[{"href":"https:\/\/www.krakow.szarytki.pl\/index.php?rest_route=%2Fwp%2Fv2%2Fmedia&parent=14232"}],"wp:term":[{"taxonomy":"category","embeddable":true,"href":"https:\/\/www.krakow.szarytki.pl\/index.php?rest_route=%2Fwp%2Fv2%2Fcategories&post=14232"},{"taxonomy":"post_tag","embeddable":true,"href":"https:\/\/www.krakow.szarytki.pl\/index.php?rest_route=%2Fwp%2Fv2%2Ftags&post=14232"}],"curies":[{"name":"wp","href":"https:\/\/api.w.org\/{rel}","templated":true}]}}