{"id":14079,"date":"2023-09-02T15:53:00","date_gmt":"2023-09-02T13:53:00","guid":{"rendered":"https:\/\/www.krakow.szarytki.pl\/?p=14079"},"modified":"2023-10-19T20:49:57","modified_gmt":"2023-10-19T18:49:57","slug":"kosciol-to-nie-tylko-dom","status":"publish","type":"post","link":"https:\/\/www.krakow.szarytki.pl\/?p=14079","title":{"rendered":"Ko\u015bci\u00f3\u0142 to nie tylko dom"},"content":{"rendered":"\n<p><\/p>\n\n\n\n<p><\/p>\n\n\n\n<p><\/p>\n","protected":false},"excerpt":{"rendered":"<p>W \u017cyciu ka\u017cdej rodziny i ka\u017cdego cz\u0142owieka wa\u017cny jest dom. Dzi\u015b uwielbiamy Boga za nasz Ba\u0142cki Bo\u017cy Dom \u2013 Ko\u015bci\u00f3\u0142 pw. \u015aw. Stanis\u0142awa Biskupa M\u0119czennika&#8230;<\/p>\n","protected":false},"author":5,"featured_media":14108,"comment_status":"closed","ping_status":"closed","sticky":false,"template":"","format":"standard","meta":{"footnotes":""},"categories":[17,9],"tags":[],"class_list":["post-14079","post","type-post","status-publish","format-standard","has-post-thumbnail","hentry","category-balta","category-wydarzenia"],"_links":{"self":[{"href":"https:\/\/www.krakow.szarytki.pl\/index.php?rest_route=\/wp\/v2\/posts\/14079","targetHints":{"allow":["GET"]}}],"collection":[{"href":"https:\/\/www.krakow.szarytki.pl\/index.php?rest_route=\/wp\/v2\/posts"}],"about":[{"href":"https:\/\/www.krakow.szarytki.pl\/index.php?rest_route=\/wp\/v2\/types\/post"}],"author":[{"embeddable":true,"href":"https:\/\/www.krakow.szarytki.pl\/index.php?rest_route=\/wp\/v2\/users\/5"}],"replies":[{"embeddable":true,"href":"https:\/\/www.krakow.szarytki.pl\/index.php?rest_route=%2Fwp%2Fv2%2Fcomments&post=14079"}],"version-history":[{"count":3,"href":"https:\/\/www.krakow.szarytki.pl\/index.php?rest_route=\/wp\/v2\/posts\/14079\/revisions"}],"predecessor-version":[{"id":14286,"href":"https:\/\/www.krakow.szarytki.pl\/index.php?rest_route=\/wp\/v2\/posts\/14079\/revisions\/14286"}],"wp:featuredmedia":[{"embeddable":true,"href":"https:\/\/www.krakow.szarytki.pl\/index.php?rest_route=\/wp\/v2\/media\/14108"}],"wp:attachment":[{"href":"https:\/\/www.krakow.szarytki.pl\/index.php?rest_route=%2Fwp%2Fv2%2Fmedia&parent=14079"}],"wp:term":[{"taxonomy":"category","embeddable":true,"href":"https:\/\/www.krakow.szarytki.pl\/index.php?rest_route=%2Fwp%2Fv2%2Fcategories&post=14079"},{"taxonomy":"post_tag","embeddable":true,"href":"https:\/\/www.krakow.szarytki.pl\/index.php?rest_route=%2Fwp%2Fv2%2Ftags&post=14079"}],"curies":[{"name":"wp","href":"https:\/\/api.w.org\/{rel}","templated":true}]}}