{"id":14051,"date":"2023-09-10T13:39:35","date_gmt":"2023-09-10T11:39:35","guid":{"rendered":"https:\/\/www.krakow.szarytki.pl\/?p=14051"},"modified":"2023-09-17T14:31:40","modified_gmt":"2023-09-17T12:31:40","slug":"nie-ma-wiekszej-milosci","status":"publish","type":"post","link":"https:\/\/www.krakow.szarytki.pl\/?p=14051","title":{"rendered":"\u201e&#8230;nie ma wi\u0119kszej MI\u0141O\u015aCI&#8230;\u201d"},"content":{"rendered":"\n<p><\/p>\n\n\n\n<p><\/p>\n\n\n\n<p><\/p>\n","protected":false},"excerpt":{"rendered":"<p>10 wrze\u015bnia 2023 r. w Markowej mia\u0142o miejsce niecodzienne wydarzenie: beatyfikacja ca\u0142ej rodziny Ulm\u00f3w, w kt\u00f3rym wzi\u0119\u0142o udzia\u0142 ok. 40 Si\u00f3str Mi\u0142osierdzia&#8230;<\/p>\n","protected":false},"author":5,"featured_media":14057,"comment_status":"closed","ping_status":"closed","sticky":false,"template":"","format":"standard","meta":{"footnotes":""},"categories":[27,9],"tags":[],"class_list":["post-14051","post","type-post","status-publish","format-standard","has-post-thumbnail","hentry","category-swiadectwa","category-wydarzenia"],"_links":{"self":[{"href":"https:\/\/www.krakow.szarytki.pl\/index.php?rest_route=\/wp\/v2\/posts\/14051","targetHints":{"allow":["GET"]}}],"collection":[{"href":"https:\/\/www.krakow.szarytki.pl\/index.php?rest_route=\/wp\/v2\/posts"}],"about":[{"href":"https:\/\/www.krakow.szarytki.pl\/index.php?rest_route=\/wp\/v2\/types\/post"}],"author":[{"embeddable":true,"href":"https:\/\/www.krakow.szarytki.pl\/index.php?rest_route=\/wp\/v2\/users\/5"}],"replies":[{"embeddable":true,"href":"https:\/\/www.krakow.szarytki.pl\/index.php?rest_route=%2Fwp%2Fv2%2Fcomments&post=14051"}],"version-history":[{"count":8,"href":"https:\/\/www.krakow.szarytki.pl\/index.php?rest_route=\/wp\/v2\/posts\/14051\/revisions"}],"predecessor-version":[{"id":14075,"href":"https:\/\/www.krakow.szarytki.pl\/index.php?rest_route=\/wp\/v2\/posts\/14051\/revisions\/14075"}],"wp:featuredmedia":[{"embeddable":true,"href":"https:\/\/www.krakow.szarytki.pl\/index.php?rest_route=\/wp\/v2\/media\/14057"}],"wp:attachment":[{"href":"https:\/\/www.krakow.szarytki.pl\/index.php?rest_route=%2Fwp%2Fv2%2Fmedia&parent=14051"}],"wp:term":[{"taxonomy":"category","embeddable":true,"href":"https:\/\/www.krakow.szarytki.pl\/index.php?rest_route=%2Fwp%2Fv2%2Fcategories&post=14051"},{"taxonomy":"post_tag","embeddable":true,"href":"https:\/\/www.krakow.szarytki.pl\/index.php?rest_route=%2Fwp%2Fv2%2Ftags&post=14051"}],"curies":[{"name":"wp","href":"https:\/\/api.w.org\/{rel}","templated":true}]}}