{"id":13887,"date":"2023-08-26T17:08:57","date_gmt":"2023-08-26T15:08:57","guid":{"rendered":"https:\/\/www.krakow.szarytki.pl\/?p=13887"},"modified":"2023-08-28T22:05:44","modified_gmt":"2023-08-28T22:05:44","slug":"sluby-swiete","status":"publish","type":"post","link":"https:\/\/www.krakow.szarytki.pl\/?p=13887","title":{"rendered":"\u015aluby \u015awi\u0119te"},"content":{"rendered":"","protected":false},"excerpt":{"rendered":"<p>Dzie\u0144 26 sierpnia 2023 r. wpisa\u0142<br \/>\nsi\u0119 mocno w \u017cycie i histori\u0119 naszej Prowincji, poniewa\u017c w ten dzie\u0144 dwie Siostry: Renata i Martyna<br \/>\nodda\u0142y si\u0119 ca\u0142kowicie Bogu poprzez \u015aluby \u015awi\u0119te&#8230;<\/p>\n","protected":false},"author":5,"featured_media":13921,"comment_status":"closed","ping_status":"closed","sticky":false,"template":"","format":"standard","meta":{"footnotes":""},"categories":[16,60],"tags":[],"class_list":["post-13887","post","type-post","status-publish","format-standard","has-post-thumbnail","hentry","category-krakow","category-infirmeria"],"_links":{"self":[{"href":"https:\/\/www.krakow.szarytki.pl\/index.php?rest_route=\/wp\/v2\/posts\/13887","targetHints":{"allow":["GET"]}}],"collection":[{"href":"https:\/\/www.krakow.szarytki.pl\/index.php?rest_route=\/wp\/v2\/posts"}],"about":[{"href":"https:\/\/www.krakow.szarytki.pl\/index.php?rest_route=\/wp\/v2\/types\/post"}],"author":[{"embeddable":true,"href":"https:\/\/www.krakow.szarytki.pl\/index.php?rest_route=\/wp\/v2\/users\/5"}],"replies":[{"embeddable":true,"href":"https:\/\/www.krakow.szarytki.pl\/index.php?rest_route=%2Fwp%2Fv2%2Fcomments&post=13887"}],"version-history":[{"count":2,"href":"https:\/\/www.krakow.szarytki.pl\/index.php?rest_route=\/wp\/v2\/posts\/13887\/revisions"}],"predecessor-version":[{"id":13920,"href":"https:\/\/www.krakow.szarytki.pl\/index.php?rest_route=\/wp\/v2\/posts\/13887\/revisions\/13920"}],"wp:featuredmedia":[{"embeddable":true,"href":"https:\/\/www.krakow.szarytki.pl\/index.php?rest_route=\/wp\/v2\/media\/13921"}],"wp:attachment":[{"href":"https:\/\/www.krakow.szarytki.pl\/index.php?rest_route=%2Fwp%2Fv2%2Fmedia&parent=13887"}],"wp:term":[{"taxonomy":"category","embeddable":true,"href":"https:\/\/www.krakow.szarytki.pl\/index.php?rest_route=%2Fwp%2Fv2%2Fcategories&post=13887"},{"taxonomy":"post_tag","embeddable":true,"href":"https:\/\/www.krakow.szarytki.pl\/index.php?rest_route=%2Fwp%2Fv2%2Ftags&post=13887"}],"curies":[{"name":"wp","href":"https:\/\/api.w.org\/{rel}","templated":true}]}}