{"id":13656,"date":"2023-07-18T21:39:38","date_gmt":"2023-07-18T19:39:38","guid":{"rendered":"https:\/\/www.krakow.szarytki.pl\/?p=13656"},"modified":"2023-07-18T22:03:17","modified_gmt":"2023-07-18T20:03:17","slug":"czuwanie-z-maryja-3","status":"publish","type":"post","link":"https:\/\/www.krakow.szarytki.pl\/?p=13656","title":{"rendered":"Czuwanie z Maryj\u0105"},"content":{"rendered":"","protected":false},"excerpt":{"rendered":"<p>W domu prowincjalnym 15 lipca mia\u0142o miejsce czuwanie w 193. rocznic\u0119 objawie\u0144 Matki Bo\u017cej Katarzynie Labour\u00e9&#8230;<\/p>\n","protected":false},"author":5,"featured_media":13676,"comment_status":"closed","ping_status":"closed","sticky":false,"template":"","format":"standard","meta":{"footnotes":""},"categories":[16,9],"tags":[],"class_list":["post-13656","post","type-post","status-publish","format-standard","has-post-thumbnail","hentry","category-krakow","category-wydarzenia"],"_links":{"self":[{"href":"https:\/\/www.krakow.szarytki.pl\/index.php?rest_route=\/wp\/v2\/posts\/13656","targetHints":{"allow":["GET"]}}],"collection":[{"href":"https:\/\/www.krakow.szarytki.pl\/index.php?rest_route=\/wp\/v2\/posts"}],"about":[{"href":"https:\/\/www.krakow.szarytki.pl\/index.php?rest_route=\/wp\/v2\/types\/post"}],"author":[{"embeddable":true,"href":"https:\/\/www.krakow.szarytki.pl\/index.php?rest_route=\/wp\/v2\/users\/5"}],"replies":[{"embeddable":true,"href":"https:\/\/www.krakow.szarytki.pl\/index.php?rest_route=%2Fwp%2Fv2%2Fcomments&post=13656"}],"version-history":[{"count":0,"href":"https:\/\/www.krakow.szarytki.pl\/index.php?rest_route=\/wp\/v2\/posts\/13656\/revisions"}],"wp:featuredmedia":[{"embeddable":true,"href":"https:\/\/www.krakow.szarytki.pl\/index.php?rest_route=\/wp\/v2\/media\/13676"}],"wp:attachment":[{"href":"https:\/\/www.krakow.szarytki.pl\/index.php?rest_route=%2Fwp%2Fv2%2Fmedia&parent=13656"}],"wp:term":[{"taxonomy":"category","embeddable":true,"href":"https:\/\/www.krakow.szarytki.pl\/index.php?rest_route=%2Fwp%2Fv2%2Fcategories&post=13656"},{"taxonomy":"post_tag","embeddable":true,"href":"https:\/\/www.krakow.szarytki.pl\/index.php?rest_route=%2Fwp%2Fv2%2Ftags&post=13656"}],"curies":[{"name":"wp","href":"https:\/\/api.w.org\/{rel}","templated":true}]}}